{"id":134163,"date":"2025-09-23T15:38:12","date_gmt":"2025-09-23T15:38:12","guid":{"rendered":"https:\/\/www.europesays.com\/es\/134163\/"},"modified":"2025-09-23T15:38:12","modified_gmt":"2025-09-23T15:38:12","slug":"la-comunidad-de-madrid-acogera-en-las-ventas-un-curso-de-formacion-en-periodismo-taurino","status":"publish","type":"post","link":"https:\/\/www.europesays.com\/es\/134163\/","title":{"rendered":"La Comunidad de Madrid acoger\u00e1 en Las Ventas un curso de formaci\u00f3n en periodismo taurino"},"content":{"rendered":"<p data-gtm-element-container=\"modulo-texto-link\" class=\"paragraph\">MADRID, 23 (SERVIMEDIA)<\/p>\n<p data-gtm-element-container=\"modulo-texto-link\" class=\"paragraph\">La Comunidad de Madrid acoger\u00e1 en la Plaza de Las Ventas el VI Curso de Formaci\u00f3n en Tauromaquia y Comunicaci\u00f3n, una rama del periodismo especializada en el mundo taurino, por el que ya pasaron m\u00e1s de 250 alumnos en las pasadas ediciones.<\/p>\n<p data-gtm-element-container=\"modulo-texto-link\" class=\"paragraph\">Seg\u00fan inform\u00f3 este martes el Gobierno regional, el aprendizaje constar\u00e1 de 300 horas te\u00f3ricas y pr\u00e1cticas, impartidas por profesionales cualificados, durante cinco meses, abarcando del pr\u00f3ximo 17 de octubre al 7 de marzo del pr\u00f3ximo a\u00f1o.<\/p>\n<p data-gtm-element-container=\"modulo-texto-link\" class=\"paragraph\">Adem\u00e1s, gracias a su modalidad online, los participantes podr\u00e1n seguir las clases desde cualquier parte del mundo. Seg\u00fan indic\u00f3 el Ejecutivo auton\u00f3mico, muchos de los estudiantes que ya recibieron esta misma formaci\u00f3n encontraron trabajo en los principales medios de comunicaci\u00f3n del mundo de la tauromaquia.<\/p>\n<p data-gtm-element-container=\"modulo-texto-link\" class=\"paragraph\">Esta nueva edici\u00f3n, que se presentar\u00e1 el pr\u00f3ximo 9 de octubre en la Sala Bienvenida del coso vente\u00f1o, continuar\u00e1 con la beca &#8216;Elia Rodr\u00edguez&#8217;, que homenajea y recuerda a esta periodista que form\u00f3 parte del profesorado, fallecida en 2021.<\/p>\n<p data-gtm-element-container=\"modulo-texto-link\" class=\"paragraph\">Entre las actividades m\u00e1s destacadas del curso, habr\u00e1 visitas a las ganader\u00edas m\u00e1s representativas del campo bravo, tentaderos, ruta por Las Ventas y la Real Maestranza de Caballer\u00eda de Sevilla. Adem\u00e1s, asistir\u00e1n a charlas con diestros y festejos y conocer\u00e1n la sastrer\u00eda de toreros.<\/p>\n<p data-gtm-element-container=\"modulo-texto-link\" class=\"paragraph\">Tambi\u00e9n realizar\u00e1n talleres de fotograf\u00eda, pr\u00e1cticas en estudios de radio y televisi\u00f3n, visitar\u00e1n una unidad m\u00f3vil de televisi\u00f3n y disfrutar\u00e1n de salidas a localidades de gran arraigo taurino. Los interesados pueden inscribirse en la web &#8216;www.cursoperiodismotaurino.com&#8217;.<\/p>\n<p data-gtm-element-container=\"modulo-texto-link\" class=\"paragraph\">(SERVIMEDIA)23-SEP-2025 12:20 (GMT +2)GOC\/gja<\/p>\n<p data-gtm-element-container=\"modulo-texto-link\" class=\"paragraph\">\u00a9 SERVIMEDIA. Esta informaci\u00f3n es propiedad de Servimedia. S\u00f3lo puede ser difundida por los clientes de esta agencia de noticias citando a Servimedia como autor o fuente. Todos los derechos reservados. Queda prohibida la distribuci\u00f3n y la comunicaci\u00f3n p\u00fablica por terceros mediante cualquier v\u00eda o soporte.<\/p>\n","protected":false},"excerpt":{"rendered":"MADRID, 23 (SERVIMEDIA) La Comunidad de Madrid acoger\u00e1 en la Plaza de Las Ventas el VI Curso de&hellip;\n","protected":false},"author":2,"featured_media":134164,"comment_status":"","ping_status":"","sticky":false,"template":"","format":"standard","meta":{"footnotes":""},"categories":[277],"tags":[373,168,25,24,23,167,374],"class_list":{"0":"post-134163","1":"post","2":"type-post","3":"status-publish","4":"format-standard","5":"has-post-thumbnail","7":"category-toreo","8":"tag-bullfighting","9":"tag-deportes","10":"tag-es","11":"tag-espana","12":"tag-spain","13":"tag-sports","14":"tag-toreo"},"share_on_mastodon":{"url":"","error":""},"_links":{"self":[{"href":"https:\/\/www.europesays.com\/es\/wp-json\/wp\/v2\/posts\/134163","targetHints":{"allow":["GET"]}}],"collection":[{"href":"https:\/\/www.europesays.com\/es\/wp-json\/wp\/v2\/posts"}],"about":[{"href":"https:\/\/www.europesays.com\/es\/wp-json\/wp\/v2\/types\/post"}],"author":[{"embeddable":true,"href":"https:\/\/www.europesays.com\/es\/wp-json\/wp\/v2\/users\/2"}],"replies":[{"embeddable":true,"href":"https:\/\/www.europesays.com\/es\/wp-json\/wp\/v2\/comments?post=134163"}],"version-history":[{"count":0,"href":"https:\/\/www.europesays.com\/es\/wp-json\/wp\/v2\/posts\/134163\/revisions"}],"wp:featuredmedia":[{"embeddable":true,"href":"https:\/\/www.europesays.com\/es\/wp-json\/wp\/v2\/media\/134164"}],"wp:attachment":[{"href":"https:\/\/www.europesays.com\/es\/wp-json\/wp\/v2\/media?parent=134163"}],"wp:term":[{"taxonomy":"category","embeddable":true,"href":"https:\/\/www.europesays.com\/es\/wp-json\/wp\/v2\/categories?post=134163"},{"taxonomy":"post_tag","embeddable":true,"href":"https:\/\/www.europesays.com\/es\/wp-json\/wp\/v2\/tags?post=134163"}],"curies":[{"name":"wp","href":"https:\/\/api.w.org\/{rel}","templated":true}]}}