{"id":134171,"date":"2025-09-23T15:44:07","date_gmt":"2025-09-23T15:44:07","guid":{"rendered":"https:\/\/www.europesays.com\/es\/134171\/"},"modified":"2025-09-23T15:44:07","modified_gmt":"2025-09-23T15:44:07","slug":"el-objetivo-es-llenar-el-movistar-arena","status":"publish","type":"post","link":"https:\/\/www.europesays.com\/es\/134171\/","title":{"rendered":"\u201cEl objetivo es llenar el Movistar Arena\u201d"},"content":{"rendered":"<p class=\"\">Quinta oportunidad para salir del infierno. El <b>Movistar Estudiantes<\/b> se present\u00f3 este martes en el <b>Espacio Telef\u00f3nica<\/b> con el objetivo recurrente de las cuatro temporadas previas: ascender a la <b>Liga Endesa<\/b>. Volver al lugar que, por historia, le corresponde. <\/p>\n<p class=\"\">\u201cEl mensaje es claro: no rendirse. No bajar los brazos. Te lo inculcan en este club nada m\u00e1s llegar. Seguir trabajando, tener resiliencia para alcanzar el objetivo, para mejorar y crecer\u201d, asegur\u00f3 el capit\u00e1n <b>Jayson Granger<\/b>. <\/p>\n<p class=\"\">El base uruguayo repite en el <b>Estu<\/b>. Tambi\u00e9n <b>Patricio Garino<\/b>. Y ya. <b>Lucas Giovannetti<\/b> regresa de su cesi\u00f3n en <b>Palma<\/b> y <b>Hugo L\u00f3pez<\/b> afronta la recta final de su recuperaci\u00f3n de la rotura en el ligamento cruzado anterior que sufri\u00f3 el a\u00f1o pasado. <\/p>\n<p class=\"\">El resto, hasta ocho jugadores, son nuevos en el club: Goran Filipovic, Omar Silverio, Sasu Salin, Tanner McGrew, Juampi Vaulet, Lotanna Nwogbo, Amida Brimah y Asier Gonz\u00e1lez.<\/p>\n<p class=\"\">\u201cEstamos adapt\u00e1ndonos a un equipo nuevo. Tenemos esa energ\u00eda positiva que nos dar\u00e1 el primer impulso esta temporada\u201d, coment\u00f3 <b>Toni Ten<\/b>. El entrenador se estrena en el banquillo colegial con varios objetivos. El primero, muy claro: \u201cLlenar el <b>Movistar Arena<\/b> porque eso indicar\u00e1 que estamos haciendo muchas cosas bien\u201d.<\/p>\n<p class=\"\">El segundo, ser parte de la casa. Y el tercero, ligado al anterior, apoyar la cantera. \u201cDebes conocer el club y ser uno m\u00e1s. Los canteranos han sido uno m\u00e1s durante la pretemporada y no solo nos han ayudado, sino que han sido parte del primer equipo\u201d, dijo. <\/p>\n<p class=\"\">El castellonense y sus pupilos comenzar\u00e1n las hostilidades de la <b>Primera FEB<\/b> este mismo viernes 26 en <b>Asturias<\/b> ante el <b>Alimerka Oviedo<\/b> (20:45 horas, <b>Movistar+ Deportes 2<\/b>). <\/p>\n<p><b>Women in Black<\/b><\/p>\n<p class=\"\">Y de los chicos a las chicas. Las <b>Women in Black<\/b> afrontan su sexta temporada consecutiva en la <b>Liga Femenina Endesa<\/b> y la quinta en competici\u00f3n europea con la <b>Eurocup<\/b>. La misi\u00f3n, continuar creciendo, dar un paso m\u00e1s adelante tras unos a\u00f1os incre\u00edbles con pleno de clasificaciones tanto para la <b>Copa de la Reina<\/b> como para el playoff por el t\u00edtulo.<\/p>\n<p class=\"\">\u201cTenemos ambici\u00f3n, aspiramos a m\u00e1s\u201d, comenta <b>Antonio Pernas<\/b> que regresa al club desde el <b>Dur\u00e1n Maquinaria Ensino<\/b>. Tiene un gran reto por delante con un equipo muy nuevo: solo repiten Isa Latorre, Frieda Buhner, Kristina Topuzovic y la gran capitana <b>Juana Camili\u00f3n<\/b>. <\/p>\n<p class=\"\">\u201cEstamos encontr\u00e1ndonos. Nos quedan dos semanas y llegamos con mucha energ\u00eda\u201d, subraya la plata ol\u00edmpica en 3&#215;3, que tendr\u00e1 como nuevas compa\u00f1eras a Aleksandra Stanacev, Clementine Samson, Irati Extarri, Maria Jespersen, Tijana Krivacevic, Carla Osma y Nneka Ezeigbo. Las colegiales debutar\u00e1n en el campeonato liguero el pr\u00f3ximo s\u00e1bado 4 en el <b>Pa\u00eds<\/b> <b>Vasco<\/b> ante el <b>Lointek Gernika<\/b> (18:30 horas).<\/p>\n<p>Noticias relacionadas<\/p>\n<p class=\"\"><b>\u00a1Tus opiniones importan!<\/b><\/p>\n<p class=\"\">Comenta en los art\u00edculos y suscr\u00edbete gratis a nuestra <a href=\"https:\/\/asfan.as.com\/newsletters\/\" target=\"_blank\" rel=\"nofollow noopener\" title=\"https:\/\/asfan.as.com\/newsletters\/\">newsletter<\/a> y a las alertas informativas en la <a href=\"https:\/\/as.com\/aplicacion-de-as-n\/\" target=\"_blank\" rel=\"nofollow noopener\" title=\"https:\/\/as.com\/aplicacion-de-as-n\/\">App<\/a> o el canal de <a href=\"https:\/\/www.whatsapp.com\/channel\/0029VaAasdA7j6g745nz9M10\" target=\"_blank\" rel=\"nofollow noopener\" title=\"https:\/\/www.whatsapp.com\/channel\/0029VaAasdA7j6g745nz9M10\">WhatsApp<\/a>. \u00bfBuscas licenciar contenido? Haz clic <a href=\"https:\/\/profesional.elpais.com\/soluciones-sindicacion?utm_medium=interno&amp;utm_source=crosslinking&amp;utm_campaign=sindicacion_as_pie_articulos\" target=\"_blank\" rel=\"nofollow noopener\" title=\"https:\/\/profesional.elpais.com\/soluciones-sindicacion?utm_medium=interno&amp;utm_source=crosslinking&amp;utm_campaign=sindicacion_as_pie_articulos\">aqu\u00ed<\/a><\/p>\n","protected":false},"excerpt":{"rendered":"Quinta oportunidad para salir del infierno. El Movistar Estudiantes se present\u00f3 este martes en el Espacio Telef\u00f3nica con&hellip;\n","protected":false},"author":2,"featured_media":134172,"comment_status":"","ping_status":"","sticky":false,"template":"","format":"standard","meta":{"footnotes":""},"categories":[269],"tags":[299,298,168,25,24,23,167],"class_list":{"0":"post-134171","1":"post","2":"type-post","3":"status-publish","4":"format-standard","5":"has-post-thumbnail","7":"category-baloncesto","8":"tag-baloncesto","9":"tag-basketball","10":"tag-deportes","11":"tag-es","12":"tag-espana","13":"tag-spain","14":"tag-sports"},"share_on_mastodon":{"url":"","error":""},"_links":{"self":[{"href":"https:\/\/www.europesays.com\/es\/wp-json\/wp\/v2\/posts\/134171","targetHints":{"allow":["GET"]}}],"collection":[{"href":"https:\/\/www.europesays.com\/es\/wp-json\/wp\/v2\/posts"}],"about":[{"href":"https:\/\/www.europesays.com\/es\/wp-json\/wp\/v2\/types\/post"}],"author":[{"embeddable":true,"href":"https:\/\/www.europesays.com\/es\/wp-json\/wp\/v2\/users\/2"}],"replies":[{"embeddable":true,"href":"https:\/\/www.europesays.com\/es\/wp-json\/wp\/v2\/comments?post=134171"}],"version-history":[{"count":0,"href":"https:\/\/www.europesays.com\/es\/wp-json\/wp\/v2\/posts\/134171\/revisions"}],"wp:featuredmedia":[{"embeddable":true,"href":"https:\/\/www.europesays.com\/es\/wp-json\/wp\/v2\/media\/134172"}],"wp:attachment":[{"href":"https:\/\/www.europesays.com\/es\/wp-json\/wp\/v2\/media?parent=134171"}],"wp:term":[{"taxonomy":"category","embeddable":true,"href":"https:\/\/www.europesays.com\/es\/wp-json\/wp\/v2\/categories?post=134171"},{"taxonomy":"post_tag","embeddable":true,"href":"https:\/\/www.europesays.com\/es\/wp-json\/wp\/v2\/tags?post=134171"}],"curies":[{"name":"wp","href":"https:\/\/api.w.org\/{rel}","templated":true}]}}