{"id":134175,"date":"2025-09-23T15:46:17","date_gmt":"2025-09-23T15:46:17","guid":{"rendered":"https:\/\/www.europesays.com\/es\/134175\/"},"modified":"2025-09-23T15:46:17","modified_gmt":"2025-09-23T15:46:17","slug":"quiere-ser-madre-en-solitario","status":"publish","type":"post","link":"https:\/\/www.europesays.com\/es\/134175\/","title":{"rendered":"Quiere ser madre en solitario"},"content":{"rendered":"<p>La primera vez que Jeimy B\u00e1ez piso un plat\u00f3 de televisi\u00f3n fue en el de &#8216;Tarde AR&#8217; para hablar de su relaci\u00f3n con Carlo Costanzia. En aquel momento, el hijo de Mar Flores y Alejandra Rubio acababan de empezar a salir y Jeimy quiso contar su experiencia con el joven. No obstante, B\u00e1ez se ha hecho un hueco en el panorama televisivo por sus propias acciones. Hace unos meses la ve\u00edamos en &#8216;GH D\u00fao 3&#8217;,<strong> dejando que el p\u00fablico la conociera m\u00e1s all\u00e1 de sus noviazgos.<\/strong><\/p>\n<p>Pero, lo que nadie esperaba, es que unos meses m\u00e1s tarde, <a href=\"https:\/\/www.lecturas.com\/actualidad\/jeimy-baez-sigue-pasos-su-ex-carlo-costanzia-comunicar-su-embarazo_174883\" target=\"_self\" rel=\"nofollow noopener\">Jeimy anunciara que estaba embarazada.\u00a0<\/a>Tras superar la estupefacci\u00f3n inicial, surgi\u00f3 una clara pregunta: \u00bfQui\u00e9n era el padre?<strong> Pues, ni m\u00e1s ni menos, que Yulen Pereira, esgrimista y ex de Anabel Pantoja. <\/strong>Durante meses hab\u00edan corrido rumores de que entre ambos podr\u00eda existir un\u00a0affaire,\u00a0ya que les hab\u00edan visto quedar en diversas ocasiones.<\/p>\n<p>En un primer momento, \u00e9l neg\u00f3 su vinculaci\u00f3n, pero tras un &#8216;\u00a1De Viernes!&#8217; de cada uno, <a href=\"https:\/\/www.lecturas.com\/actualidad\/jeimy-baez-ex-carlo-costanzia-revela-sin-querer-quien-es-famoso-padre-su-hijo_175220\" target=\"_self\" rel=\"nofollow noopener\">admitieron que el hijo era de ambos.<\/a>\u00a0\u00abMe enter\u00e9 a los 20 d\u00edas de estar concursando en &#8216;GH&#8217;. [&#8230;] <strong>Fue porque me encontraba mal y pensaba que era la ansiedad y los nervios<\/strong> porque nunca hab\u00eda concursado en algo as\u00ed. Pero despu\u00e9s empezaron las n\u00e1useas y al final ped\u00ed una prueba. Hicimos la broma para Marieta y luego ped\u00ed un test para m\u00ed, la sorpresa es que dio positivo\u00bb, contaba la joven.<\/p>\n<p><img decoding=\"async\" src=\"https:\/\/www.europesays.com\/es\/wp-content\/uploads\/2025\/09\/rosario-alba-y-lolita-flores_a6d7c53e_250923135730_800x800.webp.webp\" alt=\"Rosario, Alba y Lolita Flores\" class=\"image lazyload\"\/><img loading=\"lazy\" decoding=\"async\" src=\"https:\/\/www.europesays.com\/es\/wp-content\/uploads\/2025\/09\/rosario-alba-y-lolita-flores_a6d7c53e_250923135740_1280x720.webp.webp\" alt=\"C\u00f3nclave Flores en el Festival de San Sebasti\u00e1n: el orgullo de Lolita y Rosario Flores por su sobrina Alba en el estreno del documental 'Flores para Antonio'\" class=\"image lazyload\" width=\"1280\" height=\"720\" data-aspectratio=\"1280\/720\"\/><\/p>\n<p>Una semana despu\u00e9s fue Yulen quien se sent\u00f3 con Bea Archidona para hablar del tema. \u00ab<strong>Estoy saturado, sobrepasado. Hay muchas cosas que no se dijeron<\/strong> y se debieron haber dicho. Se me dej\u00f3 como una persona que no se responsabiliza de sus actos y son palabras bastante fuertes\u00bb, se sincer\u00f3 el deportista.<\/p>\n<p>El nacimiento del hijo de Jeimy<\/p>\n<p>Lo que parec\u00eda irreconciliable parec\u00eda sanar con el paso de los meses, ya que <a href=\"https:\/\/www.lecturas.com\/actualidad\/julen-pereira-y-yeimy-juntos-presentan-a-su-primer-hijo_180720\" target=\"_self\" rel=\"nofollow noopener\">Jeimy y Yulen anunciaron la llegada de su hijo.<\/a> Fue el pasado 2 de septiembre cuando, felices e ilusionados, <strong>los reci\u00e9n estrenados papas recibieron a su peque\u00f1o con todas las ganas<\/strong> y amor del mundo. El parto habr\u00eda sido un tanto complicado para la joven, tal como cont\u00f3 Luis Pliego, director de la revista Lecturas, en &#8216;Tarde AR&#8217;. \u00abMe cuentan que ha durado mas de 24 horas, ha sido muy dif\u00edcil. El ni\u00f1o no ven\u00eda en buena posici\u00f3n y ella ha sufrido mucho durante el parto\u00bb, reverl\u00f3.<\/p>\n<p>\u00ab<strong>Finalmente ha salido todo bien, pero ha habido un momento de crisis<\/strong> en el hospital. Ella ahora se est\u00e1 recuperando despu\u00e9s de tantas horas\u00bb, segu\u00eda. Una vez se encontr\u00f3 mejor, quiso darlo a conocer a sus seguidores. Y no lo hizo sola. Pereira y B\u00e1ez subieron una tierna imagen en sus stories, donde el deportista sostiene los pies del peque\u00f1o y Jeimy aparece al fondo de la imagen.<\/p>\n<p><img loading=\"lazy\" decoding=\"async\"   src=\"https:\/\/www.europesays.com\/es\/wp-content\/uploads\/2025\/09\/yulen-y-yeimy_619f7766_250916183549_1200x1994.webp.webp\" alt=\"Yulen y Yeimy \" class=\"lazyload\" width=\"1200\" height=\"1994\" data-aspectratio=\"1200\/1994\"\/>&#13;Instagram<\/p>\n<p>\u00a0<\/p>\n<p><img decoding=\"async\" src=\"https:\/\/www.europesays.com\/es\/wp-content\/uploads\/2025\/09\/yulen-y-yeimy_f0b951e6_250904111754_800x800.webp.webp\" alt=\"Yulen y Yeimy\" class=\"image lazyload\"\/><img loading=\"lazy\" decoding=\"async\" src=\"https:\/\/www.europesays.com\/es\/wp-content\/uploads\/2025\/09\/yulen-y-yeimy_f0b951e6_250904111803_1280x720.webp.webp\" alt=\"Yulen Pereira y Jeimy B\u00e1ez, ilusionados y juntos, presentan a su primer hijo\" class=\"image lazyload\" width=\"1280\" height=\"720\" data-aspectratio=\"1280\/720\"\/>El distanciamiento de Yulen Pereira y Jeimy B\u00e1ez<\/p>\n<p>Esa instant\u00e1nea que tanto gust\u00f3 en redes sociales&#8230; Ya no se encuentra por ninguna parte. En ninguno de los perfiles de ambos se aprecia esa imagen. <strong>\u00bfPor qu\u00e9 la han borrado? \u00bfQu\u00e9 ha sucedido? <\/strong>Luis Pliego, director de la revista Lecturas, avanzaba hace unos d\u00edas todas las claves del distanciamiento entre el esgrimista y la influencer.<\/p>\n<p><img loading=\"lazy\" decoding=\"async\"   src=\"https:\/\/www.europesays.com\/es\/wp-content\/uploads\/2025\/09\/luis-pliego_ddcef97b_250916183726_1200x669.webp.webp\" alt=\"Luis Pliego\" class=\"lazyload\" width=\"1200\" height=\"669\" data-aspectratio=\"1200\/669\"\/>&#13;Telecinco<\/p>\n<p><strong>\u00abQuiere ser madre en solitario\u00bb, ha dicho, rotundo<\/strong>, como primer titular. \u00abJeimy se lo ha pensado mejor y quiere ser madre en solitario. No quiere ponerle los apellidos de Yulen a su hijo\u00bb, ha continuado explicando el periodista. Al parecer, la joven, \u00aba trav\u00e9s de abogados, le ha pedido que haga una prueba de paternidad y que si quiere luche por esa paternidad porque ella no se la va a dar\u00bb.<\/p>\n<p><img loading=\"lazy\" decoding=\"async\"   src=\"https:\/\/www.europesays.com\/es\/wp-content\/uploads\/2025\/09\/luis-pliego_4c24e6c0_250916183741_1200x675.webp.webp\" alt=\"Luis Pliego\" class=\"lazyload\" width=\"1200\" height=\"675\" data-aspectratio=\"1200\/675\"\/>&#13;Telecinco<\/p>\n<p>Pliego vaticinaba que ser\u00edan ellos mismos los que contar\u00edan esta decisi\u00f3n, pero adelantaba algunos datos. \u00ab<strong>En principio ella se ha cansado de ir detr\u00e1s de Yulen <\/strong>y \u00e9l es el que ha cambiado la actitud y va detr\u00e1s\u00bb, ha relatado. Sus compa\u00f1eros de &#8216;El tiempo justo&#8217; cuestionaban si Jeimy podr\u00eda quitarle esos apellidos. \u00abS\u00ed eres la madre puedes decidir los apellidos. Tiene que reclamar la paternidad. Yulen lo puede cambiar con una sentencia judicial. Sin ella, no\u00bb, ha asegurado.<\/p>\n<p>De esta manera, \u00abtendr\u00e1n\u00a0que someterse \u00e9l y el beb\u00e9 a una prueba de paternidad y un juez dir\u00e1 si tiene <strong>que llevar los apellidos de Yulen o aclarar detalles de la manutenci\u00f3n\u00bb,<\/strong> ha concluido. As\u00ed, el acercamiento que se produjo entre ambos hace unos meses se ha roto para dar lugar a una lucha por los derechos sobre su hijo.<\/p>\n<p><img loading=\"lazy\" decoding=\"async\"   src=\"https:\/\/www.europesays.com\/es\/wp-content\/uploads\/2025\/09\/jeimy-baez_10b5cd74_250923163244_1200x1983.webp.webp\" alt=\"Jeimy B\u00e1ez\" class=\"lazyload\" width=\"1200\" height=\"1983\" data-aspectratio=\"1200\/1983\"\/>&#13;Instagram @jjeimybaez<\/p>\n<p>Ha sido esta semana cuando Jeimy ha confirmado esta informaci\u00f3n a &#8216;Outdoor&#8217;. La influencer ha contado que no ha inscrito al beb\u00e9 con el apellido Pereira. \u00bfEl motivo? <strong>\u00abPreguntadle a \u00e9l por qu\u00e9 he tomado esta decisi\u00f3n\u00bb<\/strong>, contestaba al citado medio. A pesar de este giro, B\u00e1ez asegura estar viviendo una etapa preciosa que la hace estar en \u00abuna nube\u00bb.<\/p>\n<p>Unas horas despu\u00e9s de que se haya conocido esta informaci\u00f3n, Jeimy ha compartido una reflexi\u00f3n en sus redes sociales.\u00a0\u00ab<strong>La vida se desarrolla como debe y nuestra tarea es enfrentarla con coraje<\/strong>, no con miedo\u00bb, ha citado, refiri\u00e9ndose a unas palabras del emperador Marco Aurelio. Por otro lado, Yulen se ha mantenido en silencio durante todo este tiempo, dejando claro que no quiere tratar p\u00fablicamente los aspectos relacionados a su paternidad.\u00a0<\/p>\n","protected":false},"excerpt":{"rendered":"La primera vez que Jeimy B\u00e1ez piso un plat\u00f3 de televisi\u00f3n fue en el de &#8216;Tarde AR&#8217; para&hellip;\n","protected":false},"author":2,"featured_media":134176,"comment_status":"","ping_status":"","sticky":false,"template":"","format":"standard","meta":{"footnotes":""},"categories":[174],"tags":[255,146,147,25,24,256,23],"class_list":{"0":"post-134175","1":"post","2":"type-post","3":"status-publish","4":"format-standard","5":"has-post-thumbnail","7":"category-famosos","8":"tag-celebrities","9":"tag-entertainment","10":"tag-entretenimiento","11":"tag-es","12":"tag-espana","13":"tag-famosos","14":"tag-spain"},"share_on_mastodon":{"url":"","error":""},"_links":{"self":[{"href":"https:\/\/www.europesays.com\/es\/wp-json\/wp\/v2\/posts\/134175","targetHints":{"allow":["GET"]}}],"collection":[{"href":"https:\/\/www.europesays.com\/es\/wp-json\/wp\/v2\/posts"}],"about":[{"href":"https:\/\/www.europesays.com\/es\/wp-json\/wp\/v2\/types\/post"}],"author":[{"embeddable":true,"href":"https:\/\/www.europesays.com\/es\/wp-json\/wp\/v2\/users\/2"}],"replies":[{"embeddable":true,"href":"https:\/\/www.europesays.com\/es\/wp-json\/wp\/v2\/comments?post=134175"}],"version-history":[{"count":0,"href":"https:\/\/www.europesays.com\/es\/wp-json\/wp\/v2\/posts\/134175\/revisions"}],"wp:featuredmedia":[{"embeddable":true,"href":"https:\/\/www.europesays.com\/es\/wp-json\/wp\/v2\/media\/134176"}],"wp:attachment":[{"href":"https:\/\/www.europesays.com\/es\/wp-json\/wp\/v2\/media?parent=134175"}],"wp:term":[{"taxonomy":"category","embeddable":true,"href":"https:\/\/www.europesays.com\/es\/wp-json\/wp\/v2\/categories?post=134175"},{"taxonomy":"post_tag","embeddable":true,"href":"https:\/\/www.europesays.com\/es\/wp-json\/wp\/v2\/tags?post=134175"}],"curies":[{"name":"wp","href":"https:\/\/api.w.org\/{rel}","templated":true}]}}