{"id":134177,"date":"2025-09-23T15:47:17","date_gmt":"2025-09-23T15:47:17","guid":{"rendered":"https:\/\/www.europesays.com\/es\/134177\/"},"modified":"2025-09-23T15:47:17","modified_gmt":"2025-09-23T15:47:17","slug":"he-visto-un-piso-lleno-de-compartimentos-que-parecian-cajas-cerradas-tuvimos-que-eliminar-tabiques-y-abrir-la-cocina-al-salon","status":"publish","type":"post","link":"https:\/\/www.europesays.com\/es\/134177\/","title":{"rendered":"He visto un piso lleno de compartimentos que parec\u00edan cajas cerradas. Tuvimos que eliminar tabiques y abrir la cocina al sal\u00f3n"},"content":{"rendered":"<p>La <a href=\"https:\/\/www.revistainteriores.es\/tendencias\/11-pisos-pequenos-2024-mejores-ideas-distribucion-decoracion_10458\" rel=\"nofollow noopener\" target=\"_blank\">distribuci\u00f3n de un piso<\/a> es mucho m\u00e1s que un plano lleno de l\u00edneas y medidas: es el punto de partida de la vida que se desarrollar\u00e1 en su interior. Para<strong> Patricio Ballesty Rib\u00f3, arquitecto e interiorista al frente de <a href=\"https:\/\/www.instagram.com\/patricioballesty\/\" rel=\"nofollow noopener\" target=\"_blank\">V\u00edsteme de Espacio<\/a><\/strong>, una buena distribuci\u00f3n es<strong> la base de un hogar confortable, funcional y con sentido<\/strong>. Sin embargo, no siempre se le da la importancia que merece y es habitual encontrarse con viviendas que desaprovechan metros o que no se adaptan al estilo de vida de quienes las habitan.<\/p>\n<p>En esta entrevista, el experto analiza <a href=\"https:\/\/www.revistainteriores.es\/ideas-casa\/lidia-molina-arquitecta-organizar-casa-es-error-no-considerar-distribucion-mobiliario-antes-completar-espacio_11150\" rel=\"nofollow noopener\" target=\"_blank\">los errores m\u00e1s frecuentes en el dise\u00f1o de distribuciones<\/a>, desde sacrificar un sal\u00f3n espacioso para ganar habitaciones diminutas hasta mantener largos pasillos que restan metros \u00fatiles. Adem\u00e1s, comparte <a href=\"https:\/\/www.revistainteriores.es\/ideas-casa\/ni-muebles-ni-pintura-este-interiorista-nos-da-solucion-que-renueva-nuestro-hogar-facil-sin-obras_11388\" rel=\"nofollow noopener\" target=\"_blank\">soluciones pr\u00e1cticas<\/a> que ha aplicado en proyectos reales, como <strong>abrir tabiques para ganar luz<\/strong>, dise\u00f1ar mobiliario a medida para resolver esquinas complicadas o <strong>crear espacios flexibles que permiten que el piso evolucione <\/strong>junto con sus propietarios.<\/p>\n<p>Una conversaci\u00f3n imprescindible para quienes est\u00e9n a punto de <a href=\"https:\/\/www.revistainteriores.es\/ideas-casa\/estudio-iroco-al-reformar-piso-abuela-hay-que-apostar-por-ventanas-rotura-puente-termico-doble-acristalamiento_11743\" rel=\"nofollow noopener\" target=\"_blank\">reformar un piso<\/a>, porque, como \u00e9l mismo recuerda, \u00abuna mala distribuci\u00f3n puede arruinar incluso una decoraci\u00f3n muy cuidada\u00bb.<\/p>\n<p>&#13;<\/p>\n<p>My Player placeholder<\/p>\n<p>\u00a1Haz clic en el v\u00eddeo de estas ideas para aprovechar espacios en pisos peque\u00f1os!<\/p>\n<p class=\"by\">RBA<\/p>\n<p>Pisos pequen\u0303os con grandes ideas&#13;<img loading=\"lazy\" decoding=\"async\"   src=\"https:\/\/www.europesays.com\/es\/wp-content\/uploads\/2025\/09\/un-piso-con-zona-de-escritorio_af64d074_250922131254_1280x1920.webp.webp\" alt=\"Un piso con zona de escritorio\" class=\"lazyload\" width=\"1280\" height=\"1920\" data-aspectratio=\"1280\/1920\"\/><\/p>\n<p>&#13;&#13;Foto: Foto: Jordi Canosa Estudio: V\u00edsteme de Espacio Realizaci\u00f3n: Mar Gausachs&#13;<\/p>\n<p> <a href=\"https:\/\/www.revistainteriores.es\/estilo-de-vida\/joan-llongueras-arquitecto-pasados-60-anos-cuando-llega-jubilacion-hay-que-plantearse-distribuir-espacios-no-dejar-cerrada-ninguna-habitacion_12097\" data-ga4_event=\"custom_event\" data-ga4_event_name=\"click_intext\" data-ga4_link_url=\"https:\/\/www.revistainteriores.es\/estilo-de-vida\/joan-llongueras-arquitecto-pasados-60-anos-cuando-llega-jubilacion-hay-que-plantearse-distribuir-espacios-no-dejar-cerrada-ninguna-habitacion_12097\" data-ga4_link_text=\"joan_llongueras_arquitecto_\u201cpasados_los_60_anos_cuando_llega_la_jubilacion_hay_que_plantearse_distribuir_los_espacios_y_no_dejar_cerrada_ninguna_habitacion\" data-ga4_content_type=\"photo\" data-ga4_element=\"related\" rel=\"nofollow noopener\" target=\"_blank\">&#13;&#13;<img loading=\"lazy\" decoding=\"async\" src=\"https:\/\/www.europesays.com\/es\/wp-content\/uploads\/2025\/09\/abrir-espacios-en-casa-para-disfrutar-de-un-interior-mas-flexible-es-una-buena-idea-cuando-llega-la-.webp\" alt=\"Abrir espacios en casa para disfrutar de un interior m\u00e1s flexible es una buena idea cuando llega la jubilaci\u00f3n\" class=\"lazyload\" width=\"600\" height=\"600\" data-aspectratio=\"600\/600\"\/>&#13;&#13;<\/p>\n<p class=\"epigraph\">                    &#13;Noticia relacionada<\/p>\n<p class=\"title\">Joan Llongueras, arquitecto: \u201cPasados los 60 a\u00f1os, cuando llega la jubilaci\u00f3n, hay que plantearse distribuir los espacios y no dejar cerrada ninguna habitaci\u00f3n\u00bb<\/p>\n<p><\/a><strong>En tu experiencia, \u00bfcu\u00e1l es el mayor error que puede cometerse en la distribuci\u00f3n de un piso?<\/strong><\/p>\n<p>El mayor error es pensar la distribuci\u00f3n como un puzzle de metros en lugar de como un espacio para vivir. He visto pisos en los que se sacrificaba la amplitud del sal\u00f3n para conseguir una tercera habitaci\u00f3n diminuta que luego apenas se usaba. El resultado es un hogar poco funcional. Cuando la distribuci\u00f3n no responde al estilo de vida de quien lo habita, el piso nunca llega a sentirse c\u00f3modo. Es necesario dise\u00f1ar y distribuir para cada propietario, <strong>todos vivimos de manera diferente.<\/strong><\/p>\n<p><strong>\u00bfQu\u00e9 problemas encuentras habitualmente en pisos antiguos y c\u00f3mo sueles solucionarlos?<\/strong><\/p>\n<p>Muchos pisos antiguos tienen largos pasillos, habitaciones peque\u00f1as y poca ventilaci\u00f3n. En una reforma reciente, por ejemplo, nos encontramos con un piso lleno de compartimentos que parec\u00edan cajas cerradas. La<strong> soluci\u00f3n fue eliminar tabiques innecesarios y abrir cocina y sal\u00f3n<\/strong> en un solo espacio. Ganamos luz, amplitud y una vida mucho m\u00e1s social en casa, sin perder rincones \u00edntimos.<\/p>\n<p>&#13;<img loading=\"lazy\" decoding=\"async\"   src=\"https:\/\/www.europesays.com\/es\/wp-content\/uploads\/2025\/09\/cocina-en-paralelo-luminosa_609197b7_250922131426_1280x1920.webp.webp\" alt=\"Cocina en paralelo luminosa \" class=\"lazyload\" width=\"1280\" height=\"1920\" data-aspectratio=\"1280\/1920\"\/><\/p>\n<p>&#13;&#13;Foto: Foto: Jordi Canosa Estudio: V\u00edsteme de Espacio Realizaci\u00f3n: Mar Gausachs&#13;<\/p>\n<p> <strong>\u00bfQu\u00e9 desventajas suelen tener los \u00e1ticos y c\u00f3mo se pueden corregir con un buen dise\u00f1o?<\/strong><\/p>\n<p>Los \u00e1ticos son muy deseados por sus terrazas, pero suelen tener problemas: techos bajos en algunas zonas, mucho calor en verano y la superficie cubierta suele ser mucho menor a la descubierta. En uno de nuestros proyectos <strong>aprovechamos las partes m\u00e1s bajas para crear almacenamiento integrado<\/strong>, trabajamos <strong>el aislamiento y la ventilaci\u00f3n cruzada<\/strong> para que el confort no dependiera solo del aire acondicionado. Con peque\u00f1os gestos el \u00e1tico pas\u00f3 de ser inc\u00f3modo a convertirse en un refugio luminoso y pr\u00e1ctico.<\/p>\n<p>&#13;<img loading=\"lazy\" decoding=\"async\"   src=\"https:\/\/www.europesays.com\/es\/wp-content\/uploads\/2025\/09\/recibidor-luminoso-con-espejo_06aee81a_250922131452_1280x1920.webp.webp\" alt=\"Recibidor luminoso con espejo\" class=\"lazyload\" width=\"1280\" height=\"1920\" data-aspectratio=\"1280\/1920\"\/><\/p>\n<p>&#13;&#13;Foto: Foto: Jordi Canosa Estudio: V\u00edsteme de Espacio Realizaci\u00f3n: Mar Gausachs&#13;<\/p>\n<p> <strong>En pisos con entrada en esquina, \u00bfqu\u00e9 dificultades plantea la distribuci\u00f3n y c\u00f3mo las afrontas?<\/strong><\/p>\n<p>La entrada en esquina suele dispersar los recorridos y genera \u00e1ngulos poco aprovechables. Lo que hacemos <strong>es dar claridad desde el acceso<\/strong>: un recibidor que organice el paso hacia la zona de d\u00eda y otra hacia la de noche. Tambi\u00e9n es \u00fatil trabajar con mobiliario a medida para resolver esos \u00e1ngulos irregulares.<\/p>\n<p><strong>\u00bfQu\u00e9 consejo dar\u00edas a alguien que va a reformar un piso para evitar errores de distribuci\u00f3n?<\/strong><\/p>\n<p>Que piense primero en c\u00f3mo quiere vivirlo. <strong>No se trata solo de cu\u00e1ntas habitaciones tendr\u00e1<\/strong>, sino de si quiere cocinar con amigos, si necesita un despacho en casa o si valora m\u00e1s un dormitorio grande con vestidor que una habitaci\u00f3n extra. Tener<strong> claras las prioridades antes de empezar es la mejor manera de evitar errores costosos.<\/strong><\/p>\n<p>\u00a0<\/p>\n<p>&#13;<img loading=\"lazy\" decoding=\"async\"   src=\"https:\/\/www.europesays.com\/es\/wp-content\/uploads\/2025\/09\/bano-luminoso_3c6dd862_250922131529_1280x1920.webp.webp\" alt=\"Ba\u00f1o luminoso\" class=\"lazyload\" width=\"1280\" height=\"1920\" data-aspectratio=\"1280\/1920\"\/><\/p>\n<p>&#13;&#13;Foto: Foto: Jordi Canosa Estudio: V\u00edsteme de Espacio Realizaci\u00f3n: Mar Gausachs&#13;<\/p>\n<p> <a href=\"https:\/\/www.revistainteriores.es\/ideas-casa\/cortinas-salon-error-decorativo-evitar-cristina-arnedo-interiorista_12132\" data-ga4_event=\"custom_event\" data-ga4_event_name=\"click_intext\" data-ga4_link_url=\"https:\/\/www.revistainteriores.es\/ideas-casa\/cortinas-salon-error-decorativo-evitar-cristina-arnedo-interiorista_12132\" data-ga4_link_text=\"no_cambies_las_cortinas_del_salon_este_es_el_error_decorativo_a_evitar_segun_cristina_arnedo_interiorista\" data-ga4_content_type=\"photo\" data-ga4_element=\"related\" rel=\"nofollow noopener\" target=\"_blank\">&#13;&#13;<img loading=\"lazy\" decoding=\"async\" src=\"https:\/\/www.europesays.com\/es\/wp-content\/uploads\/2025\/09\/salon-clasico-con-sillones-terracota-y-sofas-blancos_fa43cf8f_250922131216_600x600.webp.webp\" alt=\"Sal\u00f3n cl\u00e1sico con sillones terracota y sof\u00e1s blancos\" class=\"lazyload\" width=\"600\" height=\"600\" data-aspectratio=\"600\/600\"\/>&#13;&#13;<\/p>\n<p class=\"epigraph\">                    &#13;Noticia relacionada<\/p>\n<p class=\"title\">NO cambies las cortinas del sal\u00f3n: este es el error decorativo a evitar, seg\u00fan Cristina Arnedo, interiorista<\/p>\n<p><\/a><strong>\u00bfConsideras que una mala distribuci\u00f3n puede arruinar incluso una decoraci\u00f3n muy cuidada?<\/strong><\/p>\n<p>S\u00ed, absolutamente. Puedes invertir en los <strong>mejores muebles y materiales<\/strong>, pero si la distribuci\u00f3n no funciona, la casa nunca resultar\u00e1 c\u00f3moda. En cambio, una buena distribuci\u00f3n hace que incluso con una decoraci\u00f3n sencilla, el <a href=\"https:\/\/www.revistainteriores.es\/estilo-de-vida\/5-claves-feng-shui-para-prosperidad-casa_8748\" rel=\"nofollow noopener\" target=\"_blank\">piso respire armon\u00eda y tenga buena energ\u00eda<\/a>. Es como la base de una receta: si los ingredientes principales son buenos, cualquier aderezo luce m\u00e1s.<\/p>\n<p><script async src=\"\/\/www.instagram.com\/embed.js\"><\/script><\/p>\n","protected":false},"excerpt":{"rendered":"La distribuci\u00f3n de un piso es mucho m\u00e1s que un plano lleno de l\u00edneas y medidas: es el&hellip;\n","protected":false},"author":2,"featured_media":134178,"comment_status":"","ping_status":"","sticky":false,"template":"","format":"standard","meta":{"footnotes":""},"categories":[173],"tags":[229,233,231,230,232,234,146,147,25,24,23],"class_list":{"0":"post-134177","1":"post","2":"type-post","3":"status-publish","4":"format-standard","5":"has-post-thumbnail","7":"category-arte-y-diseno","8":"tag-arte","9":"tag-arte-y-diseno","10":"tag-arts","11":"tag-arts-and-design","12":"tag-design","13":"tag-diseno","14":"tag-entertainment","15":"tag-entretenimiento","16":"tag-es","17":"tag-espana","18":"tag-spain"},"share_on_mastodon":{"url":"","error":""},"_links":{"self":[{"href":"https:\/\/www.europesays.com\/es\/wp-json\/wp\/v2\/posts\/134177","targetHints":{"allow":["GET"]}}],"collection":[{"href":"https:\/\/www.europesays.com\/es\/wp-json\/wp\/v2\/posts"}],"about":[{"href":"https:\/\/www.europesays.com\/es\/wp-json\/wp\/v2\/types\/post"}],"author":[{"embeddable":true,"href":"https:\/\/www.europesays.com\/es\/wp-json\/wp\/v2\/users\/2"}],"replies":[{"embeddable":true,"href":"https:\/\/www.europesays.com\/es\/wp-json\/wp\/v2\/comments?post=134177"}],"version-history":[{"count":0,"href":"https:\/\/www.europesays.com\/es\/wp-json\/wp\/v2\/posts\/134177\/revisions"}],"wp:featuredmedia":[{"embeddable":true,"href":"https:\/\/www.europesays.com\/es\/wp-json\/wp\/v2\/media\/134178"}],"wp:attachment":[{"href":"https:\/\/www.europesays.com\/es\/wp-json\/wp\/v2\/media?parent=134177"}],"wp:term":[{"taxonomy":"category","embeddable":true,"href":"https:\/\/www.europesays.com\/es\/wp-json\/wp\/v2\/categories?post=134177"},{"taxonomy":"post_tag","embeddable":true,"href":"https:\/\/www.europesays.com\/es\/wp-json\/wp\/v2\/tags?post=134177"}],"curies":[{"name":"wp","href":"https:\/\/api.w.org\/{rel}","templated":true}]}}