{"id":134179,"date":"2025-09-23T15:48:19","date_gmt":"2025-09-23T15:48:19","guid":{"rendered":"https:\/\/www.europesays.com\/es\/134179\/"},"modified":"2025-09-23T15:48:19","modified_gmt":"2025-09-23T15:48:19","slug":"hay-adolescentes-que-duermen-con-el-movil-encendido-para-que-sus-parejas-sepan-que-estan-en-casa","status":"publish","type":"post","link":"https:\/\/www.europesays.com\/es\/134179\/","title":{"rendered":"Hay adolescentes que duermen con el m\u00f3vil encendido para que sus parejas sepan que est\u00e1n en casa"},"content":{"rendered":"<p class=\"ft-text ft-helper-closenews\">La <strong>violencia de g\u00e9nero<\/strong> no suele comenzar por el maltrato f\u00edsico y la bofetada, antes de llegar a ese extremo existen una serie de <strong>acciones previas, muchas veces, no tan violentas y dif\u00edciles de identificar<\/strong>. Todos esos peque\u00f1os indicios son lo que hoy com\u00fanmente se conocen como &#8216;<strong>red flags<\/strong>&#8216; (bandera roja) y van desde situaciones ahora tan extendidas como el &#8216;<strong>ghosting<\/strong>&#8216; -la desaparici\u00f3n repentina y sin explicaciones de una persona de la vida de otra, cortando toda comunicaci\u00f3n y contacto- o el <strong>&#8216;love bombing&#8217;<\/strong> -manipulaci\u00f3n al inicio de la relaci\u00f3n donde se abruma a alguien con amor, atenci\u00f3n y regalos para crear dependencia y control-, hasta el miedo, la violencia psicol\u00f3gica y la aceptaci\u00f3n de conductas inapropiadas. Todas las se\u00f1ales est\u00e1n recogidas en &#8216;<strong>Red Flags<\/strong>&#8216;, el nuevo libro de <strong>Carla Vall i Duran<\/strong>, abogada penalista y crimin\u00f3loga experta en derechos humanos y prevenci\u00f3n de violencias machistas, que ayuda a <strong>detectar situaciones de abuso<\/strong> y tomar conciencia sobre la forma en la que nos amamos.<\/p>\n<p class=\"ft-text\">\u00abLa columna vertebral del libro es todo aquello que no sabemos ver. La pen\u00faltima relaci\u00f3n que tuve fue con un narcisista. Yo pensaba que me estaba volviendo loca, pero en realidad lo que me estaba pasando era eso y no lo ve\u00eda\u00bb, explica Vall. \u00ab<strong>\u00bfCu\u00e1ntas veces pensamos que nos estamos volviendo locas por nuestra autoestima da\u00f1ada o porque socialmente es mucho m\u00e1s f\u00e1cil pensar eso que no que la culpa la tiene el otro? <\/strong>Cuesta darse cuenta de la magnitud que tiene eso en nuestras vidas\u00bb, cuestiona la abogada, que, entre otros casos, llev\u00f3 la <a class=\"ft-link ft-link--decoration\" href=\"https:\/\/www.elperiodico.com\/es\/deportes\/femenino\/20250201\/acabo-motor-cambio-consentimiento-ido-113852283\" rel=\"nofollow noopener\" target=\"_blank\">defensa de Jenni Hermoso<\/a> tras el beso no consentido de Rubiales.<\/p>\n<p>Violencia adaptativa<\/p>\n<p class=\"ft-text\">El libro reconoce como se\u00f1ales previas algunas conductas cada vez m\u00e1s extendidas en las redes sociales, a trav\u00e9s de v\u00eddeos de Tiktok y p\u00f3dcasts, y que van m\u00e1s all\u00e1 de la violencia f\u00edsica, como el &#8216;<strong>body count<\/strong>&#8216; -el n\u00famero de parejas sexuales que una persona ha tenido, que a menudo se utiliza para juzgar el valor de las mujeres- o el fen\u00f3meno de las &#8216;<strong>tradwives<\/strong>&#8216; -aquellas mujeres que siguen los roles de g\u00e9nero tradicionales, enfoc\u00e1ndose en las tareas del hogar y la crianza de sus hijos-. \u00abCada una de nosotras es hija de su generaci\u00f3n, es decir, que las cosas que nos han explicado las mujeres mayores ya no nos sirven y <strong>tenemos que renovarnos constantemente para que la forma en la que toleramos o no algunas cosas vaya cambiando tambi\u00e9n<\/strong>\u00ab, explica Vall.<\/p>\n<p><img decoding=\"async\" src=\"https:\/\/www.europesays.com\/es\/wp-content\/uploads\/2025\/09\/1f93807b-e4b9-4a06-b378-7ea067b26edc_alta-libre-aspect-ratio_default_0.jpg\" width=\"1200\" height=\"800\" alt=\"Carla Vall i Duran, abogada experta en violencia de g\u00e9nero presenta su nuevo libro 'Red Flags'\" class=\"ft-helper-img-rd\" loading=\"lazy\" hasdataaida=\"true\"\/><\/p>\n<p class=\"ft-helper-fontColor-quaternary ft-helper-fontSize-body-S ft-helper-spacer-t-xxs\">Carla Vall i Duran, abogada experta en violencia de g\u00e9nero presenta su nuevo libro &#8216;Red Flags&#8217;  \/ RICARD CUGAT \/ EPC<\/p>\n<p class=\"ft-text\">\u00abSi yo digo que la violencia es que te den un pu\u00f1etazo en el ojo y vayas con gafas de sol al trabajo, -a\u00f1ade la abogada- eso a la gente le suena como de los a\u00f1os 90. Pero si explico que hay adolescentes que tienen que dormir toda la noche con el m\u00f3vil encendido para que sus parejas est\u00e9n convencidas de que est\u00e1n en casa y no con nadie m\u00e1s, es otro nivel de control a trav\u00e9s de la tecnolog\u00eda. <strong>La violencia es adaptativa<\/strong> <strong>y, por tanto, las cosas que conoc\u00edamos se tienen que ir sumando a las que todav\u00eda no sabemos<\/strong>\u00ab.<\/p>\n<p class=\"ft-text\">En TikTok, seg\u00fan Vall, \u00abchavales, que son profundamente idiotas, analizan de manera terriblemente ignorante la realidad, pero los sentimientos que transmiten y lo que provocan emocionalmente es terriblemente real\u00bb. La abogada explica que esa provocaci\u00f3n \u00ab<strong>hace que los hombres se sientan acosados, se sientan inferiores y sientan que est\u00e1n en riesgo de ser denunciandos falsamente<\/strong>\u00ab. Un miedo real que les lleva a estar \u00aba la defensiva\u00bb constantemente respecto al feminismo y, por tanto, tener \u00ab<strong>reacciones todav\u00eda m\u00e1s violentas<\/strong>\u00ab. Estos procesos de radicalizaci\u00f3n de la manosfera hacen que los hombres odien a las mujeres. \u00abEsos v\u00eddeos les prometen convertirse en hombres de valor, pero las chicas no los ven as\u00ed y los siguen ignorando. Eso genera un riesgo potencial porque <strong>si hay una emoci\u00f3n que toleran muy mal los hombres es la frustraci\u00f3n<\/strong>\u00ab, manifiesta la crimin\u00f3loga.<\/p>\n<p>M\u00e1s pol\u00edticas p\u00fablicas<\/p>\n<p class=\"ft-text\">\u00ab<strong>Las pol\u00edticas p\u00fablicas se nos quedan cortas a la hora de abordar esto<\/strong>. Tendr\u00eda sentido que hubiera una inteligencia artificial que fuera una amiga &#8216;online&#8217; de todas las mujeres j\u00f3venes v\u00edctimas de estas conductas de internet, que les hicieran un <strong>acompa\u00f1amiento o una detecci\u00f3n de situaciones de violencia<\/strong>\u00ab, denuncia la experta en violencias machistas. El Informe Juventud en Espa\u00f1a 2024 confirm\u00f3 que las chicas j\u00f3venes son <a class=\"ft-link ft-link--decoration\" href=\"https:\/\/www.elperiodico.com\/es\/politica\/20240521\/elecciones-europeas-perfil-votante-joven-espana-118319292\" rel=\"nofollow noopener\" target=\"_blank\">cada vez m\u00e1s feministas y de izquierdas<\/a>, mientras que los hombres m\u00e1s machistas y de izquierdas. \u00abLas mujeres m\u00e1s mayores nos preguntamos qu\u00e9 hacer con las m\u00e1s j\u00f3venes. Pero yo creo que no les hace falta una tutela, les hace falta su espacio y har\u00e1 falta que nosotras llevemos este relevo al m\u00e1ximo para que ellas lo cojan, porque ellas ya se est\u00e1n dando cuenta\u00bb.<\/p>\n<p><img decoding=\"async\" src=\"https:\/\/www.europesays.com\/es\/wp-content\/uploads\/2025\/09\/3ea8d859-bdba-4335-97a2-619525435e9a_alta-libre-aspect-ratio_default_0.jpg\" width=\"1200\" height=\"800\" alt=\"Carla Vall i Duran, abogada experta en violencia de g\u00e9nero presenta su nuevo libro 'Red Flags'\" class=\"ft-helper-img-rd\" loading=\"lazy\" hasdataaida=\"true\"\/><\/p>\n<p class=\"ft-helper-fontColor-quaternary ft-helper-fontSize-body-S ft-helper-spacer-t-xxs\">Carla Vall i Duran, abogada experta en violencia de g\u00e9nero presenta su nuevo libro &#8216;Red Flags&#8217;  \/ RICARD CUGAT \/ EPC<\/p>\n<p class=\"ft-text\">Otro estudio del Instituto Nacional de Estad\u00edstica (INE) apunta a que las <a class=\"ft-link ft-link--decoration\" href=\"https:\/\/www.elperiodico.com\/es\/educacion\/20240202\/crecen-alumnos-master-universidades-publicas-mujeres-cataluna-97674636\" rel=\"nofollow noopener\" target=\"_blank\">mujeres estudian cada vez m\u00e1s<\/a> mientras que los hombres est\u00e1n abandonando m\u00e1s los estudios y, adem\u00e1s, las mujeres est\u00e1n empezando a apostar por carreras que ofrecen sueldos m\u00e1s altos, saliendo de los roles tradicionales. Eso supone que, ahora mismo, est\u00e9n apareciendo las primeras generaciones de mujeres que cobran m\u00e1s que sus hom\u00f3logos masculinos. \u00abEso es problem\u00e1tico porque <strong>ya no necesitas una pareja para mantenerte y tienes la opci\u00f3n de no estar con nadie<\/strong>. Volvemos a esa idea de la frustraci\u00f3n y la pregunta es qu\u00e9 har\u00e1n ellos con eso\u00bb, analiza la abogada.<\/p>\n<p class=\"ft-text\">Vall recuerda que \u00abel mundo no avanza, gira\u00bb. \u00abTenemos mucha esperanza en que pasar\u00e1n los a\u00f1os como si fueran solo hojas en el calendario y, milagrosamente, habremos avanzando tanto que todo esto quedar\u00e1 atr\u00e1s. Pero tenemos que pensar que, mientras nosotras hacemos todo esto, hay <strong>fuerzas reaccionarias <\/strong>que est\u00e1n abogando justamente por lo contrario y de una manera mucho m\u00e1s feroz y desacomplejada que nosotras\u00bb. En ese sentido, la extrema derecha, asegura, \u00ab<strong>tiene clar\u00edsimo que tiene que cortar cabezas de todos estos cambios lo antes posible. Mientras, nosotras parece que estamos ah\u00ed pidiendo por favor que nos dejen avanzar<\/strong>\u00ab.<\/p>\n<p>La violencia institucional<\/p>\n<p class=\"ft-text\">En su libro, Vall asegura que cada vez no hay m\u00e1s casos de violencia de g\u00e9nero, sino que cada vez hay m\u00e1s mujeres que denuncian, aunque todav\u00eda muchas no lo hacen. \u00ab<strong>Las emociones sociales que reciben las v\u00edctimas que denuncian y su entorno son muy duras<\/strong>. No es solo el proceso, sino tambi\u00e9n lo que pasa tu entorno\u00bb, analiza la abogada. Los procesos m\u00e1s duros y dolorosos, que no han culminado con una condena, han minado a algunas mujeres, que han dejado de confiar en la justicia para ayudarlas. No obstante, Vall recuerda que hay otros que han terminado de una manera importante: \u00abEn Catalunya, por ejemplo, ha habido el Me Too del periodismo con el caso de Sa\u00fcl Gordillo,\u00a0que ha hecho que, precisamente una mujer joven sea la que ha roto con este silencio hist\u00f3rico de lo que sufr\u00eds las mujeres en las redacciones\u00bb. \u00ab<strong>Si las m\u00e1s j\u00f3venes conf\u00edan todav\u00eda en denunciar es porque algo estamos haciendo bien y algunas cosas estamos presionando para que cambien<\/strong>\u00ab, expresa la abogada, esperanzada.<\/p>\n<p><img decoding=\"async\" src=\"https:\/\/www.europesays.com\/es\/wp-content\/uploads\/2025\/09\/4342019c-8ae0-4667-aa2a-10520e46e1a2_alta-libre-aspect-ratio_default_0.jpg\" width=\"1200\" height=\"800\" alt=\"Carla Vall i Duran, abogada experta en violencia de g\u00e9nero presenta su nuevo libro 'Red Flags'\" class=\"ft-helper-img-rd\" loading=\"lazy\" hasdataaida=\"true\"\/><\/p>\n<p class=\"ft-helper-fontColor-quaternary ft-helper-fontSize-body-S ft-helper-spacer-t-xxs\">Carla Vall i Duran, abogada experta en violencia de g\u00e9nero presenta su nuevo libro &#8216;Red Flags&#8217;  \/ RICARD CUGAT \/ EPC<\/p>\n<p class=\"ft-text\">\u00abLos jueces, la fiscal\u00eda, la polic\u00eda y la abogac\u00eda son profesiones muy heterog\u00e9neas. Es decir, no son un bloque. <strong>Es necesario empujar para que sean un servicio p\u00fablico, para que sean un espacio donde te traten bien<\/strong>\u00ab, reivindica Vall. \u00abYo creo que, <strong>efectivamente, la violencia institucional existe<\/strong>, pero tenemos que hacer alguna cosa para que la releven. Pedir lo contrario es renunciar a un derecho de ciudadan\u00eda\u00bb, a\u00f1ade. \u00abYo conf\u00edo porque como abogada no me queda otra. El d\u00eda que deje de creer en esto har\u00e9 otra cosa. Vivo dentro del cuerpo de la bestia, estoy luchando y es mi campo de batalla. Si pensara que no se puede hacer nada es que no habr\u00eda obtenido ninguna condena, pero no es as\u00ed\u00bb, manifiesta.<\/p>\n<p class=\"ft-text\">Con el paso de los a\u00f1os, Vall ha notado cambios en las mujeres que acuden a su despacho. \u00ab<strong>Las chicas m\u00e1s j\u00f3venes pueden usar mucho m\u00e1s la palabra violaci\u00f3n. En cambio, las mayores, siguen usando eufemismos porque es una palabra tan fuerte que no quieren decir que han sido v\u00edctimas<\/strong>\u00ab, explica. Con el tiempo y los nuevos relatos de mujeres agredidas y maltratadas, la sociedad va comprendiendo mejor sus historias. \u00abSi escucho un testimonio de una mujer que tiene lagunas, que su relato va hacia delante y hacia atr\u00e1s, y que un d\u00eda de repente dice que se acuerda de cosas nuevas, una persona que no est\u00e1 entrenada en escuchar podr\u00e1 decir que se lo est\u00e1 inventando todo. En cambio, una persona con conocimiento en la materia sabe que <strong>el trauma produce precisamente que digas cosas distintas, las desordenes, tengas confusi\u00f3n sobre alguna parte del relato <\/strong>o que algo tan sencillo como un olor te desbloquee un recuerdo nuevo\u00bb, concluye.<\/p>\n<p data-close=\"closedContent\" class=\"subscribeHideForDisplay\">Suscr\u00edbete para seguir leyendo<\/p>\n","protected":false},"excerpt":{"rendered":"La violencia de g\u00e9nero no suele comenzar por el maltrato f\u00edsico y la bofetada, antes de llegar a&hellip;\n","protected":false},"author":2,"featured_media":134180,"comment_status":"","ping_status":"","sticky":false,"template":"","format":"standard","meta":{"footnotes":""},"categories":[172],"tags":[11922,224,4846,146,147,25,24,19774,225,905,23,8589,16317],"class_list":{"0":"post-134179","1":"post","2":"type-post","3":"status-publish","4":"format-standard","5":"has-post-thumbnail","7":"category-libros","8":"tag-analiza","9":"tag-books","10":"tag-carla","11":"tag-entertainment","12":"tag-entretenimiento","13":"tag-es","14":"tag-espana","15":"tag-flags","16":"tag-libros","17":"tag-red","18":"tag-spain","19":"tag-vall","20":"tag-violencia-de-genero"},"share_on_mastodon":{"url":"","error":""},"_links":{"self":[{"href":"https:\/\/www.europesays.com\/es\/wp-json\/wp\/v2\/posts\/134179","targetHints":{"allow":["GET"]}}],"collection":[{"href":"https:\/\/www.europesays.com\/es\/wp-json\/wp\/v2\/posts"}],"about":[{"href":"https:\/\/www.europesays.com\/es\/wp-json\/wp\/v2\/types\/post"}],"author":[{"embeddable":true,"href":"https:\/\/www.europesays.com\/es\/wp-json\/wp\/v2\/users\/2"}],"replies":[{"embeddable":true,"href":"https:\/\/www.europesays.com\/es\/wp-json\/wp\/v2\/comments?post=134179"}],"version-history":[{"count":0,"href":"https:\/\/www.europesays.com\/es\/wp-json\/wp\/v2\/posts\/134179\/revisions"}],"wp:featuredmedia":[{"embeddable":true,"href":"https:\/\/www.europesays.com\/es\/wp-json\/wp\/v2\/media\/134180"}],"wp:attachment":[{"href":"https:\/\/www.europesays.com\/es\/wp-json\/wp\/v2\/media?parent=134179"}],"wp:term":[{"taxonomy":"category","embeddable":true,"href":"https:\/\/www.europesays.com\/es\/wp-json\/wp\/v2\/categories?post=134179"},{"taxonomy":"post_tag","embeddable":true,"href":"https:\/\/www.europesays.com\/es\/wp-json\/wp\/v2\/tags?post=134179"}],"curies":[{"name":"wp","href":"https:\/\/api.w.org\/{rel}","templated":true}]}}