{"id":134187,"date":"2025-09-23T15:52:07","date_gmt":"2025-09-23T15:52:07","guid":{"rendered":"https:\/\/www.europesays.com\/es\/134187\/"},"modified":"2025-09-23T15:52:07","modified_gmt":"2025-09-23T15:52:07","slug":"el-ayuntamiento-niega-al-barcelona-la-licencia-para-jugar-en-el-nuevo-camp-nou-este-domingo-futbol-deportes","status":"publish","type":"post","link":"https:\/\/www.europesays.com\/es\/134187\/","title":{"rendered":"El Ayuntamiento niega al Barcelona la licencia para jugar en el nuevo Camp Nou este domingo | F\u00fatbol | Deportes"},"content":{"rendered":"<p class=\"\">El FC Barcelona no volver\u00e1 a <a href=\"https:\/\/elpais.com\/noticias\/camp-nou\/\" target=\"_self\" rel=\"nofollow noopener\" title=\"https:\/\/elpais.com\/noticias\/camp-nou\/\">su estadio, el renovado Spotify Camp Nou<\/a>, este domingo ante la Real Sociedad, tal y como pretend\u00eda la directiva del club. El Ayuntamiento de la ciudad, que dirige el alcalde Jaume Collboni (PSC), ha rechazado que el recinto pueda abrir en solo cinco d\u00edas por las deficiencias de seguridad que presenta.<\/p>\n<p class=\"\">El club azulgrana estaba pendiente de una reuni\u00f3n que se ha celebrado este martes por la tarde en el Consistorio barcelon\u00e9s, una sesi\u00f3n t\u00e9cnica en la que han evaluado los avances en las obras para tomar la decisi\u00f3n sobre la concesi\u00f3n del Certificado Final de Obra (CFO), indispensable para que el primer equipo del Bar\u00e7a pudiera competir en el nuevo estadio. Analizadas las condiciones en las que se encuentra el recinto, cuyas obras no han terminado por completo, tambi\u00e9n han contemplado la posibilidad de reabrir el estadio en una primera fase con un aforo limitado a 27.000 localidades entre el Gol Sur y la Tribuna. <\/p>\n<p>M\u00e1s informaci\u00f3n<\/p>\n<p class=\"\">El FC Barcelona, que solicit\u00f3 a LaLiga disputar sus cuatro primeros partidos de esta temporada fuera de casa con la idea de recibir ya en la quinta jornada al Valencia en el nuevo estadio, <a href=\"https:\/\/elpais.com\/deportes\/futbol\/2025-09-09\/el-barcelona-jugara-su-primer-partido-en-casa-en-el-johan-cruyff-y-ante-6000-espectadores.html\" target=\"_self\" rel=\"nofollow noopener\" title=\"https:\/\/elpais.com\/deportes\/futbol\/2025-09-09\/el-barcelona-jugara-su-primer-partido-en-casa-en-el-johan-cruyff-y-ante-6000-espectadores.html\">tuvo que jugar ese partido en el estadio Johan Cruyff<\/a>, ante unos 6.000 aficionados. Al mismo tiempo \u2014conscientes de igual manera de que <a href=\"https:\/\/elpais.com\/deportes\/futbol\/2025-03-20\/el-fc-barcelona-no-regresara-al-camp-nou-esta-temporada.html\" target=\"_self\" rel=\"nofollow noopener\" title=\"https:\/\/elpais.com\/deportes\/futbol\/2025-03-20\/el-fc-barcelona-no-regresara-al-camp-nou-esta-temporada.html\">no llegar\u00edan a tener el Camp Nou listo para el estreno de la Champions<\/a>\u2014, solicitaron los permisos necesarios para jugar esos partidos de <a href=\"https:\/\/elpais.com\/deportes\/futbol\/2025-09-18\/la-uefa-confirma-que-el-barcelona-psg-se-jugara-en-montjuic-los-azulgrana-no-podran-jugar-la-fase-de-grupos-en-el-camp-nou.html\" target=\"_self\" rel=\"nofollow noopener\" title=\"https:\/\/elpais.com\/deportes\/futbol\/2025-09-18\/la-uefa-confirma-que-el-barcelona-psg-se-jugara-en-montjuic-los-azulgrana-no-podran-jugar-la-fase-de-grupos-en-el-camp-nou.html\">la primera fase de la competici\u00f3n europea en el estadio de Montju\u00efc<\/a>. All\u00ed jugar\u00e1 contra el PSG el pr\u00f3ximo mi\u00e9rcoles 1 de octubre.<\/p>\n<p class=\"\">En la ma\u00f1ana de este martes, el FC Barcelona convoc\u00f3 a los medios de comunicaci\u00f3n en el Spotify Camp Nou para ofrecer una visita guiada, <a href=\"https:\/\/elpais.com\/deportes\/futbol\/2025-08-10\/el-camp-nou-de-nunca-acabar.html\" target=\"_self\" rel=\"nofollow noopener\" title=\"https:\/\/elpais.com\/deportes\/futbol\/2025-08-10\/el-camp-nou-de-nunca-acabar.html\">mostrar los avances en las obras<\/a> y que la vicepresidenta y m\u00e1xima responsable del Espai Bar\u00e7a, Elena Fort, explicara que aspiraban a competir en su nueva casa ya este fin de semana ante la Real Sociedad. \u201cYa hemos entregado toda la documentaci\u00f3n y esperamos que el Ayuntamiento emita hoy el certificado de primera ocupaci\u00f3n. El trabajo con el Ayuntamiento ha sido constante y se ha intensificado. Las licencias de primera ocupaci\u00f3n se pueden dar condicionadas a aspectos que haya que acabar. Puedo decir que la edificaci\u00f3n es correcta, pero que faltan detalles. Esperamos volver este domingo\u201d, afirm\u00f3. <\/p>\n<p class=\"\">[Noticia de \u00faltima hora. Habr\u00e1 ampliaci\u00f3n en breve.]<\/p>\n","protected":false},"excerpt":{"rendered":"El FC Barcelona no volver\u00e1 a su estadio, el renovado Spotify Camp Nou, este domingo ante la Real&hellip;\n","protected":false},"author":2,"featured_media":134188,"comment_status":"","ping_status":"","sticky":false,"template":"","format":"standard","meta":{"footnotes":""},"categories":[93],"tags":[15927,1540,168,1539,25,24,881,282,1538,4467,23,167],"class_list":{"0":"post-134187","1":"post","2":"type-post","3":"status-publish","4":"format-standard","5":"has-post-thumbnail","7":"category-deportes","8":"tag-camp-nou","9":"tag-competiciones","10":"tag-deportes","11":"tag-entrenadores","12":"tag-es","13":"tag-espana","14":"tag-fc-barcelona","15":"tag-futbol","16":"tag-futbolistas","17":"tag-joan-laporta","18":"tag-spain","19":"tag-sports"},"share_on_mastodon":{"url":"","error":""},"_links":{"self":[{"href":"https:\/\/www.europesays.com\/es\/wp-json\/wp\/v2\/posts\/134187","targetHints":{"allow":["GET"]}}],"collection":[{"href":"https:\/\/www.europesays.com\/es\/wp-json\/wp\/v2\/posts"}],"about":[{"href":"https:\/\/www.europesays.com\/es\/wp-json\/wp\/v2\/types\/post"}],"author":[{"embeddable":true,"href":"https:\/\/www.europesays.com\/es\/wp-json\/wp\/v2\/users\/2"}],"replies":[{"embeddable":true,"href":"https:\/\/www.europesays.com\/es\/wp-json\/wp\/v2\/comments?post=134187"}],"version-history":[{"count":0,"href":"https:\/\/www.europesays.com\/es\/wp-json\/wp\/v2\/posts\/134187\/revisions"}],"wp:featuredmedia":[{"embeddable":true,"href":"https:\/\/www.europesays.com\/es\/wp-json\/wp\/v2\/media\/134188"}],"wp:attachment":[{"href":"https:\/\/www.europesays.com\/es\/wp-json\/wp\/v2\/media?parent=134187"}],"wp:term":[{"taxonomy":"category","embeddable":true,"href":"https:\/\/www.europesays.com\/es\/wp-json\/wp\/v2\/categories?post=134187"},{"taxonomy":"post_tag","embeddable":true,"href":"https:\/\/www.europesays.com\/es\/wp-json\/wp\/v2\/tags?post=134187"}],"curies":[{"name":"wp","href":"https:\/\/api.w.org\/{rel}","templated":true}]}}