{"id":134193,"date":"2025-09-23T15:55:08","date_gmt":"2025-09-23T15:55:08","guid":{"rendered":"https:\/\/www.europesays.com\/es\/134193\/"},"modified":"2025-09-23T15:55:08","modified_gmt":"2025-09-23T15:55:08","slug":"la-nasa-se-prepara-para-lanzar-la-mision-imap-y-estudiar-el-clima-espacial-nasanet","status":"publish","type":"post","link":"https:\/\/www.europesays.com\/es\/134193\/","title":{"rendered":"La NASA se Prepara Para Lanzar la Misi\u00f3n IMAP y Estudiar el Clima Espacial :: NASANET"},"content":{"rendered":"<p><a href=\"https:\/\/www.lanasa.net\/download_file\/view\/5621\/2728\" rel=\"nofollow noopener\" target=\"_blank\"><img loading=\"lazy\" decoding=\"async\" src=\"https:\/\/www.europesays.com\/es\/wp-content\/uploads\/2025\/09\/newsIMAP.jpg\" alt=\"La NASA se Prepara Para Lanzar la Misi\u00f3n IMAP y Estudiar el Clima Espacial\" height=\"1000\" width=\"1200\"\/><\/a>&#13;<br \/>\n<strong>Credit: SpaceX\/NASA<\/strong>&#13;<\/p>\n<p style=\"text-align: justify;\">Un cohete Falcon\u202f9 de SpaceX, cargado con la misi\u00f3n IMAP (Interstellar Mapping and Acceleration Probe) de la NASA, junto con dos sat\u00e9lites adicionales \u2014el observatorio Carruthers Geocorona y la nave SWFO\u2011L1 de la NOAA\u2014, ya se encuentra en posici\u00f3n vertical en la plataforma de lanzamiento 39A del Centro Espacial Kennedy, en Florida. La plataforma fue levantada la madrugada del lunes 22 de septiembre de 2025, mientras los equipos ultiman los preparativos para el despegue. El lanzamiento est\u00e1 programado para el mi\u00e9rcoles 24 de septiembre a las 11:30 GMT.<\/p>\n<p style=\"text-align: justify;\">IMAP est\u00e1 dise\u00f1ada para mapear los bordes de la heliosfera \u2014esa gran burbuja protectora que rodea al sistema solar\u2014 y estudiar c\u00f3mo interact\u00faan la energ\u00eda y las part\u00edculas solares con ella. Las otras dos naves que viajan en modo rideshare tambi\u00e9n tienen funciones clave: Carruthers Geocorona se dedicar\u00e1 a observar la exosfera terrestre (la capa m\u00e1s externa de la atm\u00f3sfera) midiendo el brillo ultravioleta de la geocorona, mientras que SWFO\u2011L1, de la NOAA, ser\u00e1 un observatorio operativo de alerta temprana ante tormentas solares u otras perturbaciones espaciales con posibles efectos sobre la Tierra.<\/p>\n<p style=\"text-align: justify;\">Las tres naves se situar\u00e1n en el Punto de Lagrange 1, cerca de un mill\u00f3n de millas de la Tierra, muy hacia el lado del Sol. Esta posici\u00f3n permitir\u00e1 observar en tiempo real la actividad solar y sus efectos dentro del sistema solar interior.<\/p>\n","protected":false},"excerpt":{"rendered":"&#13; Credit: SpaceX\/NASA&#13; Un cohete Falcon\u202f9 de SpaceX, cargado con la misi\u00f3n IMAP (Interstellar Mapping and Acceleration Probe)&hellip;\n","protected":false},"author":2,"featured_media":134194,"comment_status":"","ping_status":"","sticky":false,"template":"","format":"standard","meta":{"footnotes":""},"categories":[81],"tags":[119,123,124,25,24,117,121,122,23,118,120],"class_list":{"0":"post-134193","1":"post","2":"type-post","3":"status-publish","4":"format-standard","5":"has-post-thumbnail","7":"category-ciencia-y-tecnologia","8":"tag-ciencia","9":"tag-ciencia-y-tecnologia","10":"tag-cienciaytecnologia","11":"tag-es","12":"tag-espana","13":"tag-science","14":"tag-science-and-technology","15":"tag-scienceandtechnology","16":"tag-spain","17":"tag-technology","18":"tag-tecnologia"},"share_on_mastodon":{"url":"","error":""},"_links":{"self":[{"href":"https:\/\/www.europesays.com\/es\/wp-json\/wp\/v2\/posts\/134193","targetHints":{"allow":["GET"]}}],"collection":[{"href":"https:\/\/www.europesays.com\/es\/wp-json\/wp\/v2\/posts"}],"about":[{"href":"https:\/\/www.europesays.com\/es\/wp-json\/wp\/v2\/types\/post"}],"author":[{"embeddable":true,"href":"https:\/\/www.europesays.com\/es\/wp-json\/wp\/v2\/users\/2"}],"replies":[{"embeddable":true,"href":"https:\/\/www.europesays.com\/es\/wp-json\/wp\/v2\/comments?post=134193"}],"version-history":[{"count":0,"href":"https:\/\/www.europesays.com\/es\/wp-json\/wp\/v2\/posts\/134193\/revisions"}],"wp:featuredmedia":[{"embeddable":true,"href":"https:\/\/www.europesays.com\/es\/wp-json\/wp\/v2\/media\/134194"}],"wp:attachment":[{"href":"https:\/\/www.europesays.com\/es\/wp-json\/wp\/v2\/media?parent=134193"}],"wp:term":[{"taxonomy":"category","embeddable":true,"href":"https:\/\/www.europesays.com\/es\/wp-json\/wp\/v2\/categories?post=134193"},{"taxonomy":"post_tag","embeddable":true,"href":"https:\/\/www.europesays.com\/es\/wp-json\/wp\/v2\/tags?post=134193"}],"curies":[{"name":"wp","href":"https:\/\/api.w.org\/{rel}","templated":true}]}}