{"id":134238,"date":"2025-09-23T16:28:11","date_gmt":"2025-09-23T16:28:11","guid":{"rendered":"https:\/\/www.europesays.com\/es\/134238\/"},"modified":"2025-09-23T16:28:11","modified_gmt":"2025-09-23T16:28:11","slug":"el-genio-raul-entrerrios-regresa-al-balonmano","status":"publish","type":"post","link":"https:\/\/www.europesays.com\/es\/134238\/","title":{"rendered":"El genio Ra\u00fal Entrerr\u00edos &#8216;regresa&#8217; al balonmano"},"content":{"rendered":"<p class=\"ft-text\"><a class=\"ft-link ft-link--decoration\" href=\"https:\/\/www.sport.es\/es\/noticias\/opinion\/raul-entrerrios-o-normalidad-emblema-99687602\" rel=\"nofollow noopener\" target=\"_blank\"><strong>Pocos figuras en la historia reciente del deporte habr\u00e1n dejado mejor sabor de boca como Ra\u00fal Entrerr\u00edos<\/strong><\/a><strong> en el Bar\u00e7a, en la selecci\u00f3n espa\u00f1ola y en todos los equipos<\/strong> en los que destil\u00f3 su juego simpar. Dotado de un talento excepcional y de una gran capacidad competitiva, el asturiano es uno de los mejores centrales espa\u00f1oles de la historia junto a Enric Masip y Talant Dujshebaev.<\/p>\n<p class=\"ft-text\"><strong>Tres Champions, cinco Mundiales de Clubs (antes Super Globe), dos Recopas, 11 Ligas Asobal<\/strong>, nueve Copas del Rey, 11 Copas ASOBAL (Ahora Copa de Espa\u00f1a), nueve Supercopas jalonan su palmar\u00e9s a nivel de clubs y con los Hispanos brillan sobre todo sus dos bronces ol\u00edmpicos (Pek\u00edn&#8217;08 y Tokio&#8217;20), su oro en el Mundial de 2005 y los dos t\u00edtulos europeos en 2016 y 2018.<\/p>\n<p class=\"ft-text\">Nacido el 12 de febrero de 1981, el gijon\u00e9s hizo de tripas coraz\u00f3n por culpa del covid. Su idea era retirarse en 2020 tras los Juegos de Tokio, pero el aplazamiento y su deseo de ser ol\u00edmpico por \u00faltima vez lo llevaron a estirar una temporada m\u00e1s su carrera y <a class=\"ft-link ft-link--decoration\" href=\"https:\/\/www.sport.es\/es\/noticias\/deportes\/juegos-olimpicos\/hispanos-son-bronce-adios-raul-11974520\" rel=\"nofollow noopener\" target=\"_blank\">colgar las zapatillas a lo grande con 40 a\u00f1os cumplidos y con la tercera plaza tras un duelo muy intenso contra Egipto (33-31)<\/a>.<\/p>\n<p><img decoding=\"async\" src=\"https:\/\/www.europesays.com\/es\/wp-content\/uploads\/2025\/09\/e85fc790-d390-4f2d-ab5d-44ffb3cba41a_alta-libre-aspect-ratio_default_0.jpg\" width=\"1200\" height=\"675\" alt=\"Entrerr\u00edos, en las Jornadas de Tecnificaci\u00f3n en el CAR de Sierra Nevada\" class=\"ft-helper-img-rd\" loading=\"lazy\" hasdataaida=\"true\"\/><\/p>\n<p class=\"ft-helper-fontColor-quaternary ft-helper-fontSize-body-S ft-helper-spacer-t-xxs\">Entrerr\u00edos, en las Jornadas de Tecnificaci\u00f3n en el CAR de Sierra Nevada  \/ RFEBM<\/p>\n<p class=\"ft-text\">Tras su retirada, <strong>el menor de los Entrerr\u00edos se integr\u00f3 en la secci\u00f3n como coordinador de la base<\/strong> e incluso <a class=\"ft-link ft-link--decoration\" href=\"https:\/\/www.sport.es\/es\/noticias\/deportes\/balonmano\/barca-juvenil-entrerrios-arrasa-final-13782886\" rel=\"nofollow noopener\" target=\"_blank\">en junio de 2022 llev\u00f3 al Bar\u00e7a juvenil a la conquista de la Minicopa ASOBAL<\/a> en el Pr\u00edncipe Felipe de Zaragoza con una clar\u00edsima victoria en la final ante el Bidasoa Irun en una exhibici\u00f3n de Petar Cikusa (21-37).<\/p>\n<p class=\"ft-text\"><a class=\"ft-link ft-link--decoration\" href=\"https:\/\/www.sport.es\/es\/noticias\/deportes\/balonmano\/raul-entrerrios-deja-barca-balonmano-99678459\" rel=\"nofollow noopener\" target=\"_blank\">El excentral dej\u00f3 el club en junio de 2024, 14 a\u00f1os despu\u00e9s de fichar como jugador<\/a>.<strong> \u00abHola, cul\u00e9s. Estoy aqu\u00ed para comunicaros que despu\u00e9s de muchas temporadas<\/strong> formando parte de este gran club, primero como jugador y despu\u00e9s como t\u00e9cnico, ha llegado la hora de poner fin a esta inolvidable etapa\u00bb, comenz\u00f3 la carta abierta que envi\u00f3 a la afici\u00f3n a trav\u00e9s de los medios del club.<\/p>\n<p class=\"ft-text\">No tard\u00f3 demasiado en incorporarse a la estructura de la Real Federaci\u00f3n Espa\u00f1ola de Balonmano (RFEBM) y <strong>el pasado 10 de septiembre se anunci\u00f3 de manera oficial que ser\u00e1 el nuevo seleccionador de los Hispanos juveniles<\/strong>, cargo que deja Nacho Moyano tras un sensacional trabajo para asumir el banquillo de la selecci\u00f3n espa\u00f1ola junior.<\/p>\n<p><img decoding=\"async\" src=\"https:\/\/www.europesays.com\/es\/wp-content\/uploads\/2025\/09\/5fd9d71c-0a9a-4749-95ee-80c3ce53142e_alta-libre-aspect-ratio_default_0.jpg\" width=\"1200\" height=\"740\" alt=\"Entrerr\u00edos, manteado en Tokio el d\u00eda de su retirada\" class=\"ft-helper-img-rd\" loading=\"lazy\" hasdataaida=\"true\"\/><\/p>\n<p class=\"ft-helper-fontColor-quaternary ft-helper-fontSize-body-S ft-helper-spacer-t-xxs\">Entrerr\u00edos, manteado en Tokio el d\u00eda de su retirada  \/ EFE<\/p>\n<p class=\"ft-text\">Con Pablo Larrumbide como ayudante, Entrerr\u00edos ya est\u00e1 en tierras egipcias al frente de la selecci\u00f3n juvenil y<strong> este mi\u00e9rcoles debutar\u00e1 en un amistoso contra Egipto que se repetir\u00e1 el jueves<\/strong>. \u00abQuer\u00edamos tener una fotograf\u00eda actualizada de este grupo y saber c\u00f3mo est\u00e1n, porque mezcla jugadores ya consolidados en su etapa promesa con otros que conforman un amplio abanico\u00bb, explic\u00f3 a la RFEBM antes de viajar a \u00c1frica.<\/p>\n<p class=\"ft-text\"><strong>\u00abAhora asumo un rol diferente, eso es indiscutible<\/strong>. El reto es hacer de este grupo un equipo competitivo, representar a Espa\u00f1a al m\u00e1ximo nivel y mantener un equipo abierto a m\u00e1s jugadores. El camino de cada jugador es distinto y ahora deben centrarse en competir y en formarse. Sobre todo valoro su capacidad para adaptarse al grupo, eso es vital\u00bb, a\u00f1adi\u00f3 &#8216;Rulo&#8217; (as\u00ed lo llamaban sus compa\u00f1eros en el Bar\u00e7a).<\/p>\n","protected":false},"excerpt":{"rendered":"Pocos figuras en la historia reciente del deporte habr\u00e1n dejado mejor sabor de boca como Ra\u00fal Entrerr\u00edos en&hellip;\n","protected":false},"author":2,"featured_media":134239,"comment_status":"","ping_status":"","sticky":false,"template":"","format":"standard","meta":{"footnotes":""},"categories":[278],"tags":[376,168,5284,28962,25,24,375,17162,3133,42711,3714,23,167],"class_list":{"0":"post-134238","1":"post","2":"type-post","3":"status-publish","4":"format-standard","5":"has-post-thumbnail","7":"category-balonmano","8":"tag-balonmano","9":"tag-deportes","10":"tag-egipto","11":"tag-entrerrios","12":"tag-es","13":"tag-espana","14":"tag-handball","15":"tag-hispanos","16":"tag-juvenil","17":"tag-raul-entrerrios","18":"tag-seleccion-espanola","19":"tag-spain","20":"tag-sports"},"share_on_mastodon":{"url":"","error":""},"_links":{"self":[{"href":"https:\/\/www.europesays.com\/es\/wp-json\/wp\/v2\/posts\/134238","targetHints":{"allow":["GET"]}}],"collection":[{"href":"https:\/\/www.europesays.com\/es\/wp-json\/wp\/v2\/posts"}],"about":[{"href":"https:\/\/www.europesays.com\/es\/wp-json\/wp\/v2\/types\/post"}],"author":[{"embeddable":true,"href":"https:\/\/www.europesays.com\/es\/wp-json\/wp\/v2\/users\/2"}],"replies":[{"embeddable":true,"href":"https:\/\/www.europesays.com\/es\/wp-json\/wp\/v2\/comments?post=134238"}],"version-history":[{"count":0,"href":"https:\/\/www.europesays.com\/es\/wp-json\/wp\/v2\/posts\/134238\/revisions"}],"wp:featuredmedia":[{"embeddable":true,"href":"https:\/\/www.europesays.com\/es\/wp-json\/wp\/v2\/media\/134239"}],"wp:attachment":[{"href":"https:\/\/www.europesays.com\/es\/wp-json\/wp\/v2\/media?parent=134238"}],"wp:term":[{"taxonomy":"category","embeddable":true,"href":"https:\/\/www.europesays.com\/es\/wp-json\/wp\/v2\/categories?post=134238"},{"taxonomy":"post_tag","embeddable":true,"href":"https:\/\/www.europesays.com\/es\/wp-json\/wp\/v2\/tags?post=134238"}],"curies":[{"name":"wp","href":"https:\/\/api.w.org\/{rel}","templated":true}]}}