{"id":134251,"date":"2025-09-23T16:37:17","date_gmt":"2025-09-23T16:37:17","guid":{"rendered":"https:\/\/www.europesays.com\/es\/134251\/"},"modified":"2025-09-23T16:37:17","modified_gmt":"2025-09-23T16:37:17","slug":"la-batalla-de-jimmy-kimmel-esta-lejos-de-terminar-y-revela-una-profunda-fractura-en-la-television-abierta","status":"publish","type":"post","link":"https:\/\/www.europesays.com\/es\/134251\/","title":{"rendered":"La batalla de Jimmy Kimmel est\u00e1 lejos de terminar y revela una profunda fractura en la televisi\u00f3n abierta"},"content":{"rendered":"<p>      CNN<br \/>\n        \u00a0\u2014\u00a0<\/p>\n<p class=\"paragraph inline-placeholder vossi-paragraph\" data-uri=\"es.cms.cnn.com\/_components\/paragraph\/instances\/cmfwn4cl9004p26p7bm7tdqb5@published\" data-editable=\"text\" data-component-name=\"paragraph\" data-article-gutter=\"true\">\n            Jimmy Kimmel regresar\u00e1 a ABC esta noche del martes, pero no en todos los mercados.\n    <\/p>\n<p class=\"paragraph inline-placeholder vossi-paragraph\" data-uri=\"es.cms.cnn.com\/_components\/paragraph\/instances\/cmfwn4isj0000356new012r7a@published\" data-editable=\"text\" data-component-name=\"paragraph\" data-article-gutter=\"true\">\n            Con Sinclair neg\u00e1ndose a transmitir el programa de Kimmel en sus estaciones afiliadas a ABC, y Nexstar a\u00fan sin comentar sobre sus planes, este tira y afloja por la libertad de expresi\u00f3n est\u00e1 lejos de terminar.\n    <\/p>\n<p class=\"paragraph inline-placeholder vossi-paragraph\" data-uri=\"es.cms.cnn.com\/_components\/paragraph\/instances\/cmfwnxqog0009356nzdegfmjq@published\" data-editable=\"text\" data-component-name=\"paragraph\" data-article-gutter=\"true\">\n            Y como dijo Jake Tapper de CNN a Seth Meyers el lunes por la noche, \u201cno termina\u201d con Kimmel.\n    <\/p>\n<p class=\"paragraph inline-placeholder vossi-paragraph\" data-uri=\"es.cms.cnn.com\/_components\/paragraph\/instances\/cmfwnxtps000b356ns730c5sm@published\" data-editable=\"text\" data-component-name=\"paragraph\" data-article-gutter=\"true\">\n            Comentaristas de medios MAGA est\u00e1n furiosos contra Disney, la empresa matriz de ABC, y algunos influyentes analistas est\u00e1n presionando p\u00fablicamente a la administraci\u00f3n Trump para que tome medidas contra la compa\u00f1\u00eda, recordando la frase del presidente de la FCC, Brendan Carr, de la semana pasada: \u201cPodemos hacerlo por las buenas o por las malas\u201d.\n    <\/p>\n<p class=\"paragraph inline-placeholder vossi-paragraph\" data-uri=\"es.cms.cnn.com\/_components\/paragraph\/instances\/cmfwny0y9000d356nz5f010xw@published\" data-editable=\"text\" data-component-name=\"paragraph\" data-article-gutter=\"true\">\n            Cualquier acci\u00f3n de este tipo ir\u00eda mucho m\u00e1s all\u00e1 de los l\u00edmites habituales de la regulaci\u00f3n gubernamental, pero el presidente Trump ha cruzado esas l\u00edneas desde que regres\u00f3 al Despacho Oval de la Casa Blanca, como bien sabe el CEO de Disney, Bob Iger.\n    <\/p>\n<p class=\"paragraph inline-placeholder vossi-paragraph\" data-uri=\"es.cms.cnn.com\/_components\/paragraph\/instances\/cmfwny4la000f356nebivzhcw@published\" data-editable=\"text\" data-component-name=\"paragraph\" data-article-gutter=\"true\">\n            Por eso estoy siguiendo de cerca la creciente ira MAGA hacia ABC mientras Kimmel regresa a la televisi\u00f3n. La indignaci\u00f3n es palpable en sitios como X, en el que la colaboradora de Fox News y editora s\u00e9nior de The Federalist, Mollie Hemingway, dijo anoche a sus seguidores que \u201cDISNEY TE DESPRECIA\u201d.\n    <\/p>\n<p>       <img decoding=\"async\" src=\"https:\/\/www.europesays.com\/es\/wp-content\/uploads\/2025\/09\/jimmy-kimmell-live-tv-set.jpg\" alt=\"Jimmy Kimmel regresar\u00e1 a la televisi\u00f3n el 23 de septiembre de 2025 por la noche, pero las batallas por la libertad de expresi\u00f3n est\u00e1n lejos de terminar.\" class=\"image__dam-img image__dam-img--loading\" onload=\"this.classList.remove('image__dam-img--loading')\" onerror=\"imageLoadError(this)\" height=\"1040\" width=\"1300\" loading=\"lazy\"\/><\/p>\n<p class=\"paragraph inline-placeholder vossi-paragraph\" data-uri=\"es.cms.cnn.com\/_components\/paragraph\/instances\/cmfwnwdhl0007356nsp0pjyuc@published\" data-editable=\"text\" data-component-name=\"paragraph\" data-article-gutter=\"true\">\n            Las publicaciones de Hemingway mostraron c\u00f3mo las figuras medi\u00e1ticas pro-Trump han adoptado una interpretaci\u00f3n muy diferente del mon\u00f3logo de Kimmel del 15 de septiembre en comparaci\u00f3n con otros espectadores. La \u201cmentira maliciosa\u201d de Kimmel fue \u201cdise\u00f1ada para proteger la violencia de izquierda y da\u00f1ar a\u00fan m\u00e1s a los estadounidenses y nuestros valores\u201d, escribi\u00f3 Hemingway.\n    <\/p>\n<p class=\"paragraph inline-placeholder vossi-paragraph\" data-uri=\"es.cms.cnn.com\/_components\/paragraph\/instances\/cmfwo01yi000k356njxzdvbzu@published\" data-editable=\"text\" data-component-name=\"paragraph\" data-article-gutter=\"true\">\n            En realidad, Kimmel dijo que el movimiento MAGA intentaba ganar puntos pol\u00edticos al tratar de demostrar que el sospechoso acusado de matar a Charlie Kirk no era partidario de Trump. Luego, el presentador ridiculiz\u00f3 uno de los comentarios de Trump tras el asesinato de Kirk.\n    <\/p>\n<p class=\"paragraph inline-placeholder vossi-paragraph\" data-uri=\"es.cms.cnn.com\/_components\/paragraph\/instances\/cmfwo01yi000l356nlyhcd1uh@published\" data-editable=\"text\" data-component-name=\"paragraph\" data-article-gutter=\"true\">\n            Vigilantes de los medios conservadores recortaron el momento de la transmisi\u00f3n de ABC y lo difundieron, lo que llev\u00f3 a Carr a condenar p\u00fablicamente a Kimmel e invocar el poder de la FCC sobre las licencias de las estaciones locales. Todos sabemos lo que pas\u00f3 despu\u00e9s. La decisi\u00f3n de ABC de apartar a Kimmel fue un triunfo moment\u00e1neo para los activistas de derecha que buscan victorias culturales adem\u00e1s de pol\u00edticas durante el mandato de Trump.\n    <\/p>\n<p class=\"paragraph inline-placeholder vossi-paragraph\" data-uri=\"es.cms.cnn.com\/_components\/paragraph\/instances\/cmfwo01yi000m356nrcf1oqva@published\" data-editable=\"text\" data-component-name=\"paragraph\" data-article-gutter=\"true\">\n            El regreso de Kimmel es, por tanto, un reproche a esos mismos activistas, y tambi\u00e9n, en palabras de PEN America, una \u201creivindicaci\u00f3n de la libertad de expresi\u00f3n\u201d.\n    <\/p>\n<p class=\"paragraph inline-placeholder vossi-paragraph\" data-uri=\"es.cms.cnn.com\/_components\/paragraph\/instances\/cmfwo01yi000n356n95en80jb@published\" data-editable=\"text\" data-component-name=\"paragraph\" data-article-gutter=\"true\">\n            El podcaster MAGA Benny Johnson, quien anim\u00f3 a Carr la semana pasada, escribi\u00f3 en X que la organizaci\u00f3n Turning Point USA de Kirk \u201cconsidera que las afirmaciones falsas de Jimmy Kimmel sobre el asesino de Charlie Kirk son un ataque abierto y feroz contra la organizaci\u00f3n y sus activistas\u201d.\n    <\/p>\n<p class=\"paragraph inline-placeholder vossi-paragraph\" data-uri=\"es.cms.cnn.com\/_components\/paragraph\/instances\/cmfwo01yi000o356njq00df8m@published\" data-editable=\"text\" data-component-name=\"paragraph\" data-article-gutter=\"true\">\n            Poco despu\u00e9s de que ABC anunciara el regreso de Kimmel, el fundador de OutKick y aliado de Trump, Clay Travis, dijo en Fox que el Gobierno deber\u00eda ejercer presi\u00f3n sobre Disney.\n    <\/p>\n<p class=\"paragraph inline-placeholder vossi-paragraph\" data-uri=\"es.cms.cnn.com\/_components\/paragraph\/instances\/cmfwo01yi000p356na1h5e1e4@published\" data-editable=\"text\" data-component-name=\"paragraph\" data-article-gutter=\"true\">\n            Al mencionar el acuerdo pendiente de ESPN con la NFL, Travis dijo: \u201cCreo que la administraci\u00f3n Trump debe analizar agresivamente esa posible adquisici\u00f3n de NFL Network y decir: \u2018Un momento, \u00bfDisney\/ABC realmente intenta hablarle a toda Am\u00e9rica? Si no lo hacen en un programa nocturno, \u00bflo har\u00e1n con los deportes? Creo que esas son preguntas reales que merecen ser planteadas\u2019\u201d.\n    <\/p>\n<p class=\"paragraph inline-placeholder vossi-paragraph\" data-uri=\"es.cms.cnn.com\/_components\/paragraph\/instances\/cmfwo01yi000q356nopwm8r2e@published\" data-editable=\"text\" data-component-name=\"paragraph\" data-article-gutter=\"true\">\n            El acuerdo con la NFL requiere la aprobaci\u00f3n del Departamento de Justicia de Trump, pero se supone que es un asunto antimonopolio, no una revisi\u00f3n de si ABC \u201cintenta hablarle a toda Am\u00e9rica\u201d.\n    <\/p>\n<p class=\"paragraph inline-placeholder vossi-paragraph\" data-uri=\"es.cms.cnn.com\/_components\/paragraph\/instances\/cmfwo01yi000r356nvrba798l@published\" data-editable=\"text\" data-component-name=\"paragraph\" data-article-gutter=\"true\">\n            Sin embargo, para los influencers pro-Trump que han resentido la inclinaci\u00f3n progresista de la televisi\u00f3n nocturna durante a\u00f1os y han despreciado a Kimmel por igual, el uso del poder gubernamental para castigar a los enemigos percibidos no es algo que deba condenarse; es algo que debe aprovecharse.\n    <\/p>\n<p class=\"paragraph inline-placeholder vossi-paragraph\" data-uri=\"es.cms.cnn.com\/_components\/paragraph\/instances\/cmfwo01yi000s356nxn4uixhr@published\" data-editable=\"text\" data-component-name=\"paragraph\" data-article-gutter=\"true\">\n            Ryan Faughnder, de Los Angeles Times, lo resumi\u00f3 mejor esta ma\u00f1ana: \u201cDisney quer\u00eda dejar la pol\u00edtica. Pero la pol\u00edtica no ha dejado a Disney. Nunca lo hace\u201d.\n    <\/p>\n<p>       <img loading=\"lazy\" decoding=\"async\" src=\"https:\/\/www.europesays.com\/es\/wp-content\/uploads\/2025\/09\/1758645437_335_gettyimages-2197173936.jpg\" alt=\"GettyImages-2197173936.jpg\" class=\"image__dam-img image__dam-img--loading\" onload=\"this.classList.remove('image__dam-img--loading')\" onerror=\"imageLoadError(this)\" height=\"3333\" width=\"5000\"\/><\/p>\n<p>Esto dijo el funcionario del Gobierno de Trump que presion\u00f3 para suspender el show de Jimmy Kimmel\n                <\/p>\n<p>Esto dijo el funcionario del Gobierno de Trump que presion\u00f3 para suspender el show de Jimmy Kimmel<\/p>\n<p>01:48     <\/p>\n<p class=\"paragraph inline-placeholder vossi-paragraph\" data-uri=\"es.cms.cnn.com\/_components\/paragraph\/instances\/cmfwnzzol000i356npz5cgh6e@published\" data-editable=\"text\" data-component-name=\"paragraph\" data-article-gutter=\"true\">\n            Eso es lo que dijo Jake Tapper durante una visita a \u201cLate Night with Seth Meyers\u201d el lunes por la noche.\n    <\/p>\n<p class=\"paragraph inline-placeholder vossi-paragraph\" data-uri=\"es.cms.cnn.com\/_components\/paragraph\/instances\/cmfwolrta002c356ncysnzykp@published\" data-editable=\"text\" data-component-name=\"paragraph\" data-article-gutter=\"true\">\n            Tapper calific\u00f3 el efecto domin\u00f3 de la semana pasada como \u201cla infracci\u00f3n m\u00e1s directa del Gobierno a la libertad de expresi\u00f3n que he visto en mi vida\u201d.\n    <\/p>\n<p class=\"paragraph inline-placeholder vossi-paragraph\" data-uri=\"es.cms.cnn.com\/_components\/paragraph\/instances\/cmfwolvuj002e356nwo8a2uis@published\" data-editable=\"text\" data-component-name=\"paragraph\" data-article-gutter=\"true\">\n            \u201cVeremos qu\u00e9 pasa cuando vayan por Comcast\u201d, la empresa matriz de NBC, \u201cy veremos qu\u00e9 pasa cuando vayan por Warner Bros. Discovery\u201d, la empresa matriz de CNN, dijo Tapper a Meyers. \u201cQuiz\u00e1s t\u00fa y yo terminemos dibujando c\u00f3mics\u201d.\n    <\/p>\n<p class=\"paragraph inline-placeholder vossi-paragraph\" data-uri=\"es.cms.cnn.com\/_components\/paragraph\/instances\/cmfwo2iza0011356nvwpg0fxz@published\" data-editable=\"text\" data-component-name=\"paragraph\" data-article-gutter=\"true\">\n            Nexstar fue el primer grupo de estaciones en pronunciarse p\u00fablicamente contra Kimmel el mi\u00e9rcoles pasado. Nexstar es tambi\u00e9n el mejor ejemplo de una empresa de medios que siente la necesidad de congraciarse con Trump en este momento, ya que necesita que la FCC apruebe su fusi\u00f3n pendiente con Tegna.\n    <\/p>\n<p class=\"paragraph inline-placeholder vossi-paragraph\" data-uri=\"es.cms.cnn.com\/_components\/paragraph\/instances\/cmfwo2iza0012356nlrlczino@published\" data-editable=\"text\" data-component-name=\"paragraph\" data-article-gutter=\"true\">\n            \u00bfTransmitir\u00e1 Nexstar el regreso de Kimmel este martes por la noche? Eso est\u00e1 por anunciarse.\n    <\/p>\n<p class=\"paragraph inline-placeholder vossi-paragraph\" data-uri=\"es.cms.cnn.com\/_components\/paragraph\/instances\/cmfwon5zs002g356ni9tb144k@published\" data-editable=\"text\" data-component-name=\"paragraph\" data-article-gutter=\"true\">\n            Las estaciones locales afiliadas a ABC de Nexstar est\u00e1n en la incertidumbre; algunas redacciones locales de la compa\u00f1\u00eda tuvieron dificultades para decidir c\u00f3mo cubrir el anuncio de ABC el lunes, ya que no sab\u00edan si sus propias estaciones iban a emitir el programa o no.\n    <\/p>\n<p class=\"paragraph inline-placeholder vossi-paragraph\" data-uri=\"es.cms.cnn.com\/_components\/paragraph\/instances\/cmfwo2iza0013356nkbu8u7zz@published\" data-editable=\"text\" data-component-name=\"paragraph\" data-article-gutter=\"true\">\n            En t\u00e9rminos m\u00e1s generales, veo este momento como otro ejemplo del lento desmantelamiento de la televisi\u00f3n abierta, que cada vez es menos \u201cabierta\u201d, y otro ejemplo de la divisi\u00f3n entre rojos y azules, que parece fracturarlo todo, incluso los horarios de la televisi\u00f3n.\n    <\/p>\n","protected":false},"excerpt":{"rendered":"CNN \u00a0\u2014\u00a0 Jimmy Kimmel regresar\u00e1 a ABC esta noche del martes, pero no en todos los mercados. Con&hellip;\n","protected":false},"author":2,"featured_media":134252,"comment_status":"","ping_status":"","sticky":false,"template":"","format":"standard","meta":{"footnotes":""},"categories":[174],"tags":[15171,42722,255,1060,352,146,147,25,24,629,256,20754,16481,23,807,24617],"class_list":{"0":"post-134251","1":"post","2":"type-post","3":"status-publish","4":"format-standard","5":"has-post-thumbnail","7":"category-famosos","8":"tag-abc","9":"tag-bob-iger","10":"tag-celebrities","11":"tag-disney","12":"tag-donald-trump","13":"tag-entertainment","14":"tag-entretenimiento","15":"tag-es","16":"tag-espana","17":"tag-estados-unidos","18":"tag-famosos","19":"tag-jimmy-kimmel","20":"tag-libertad-de-expresion","21":"tag-spain","22":"tag-television","23":"tag-television-nocturna"},"share_on_mastodon":{"url":"","error":""},"_links":{"self":[{"href":"https:\/\/www.europesays.com\/es\/wp-json\/wp\/v2\/posts\/134251","targetHints":{"allow":["GET"]}}],"collection":[{"href":"https:\/\/www.europesays.com\/es\/wp-json\/wp\/v2\/posts"}],"about":[{"href":"https:\/\/www.europesays.com\/es\/wp-json\/wp\/v2\/types\/post"}],"author":[{"embeddable":true,"href":"https:\/\/www.europesays.com\/es\/wp-json\/wp\/v2\/users\/2"}],"replies":[{"embeddable":true,"href":"https:\/\/www.europesays.com\/es\/wp-json\/wp\/v2\/comments?post=134251"}],"version-history":[{"count":0,"href":"https:\/\/www.europesays.com\/es\/wp-json\/wp\/v2\/posts\/134251\/revisions"}],"wp:featuredmedia":[{"embeddable":true,"href":"https:\/\/www.europesays.com\/es\/wp-json\/wp\/v2\/media\/134252"}],"wp:attachment":[{"href":"https:\/\/www.europesays.com\/es\/wp-json\/wp\/v2\/media?parent=134251"}],"wp:term":[{"taxonomy":"category","embeddable":true,"href":"https:\/\/www.europesays.com\/es\/wp-json\/wp\/v2\/categories?post=134251"},{"taxonomy":"post_tag","embeddable":true,"href":"https:\/\/www.europesays.com\/es\/wp-json\/wp\/v2\/tags?post=134251"}],"curies":[{"name":"wp","href":"https:\/\/api.w.org\/{rel}","templated":true}]}}