{"id":134255,"date":"2025-09-23T16:39:18","date_gmt":"2025-09-23T16:39:18","guid":{"rendered":"https:\/\/www.europesays.com\/es\/134255\/"},"modified":"2025-09-23T16:39:18","modified_gmt":"2025-09-23T16:39:18","slug":"que-leemos-este-mes","status":"publish","type":"post","link":"https:\/\/www.europesays.com\/es\/134255\/","title":{"rendered":"\u00bfQu\u00e9 leemos este mes?"},"content":{"rendered":"<p>Te damos propuestas para disfrutar en esta temporada. Conoc\u00e9 los elegidos por ELLE.<\/p>\n<p>V\u00cdNCULOS SEXOAFECTIVOS<\/p>\n<p>La narradora migrante de esta novela se embarca en una autoexploraci\u00f3n acerca de la vida secreta de su coraz\u00f3n, en sentido literal y figurado. Nacida con un soplo, causa de una serie de operaciones de alta complejidad, sobreviviente y con cicatrices, deja Buenos Aires para estudiar en Barcelona. Las amistades y los amores fluyen sin demasiadas complicaciones hasta que se enreda con Alonso, un hombre casado en una relaci\u00f3n abierta. Lo que a primera vista parec\u00eda un grito de libertad, poco a poco se parece m\u00e1s a una trampa de la que ser\u00e1 dif\u00edcil salir. Sutura, de Sof\u00eda Balbuena (Seix Barral).<\/p>\n<p>EL ANIMAL QUE ME MIRA<\/p>\n<p>Avistaje propone a trav\u00e9s de asociaciones mim\u00e9ticas cargadas de humor y sensibilidad, un espejo donde reflejarnos y repensarnos en la relaci\u00f3n humano-no humano. La autora pone a dialogar los dos universos para crear un puente que invita a mirar y mirarnos con atenci\u00f3n y empat\u00eda; a redescubrirnos en los otros \u2013personas o animales\u2013 para alinearnos a nuestra naturaleza y ser en esencia lo que somos. Avistaje, de Clara de Estrada (La Luminosa).<\/p>\n<p>EL FUTURO LABORAL<\/p>\n<p>A todos, alguna vez, nos doli\u00f3 el trabajo. En un contexto donde el mundo laboral atraviesa una transformaci\u00f3n vertiginosa, este libro est\u00e1 dirigido tanto a quienes transitan crisis psicoemocionales o redefiniciones profesionales como a organizaciones en procesos de cambio. La obra est\u00e1 basada en el innovador y especializado M\u00e9todo Tarasiewicz y ofrece herramientas concretas para cruzar umbrales transformacionales. Invita a resignificar el v\u00ednculo de la ocupaci\u00f3n desde la salud mental, avanzar hacia una autorrealizaci\u00f3n profesional sostenible, desarrollar un liderazgo m\u00e1s humano y prepararse para lo que viene. Cuando el trabajo duele, de Anal\u00eda Tarasiewicz.<\/p>\n<p>LA VUELTA A LOS A\u00d1OS 70<\/p>\n<p>Una chica de 13 a\u00f1os fue la mejor amiga de la hija del director de una escuela de formaci\u00f3n de suboficiales de la Armada. Ya adulta, la narradora evoca el v\u00ednculo de esas dos adolescentes en plena dictadura militar. Una novela tan vital como sensible: sin estridencias. Las escuelas, de Adriana Amante (Tusquets).<\/p>\n<p>DESCUBR\u00cd LO QUE NECESIT\u00c1S<\/p>\n<p>\u00bfQu\u00e9 quiero en una relaci\u00f3n? \u00bfC\u00f3mo puedo estar segura de que es la persona correcta? \u00bfC\u00f3mo se lidia con la monoton\u00eda? Parejas mejores, Alicia Gonz\u00e1lez (Montena).<\/p>\n<p>ROMPER CON LOS MANDATOS<\/p>\n<p>La premisa es un llamado a resetear cuerpo, mente y esp\u00edritu. Vivir sin fecha de nacimiento, de Carolina Winograd (Planeta).<\/p>\n<p>LA VIDA SE DETIENE <\/p>\n<p>\u00bfQu\u00e9 se hace cuando no se puede hacer nada? Mientras respires, est\u00e1s a tiempo, de Leti Ar\u00e9valo (Random).<\/p>\n","protected":false},"excerpt":{"rendered":"Te damos propuestas para disfrutar en esta temporada. Conoc\u00e9 los elegidos por ELLE. V\u00cdNCULOS SEXOAFECTIVOS La narradora migrante&hellip;\n","protected":false},"author":2,"featured_media":134256,"comment_status":"","ping_status":"","sticky":false,"template":"","format":"standard","meta":{"footnotes":""},"categories":[172],"tags":[224,146,147,25,24,225,23],"class_list":{"0":"post-134255","1":"post","2":"type-post","3":"status-publish","4":"format-standard","5":"has-post-thumbnail","7":"category-libros","8":"tag-books","9":"tag-entertainment","10":"tag-entretenimiento","11":"tag-es","12":"tag-espana","13":"tag-libros","14":"tag-spain"},"share_on_mastodon":{"url":"","error":""},"_links":{"self":[{"href":"https:\/\/www.europesays.com\/es\/wp-json\/wp\/v2\/posts\/134255","targetHints":{"allow":["GET"]}}],"collection":[{"href":"https:\/\/www.europesays.com\/es\/wp-json\/wp\/v2\/posts"}],"about":[{"href":"https:\/\/www.europesays.com\/es\/wp-json\/wp\/v2\/types\/post"}],"author":[{"embeddable":true,"href":"https:\/\/www.europesays.com\/es\/wp-json\/wp\/v2\/users\/2"}],"replies":[{"embeddable":true,"href":"https:\/\/www.europesays.com\/es\/wp-json\/wp\/v2\/comments?post=134255"}],"version-history":[{"count":0,"href":"https:\/\/www.europesays.com\/es\/wp-json\/wp\/v2\/posts\/134255\/revisions"}],"wp:featuredmedia":[{"embeddable":true,"href":"https:\/\/www.europesays.com\/es\/wp-json\/wp\/v2\/media\/134256"}],"wp:attachment":[{"href":"https:\/\/www.europesays.com\/es\/wp-json\/wp\/v2\/media?parent=134255"}],"wp:term":[{"taxonomy":"category","embeddable":true,"href":"https:\/\/www.europesays.com\/es\/wp-json\/wp\/v2\/categories?post=134255"},{"taxonomy":"post_tag","embeddable":true,"href":"https:\/\/www.europesays.com\/es\/wp-json\/wp\/v2\/tags?post=134255"}],"curies":[{"name":"wp","href":"https:\/\/api.w.org\/{rel}","templated":true}]}}