{"id":134270,"date":"2025-09-23T16:48:18","date_gmt":"2025-09-23T16:48:18","guid":{"rendered":"https:\/\/www.europesays.com\/es\/134270\/"},"modified":"2025-09-23T16:48:18","modified_gmt":"2025-09-23T16:48:18","slug":"una-comision-independiente-de-la-onu-acusa-a-israel-de-buscar-el-control-permanente-de-gaza-y-una-mayoria-judia-en-cisjordania-internacional","status":"publish","type":"post","link":"https:\/\/www.europesays.com\/es\/134270\/","title":{"rendered":"Una comisi\u00f3n independiente de la ONU acusa a Israel de buscar \u201cel control permanente de Gaza\u201d y una mayor\u00eda jud\u00eda en Cisjordania | Internacional"},"content":{"rendered":"<p class=\"\">La Comisi\u00f3n internacional independiente de investigaci\u00f3n de Naciones Unidas sobre los territorios palestinos ocupados acusa a Israel de buscar \u201cel control permanente\u201d sobre la franja de Gaza, as\u00ed como de intentar garantizar una mayor\u00eda jud\u00eda en los territorios ocupados de Cisjordania y dentro de Israel, <a href=\"https:\/\/www.ohchr.org\/en\/hr-bodies\/hrc\/co-israel\/index\" target=\"_self\" rel=\"nofollow noopener\" title=\"https:\/\/www.ohchr.org\/en\/hr-bodies\/hrc\/co-israel\/index\">seg\u00fan recoge un informe publicado este martes<\/a>. El texto concluye adem\u00e1s que las autoridades israel\u00edes demolieron \u201cde forma extensa y sistem\u00e1tica\u201d la infraestructura civil en los corredores y la zona de amortiguaci\u00f3n \u2014\u00e1rea de seguridad controlada por el ej\u00e9rcito y sin presencia civil\u2014, y ampliaron continuamente las zonas bajo su control hasta alcanzar el 75% del enclave el pasado mes de julio. <\/p>\n<p class=\"\">La destrucci\u00f3n de infraestructuras civiles y los traslados forzosos de la poblaci\u00f3n han reducido \u201csustancialmente\u201d el territorio disponible para los gazat\u00edes, con \u201cimportantes repercusiones en su capacidad para ejercer su derecho a la autodeterminaci\u00f3n\u201d, subrayan los expertos nombrados por el Consejo de Derechos Humanos de la ONU. <\/p>\n<p class=\"\">Se trata, de acuerdo con el informe, de \u201cun acto subyacente de genocidio\u201d, ya que se crean deliberadamente \u201ccondiciones de vida calculadas para destruir, total o parcialmente, a los palestinos de Gaza\u201d. Estas nuevas acusaciones llegan una semana despu\u00e9s de que los expertos concluyeran por primera vez que Israel es <a href=\"https:\/\/elpais.com\/internacional\/2025-09-16\/una-comision-de-la-onu-acusa-a-israel-de-genocidio-en-gaza.html\" target=\"_self\" rel=\"nofollow noopener\" title=\"https:\/\/elpais.com\/internacional\/2025-09-16\/una-comision-de-la-onu-acusa-a-israel-de-genocidio-en-gaza.html\">responsable de genocidio en la Franja<\/a> y que el presidente israel\u00ed, Isaac Herzog; el primer ministro, Benjam\u00edn Netanyahu, y el exministro de Defensa Yoav Gallant \u201cincitaron a cometer\u201d este crimen. <\/p>\n<p class=\"\">Aunque Israel alegue razones de seguridad detr\u00e1s de la confiscaci\u00f3n y el control de tierras, \u201cno se ha logrado una mayor seguridad para nadie, sino que se ha agravado el sufrimiento del pueblo palestino\u201d, privado de recursos indispensables para su supervivencia, incluida la capacidad de producir alimentos, asegura Navi Pillay, presidenta de la Comisi\u00f3n. <\/p>\n<p>Expansi\u00f3n de asentamientos<\/p>\n<p class=\"\">Seg\u00fan la investigaci\u00f3n de la comisi\u00f3n de la ONU, en Cisjordania, territorio que Israel ocupa militarmente, las medidas puestas en marcha por el Gobierno israel\u00ed desde octubre de 2023 demuestran \u201cuna clara intenci\u00f3n\u201d de trasladar por la fuerza a los palestinos, ampliar la presencia civil jud\u00eda israel\u00ed y anexionar la totalidad de Cisjordania. El informe asegura que estas acciones impiden la posibilidad de crear un Estado palestino y est\u00e1n orientadas a mantener una ocupaci\u00f3n indefinida de estos territorios.<\/p>\n<p class=\"\">Pillay muestra en el reporte una especial preocupaci\u00f3n por el <a href=\"https:\/\/elpais.com\/internacional\/2025-08-14\/un-ministro-ultra-israeli-anuncia-la-aprobacion-de-un-nuevo-asentamiento-judio-que-entierra-la-idea-de-un-estado-palestino.html\" rel=\"nofollow noopener\" target=\"_blank\">pol\u00e9mico macroproyecto de colonias israel\u00edes en Cisjordania<\/a> aprobado en agosto, despu\u00e9s de estar parado desde los a\u00f1os noventa. De llevarse a cabo, la construcci\u00f3n de 3.400 viviendas destinadas a uso exclusivo de poblaci\u00f3n israel\u00ed sobre tierra palestina fracturar\u00eda Cisjordania en dos mitades y la aislar\u00eda de Jerusal\u00e9n Este, capital de un eventual Estado palestino. \u201cSeguir\u00e1n hablando de un sue\u00f1o palestino mientras nosotros continuamos construyendo una realidad jud\u00eda\u201d, celebr\u00f3 entonces el ministro israel\u00ed de Finanzas, el ultraderechista <a href=\"https:\/\/elpais.com\/internacional\/2023-03-21\/el-pueblo-palestino-no-existe-las-declaraciones-de-un-ministro-israeli-despiertan-la-condena-internacional.html\" rel=\"nofollow noopener\" target=\"_blank\">Bezalel Smotrich<\/a>. <\/p>\n<p class=\"\">\u201cEstos acontecimientos corroboran nuestras conclusiones. La invasi\u00f3n israel\u00ed de toda Cisjordania y el despojo y reubicaci\u00f3n de m\u00faltiples comunidades palestinas son ahora objetivos expl\u00edcitos, de los que los funcionarios israel\u00edes se jactan con orgullo. Estos planes y declaraciones son abominables y deben ser ampliamente condenados\u201d, afirma la presidenta de la comisi\u00f3n.<\/p>\n<p class=\"\">Este organismo analiza tambi\u00e9n las pol\u00edticas de tierra y vivienda dentro de Israel y denuncia las pol\u00edticas adoptadas por distintos gobiernos israel\u00edes y destinadas a reducir el espacio para la poblaci\u00f3n palestina, con medidas como el confinamiento de aldeas y obstaculizando los desplazamientos. <\/p>\n<p class=\"\">Los expertos instan al Gobierno de Israel a que ponga fin de inmediato al \u201cgenocidio en la Franja y a su ocupaci\u00f3n ilegal del territorio palestino\u201d y que retire todos los asentamientos y colonias de Cisjordania. Para los expertos, Netanyahu es \u201cel m\u00e1ximo responsable\u201d de las conductas analizadas en el informe y \u201ces directamente responsable de ordenar la comisi\u00f3n de actos que constituyen cr\u00edmenes de guerra, cr\u00edmenes contra la humanidad y el delito de genocidio\u201d. <\/p>\n","protected":false},"excerpt":{"rendered":"La Comisi\u00f3n internacional independiente de investigaci\u00f3n de Naciones Unidas sobre los territorios palestinos ocupados acusa a Israel de&hellip;\n","protected":false},"author":2,"featured_media":134271,"comment_status":"","ping_status":"","sticky":false,"template":"","format":"standard","meta":{"footnotes":""},"categories":[42],"tags":[17,18,6920,68,70,71,72,5282,13,14,73,69,11,61,62,63,64,74,19,20,9,10,15,16,732,76,12,21,22,65,66,67],"class_list":{"0":"post-134270","1":"post","2":"type-post","3":"status-publish","4":"format-standard","5":"has-post-thumbnail","7":"category-internacional","8":"tag-breaking-news","9":"tag-breakingnews","10":"tag-cisjordania","11":"tag-conflicto-arabe-israeli","12":"tag-conflictos","13":"tag-conflictos-armados","14":"tag-conflictos-internacionales","15":"tag-derechos-humanos","16":"tag-featured-news","17":"tag-featurednews","18":"tag-franja-gaza","19":"tag-guerra","20":"tag-headlines","21":"tag-internacional","22":"tag-international","23":"tag-international-news","24":"tag-internationalnews","25":"tag-israel","26":"tag-latest-news","27":"tag-latestnews","28":"tag-news","29":"tag-noticias","30":"tag-noticias-destacadas","31":"tag-noticiasdestacadas","32":"tag-onu","33":"tag-palestina","34":"tag-titulares","35":"tag-ultimas-noticias","36":"tag-ultimasnoticias","37":"tag-world","38":"tag-world-news","39":"tag-worldnews"},"share_on_mastodon":{"url":"","error":""},"_links":{"self":[{"href":"https:\/\/www.europesays.com\/es\/wp-json\/wp\/v2\/posts\/134270","targetHints":{"allow":["GET"]}}],"collection":[{"href":"https:\/\/www.europesays.com\/es\/wp-json\/wp\/v2\/posts"}],"about":[{"href":"https:\/\/www.europesays.com\/es\/wp-json\/wp\/v2\/types\/post"}],"author":[{"embeddable":true,"href":"https:\/\/www.europesays.com\/es\/wp-json\/wp\/v2\/users\/2"}],"replies":[{"embeddable":true,"href":"https:\/\/www.europesays.com\/es\/wp-json\/wp\/v2\/comments?post=134270"}],"version-history":[{"count":0,"href":"https:\/\/www.europesays.com\/es\/wp-json\/wp\/v2\/posts\/134270\/revisions"}],"wp:featuredmedia":[{"embeddable":true,"href":"https:\/\/www.europesays.com\/es\/wp-json\/wp\/v2\/media\/134271"}],"wp:attachment":[{"href":"https:\/\/www.europesays.com\/es\/wp-json\/wp\/v2\/media?parent=134270"}],"wp:term":[{"taxonomy":"category","embeddable":true,"href":"https:\/\/www.europesays.com\/es\/wp-json\/wp\/v2\/categories?post=134270"},{"taxonomy":"post_tag","embeddable":true,"href":"https:\/\/www.europesays.com\/es\/wp-json\/wp\/v2\/tags?post=134270"}],"curies":[{"name":"wp","href":"https:\/\/api.w.org\/{rel}","templated":true}]}}