{"id":134274,"date":"2025-09-23T16:50:07","date_gmt":"2025-09-23T16:50:07","guid":{"rendered":"https:\/\/www.europesays.com\/es\/134274\/"},"modified":"2025-09-23T16:50:07","modified_gmt":"2025-09-23T16:50:07","slug":"israel-busca-el-control-permanente-de-gaza-y-una-mayoria-judia-en-todos-los-territorios-que-domina","status":"publish","type":"post","link":"https:\/\/www.europesays.com\/es\/134274\/","title":{"rendered":"Israel busca el control permanente de Gaza y una mayor\u00eda jud\u00eda en todos los territorios que domina"},"content":{"rendered":"<p>Israel busca <strong>consolidar el control permanente sobre la Franja de <a href=\"https:\/\/news.un.org\/es\/events\/israel-palestina\" rel=\"nofollow noopener\" target=\"_blank\">Gaza<\/a><\/strong> y asegurar una mayor\u00eda jud\u00eda en todos los territorios palestinos que ocupa y en su propio territorio nacional, acus\u00f3 este martes el m\u00e1s reciente<a href=\"https:\/\/documents.un.org\/doc\/undoc\/gen\/n25\/220\/52\/pdf\/n2522052.pdf\" rel=\"nofollow noopener\" target=\"_blank\"> informe<\/a> de la <a class=\"en-link\" href=\"https:\/\/www.ohchr.org\/en\/hr-bodies\/hrc\/co-israel\/index\" rel=\"nofollow noopener\" target=\"_blank\">Comisi\u00f3n de Investigaci\u00f3n Independiente sobre los territorios palestinos ocupados<\/a><strong>*<\/strong>.<\/p>\n<p><strong>\u201cLa intenci\u00f3n es clara y sostenida<\/strong>\u201d, dice el documento elaborado tras meses de investigaci\u00f3n sobre pol\u00edticas de tierra y vivienda en Gaza, Cisjordania, Jerusal\u00e9n Oriental e e Israel.<\/p>\n<p>\u201cIsrael no solo quiere dominar Gaza, sino garantizar <strong>que los palestinos nunca puedan ejercer su derecho a la autodeterminaci\u00f3n<\/strong>\u201d, afirm\u00f3 la Comisi\u00f3n establecida por el <a href=\"https:\/\/www.ohchr.org\/SP\/HRBodies\/HRC\/Pages\/Home.aspx\" rel=\"nofollow noopener\" target=\"_blank\"><a href=\"https:\/\/www.ohchr.org\/es\/hrbodies\/hrc\/home\" rel=\"nofollow noopener\" target=\"_blank\">Consejo de Derechos Humanos<\/a> de la ONU.<\/p>\n<p>Genocidio<\/p>\n<p>Las fuerzas israel\u00edes han destruido infraestructura civil esencial, forzado desplazamientos masivos y ampliado zonas de control militar que ahora abarcan el 75% del territorio gazat\u00ed. Todo, con el objetivo de \u201c<strong>crear condiciones de vida que lleven a la destrucci\u00f3n total o parcial<\/strong> de la poblaci\u00f3n palestina\u201d, sostiene el informe.<\/p>\n<p>Adem\u00e1s, responsabiliza directamente al Estado de Israel, y nombra a varios altos funcionarios por su rol en estos cr\u00edmenes, incluyendo al primer ministro Benjamin Netanyahu, al exministro de Defensa Yoav Gallant y al presidente de Israel, todos <strong>imputados de incitaci\u00f3n al <\/strong><a href=\"https:\/\/news.un.org\/es\/story\/2025\/09\/1540443\" rel=\"nofollow noopener\" target=\"_blank\"><strong>genocidio<\/strong><\/a><strong>.<\/strong><\/p>\n<p>\u201cLa <strong>confiscaci\u00f3n de tierras en Gaza<\/strong>, disfrazada de estrategia de seguridad, no ha tra\u00eddo m\u00e1s seguridad. Solo ha aumentado el sufrimiento palestino y su incapacidad para sobrevivir, incluso para producir alimentos\u201d, advirti\u00f3 Navi Pillay, presidenta de la Comisi\u00f3n.<\/p>\n<p>Cisjordania: los planes de anexi\u00f3n son abiertos<\/p>\n<p>En Cisjordania, los hallazgos de la Comisi\u00f3n fueron igualmente contundentes. Desde octubre de 2023, el gobierno israel\u00ed ha intensificado el desplazamiento forzado de palestinos y el crecimiento de asentamientos ilegales, con el <strong>objetivo expl\u00edcito de anexar todo el territorio<\/strong> y evitar la creaci\u00f3n de un Estado palestino.<\/p>\n<p>Las operaciones militares israel\u00edes en campamentos como Jenin, Tulkarem y Nur Shams han causado destrucci\u00f3n masiva y desplazamientos. Algunas viviendas fueron demolidas como \u201ccastigo colectivo\u201d, una <strong>pr\u00e1ctica ilegal bajo el derecho internacional.<\/strong><\/p>\n<p>Pillay destac\u00f3 con alarma las declaraciones del ministro de Finanzas, Bezalel Smotrich, en el sentido de anexar el 82% de Cisjordania, y por el avance del plan de expansi\u00f3n del asentamiento E1, respaldado p\u00fablicamente por Netanyahu.<\/p>\n<p>\u201c<strong>Estos planes no son ocultos.<\/strong> Son proclamados con orgullo. Confirman lo que venimos documentando: una pol\u00edtica sistem\u00e1tica de despojo territorial y limpieza \u00e9tnica\u201d, denunci\u00f3 Pillay.<\/p>\n<p>Discriminaci\u00f3n dentro de Israel<\/p>\n<p>La Comisi\u00f3n tambi\u00e9n encontr\u00f3 que dentro del propio Israel se ejercen pol\u00edticas <strong>discriminatorias contra los palestinos con ciudadan\u00eda israel\u00ed<\/strong>, como restricciones a la expansi\u00f3n de sus localidades y obst\u00e1culos para integrarse en zonas jud\u00edas.<\/p>\n<p>Aunque algunas leyes son abiertamente discriminatorias, otras lo son en la pr\u00e1ctica, generando una <strong>segregaci\u00f3n estructural<\/strong> que se ha ido consolidando durante d\u00e9cadas.<\/p>\n<p>El informe advierte que las mismas estrategias de control territorial aplicadas en Gaza y Cisjordania se repiten en el interior de Israel, como parte de una <strong>pol\u00edtica unificada para mantener una mayor\u00eda jud\u00eda<\/strong> en todos los territorios bajo control israel\u00ed.<\/p>\n<p>Responsabilidades<\/p>\n<p>La Comisi\u00f3n identific\u00f3 a seis ministros israel\u00edes con \u201calta responsabilidad\u201d en la comisi\u00f3n de cr\u00edmenes internacionales:<\/p>\n<ul>\n<li>Yoav Gallant (exministro de Defensa) e Israel Katz (actualmente en el cargo) por las acciones militares en Gaza<\/li>\n<li>Bezalel Smotrich (Finanzas) y Orit Strock (Asentamientos) por impulsar la expansi\u00f3n de asentamientos en Cisjordania<\/li>\n<li>Itamar Ben-Gvir (Seguridad) por abusos en c\u00e1rceles contra detenidos palestinos<\/li>\n<li>Benjamin Netanyahu, como principal responsable de toda la pol\u00edtica israel\u00ed en los territorios ocupados, se\u00f1alado por ordenar cr\u00edmenes de guerra, cr\u00edmenes de lesa humanidad y genocidio<\/li>\n<\/ul>\n<p>Netanyahu y Gallant, adem\u00e1s, fueron acusados de <strong>incitaci\u00f3n directa al genocidio<\/strong>, lo que agrava a\u00fan m\u00e1s su responsabilidad seg\u00fan el derecho internacional.<\/p>\n<p>Llamado a la acci\u00f3n<\/p>\n<p>La Comisi\u00f3n exige que Israel <strong>detenga inmediatamente el genocidio en Gaza<\/strong>, cumpla con las medidas provisionales dictadas por la <a href=\"https:\/\/www.icj-cij.org\/es\" rel=\"nofollow noopener\" target=\"_blank\">Corte Internacional de Justicia<\/a> (<a href=\"https:\/\/www.icj-cij.org\/es\" rel=\"nofollow noopener\" target=\"_blank\">CIJ<\/a>) y acate el fallo consultivo de 2024.<\/p>\n<p>Tambi\u00e9n urge a <strong>poner fin a la ocupaci\u00f3n ilegal<\/strong>, desmantelar todos los asentamientos, retirar a los colonos de territorios ocupados y revertir pol\u00edticas discriminatorias que promueven la segregaci\u00f3n dentro de Israel.<\/p>\n<p>La Comisi\u00f3n presentar\u00e1 el informe a la <a href=\"https:\/\/www.un.org\/es\/ga\/about\/index.shtml\" rel=\"nofollow noopener\" target=\"_blank\">Asamblea General<\/a> de la ONU el 28 de octubre pr\u00f3ximo.<\/p>\n<p><strong>*<\/strong> La <a href=\"https:\/\/www.ohchr.org\/en\/hr-bodies\/hrc\/co-israel\/index\" target=\"_blank\" title=\"(opens in a new window)\" data-extlink=\"\" rel=\"nofollow noopener\">Comisi\u00f3n Internacional Independiente de Investigaci\u00f3n de las Naciones Unidas sobre el Territorio Palestino Ocupado, incluida Jerusal\u00e9n Oriental, e Israel<\/a> fue establecida por el Consejo de Derechos Humanos de las Naciones Unidas el 27 de mayo de 2021 para \u00abinvestigar, en el Territorio Palestino Ocupado, incluida Jerusal\u00e9n Oriental, y en Israel, todas las presuntas violaciones del derecho internacional humanitario y todas las presuntas violaciones y abusos del derecho internacional de los <a href=\"https:\/\/news.un.org\/es\/news\/topic\/human-rights\" rel=\"nofollow noopener\" target=\"_blank\">derechos humanos<\/a> ocurridos hasta el 13 de abril de 2021 y desde entonces\u00bb. La <a href=\"https:\/\/docs.un.org\/es\/A\/HRC\/RES\/S-30\/1\" rel=\"nofollow noopener\" target=\"_blank\">resoluci\u00f3n A\/HRC\/RES\/S-30\/1<\/a> solicit\u00f3 adem\u00e1s a la comisi\u00f3n de investigaci\u00f3n que \u00abinvestigara todas las causas subyacentes de las tensiones recurrentes, la inestabilidad y la prolongaci\u00f3n del conflicto, incluidas la discriminaci\u00f3n y la represi\u00f3n sistem\u00e1ticas basadas en la identidad nacional, \u00e9tnica, racial o religiosa\u00bb.<\/p>\n","protected":false},"excerpt":{"rendered":"Israel busca consolidar el control permanente sobre la Franja de Gaza y asegurar una mayor\u00eda jud\u00eda en todos&hellip;\n","protected":false},"author":2,"featured_media":134275,"comment_status":"","ping_status":"","sticky":false,"template":"","format":"standard","meta":{"footnotes":""},"categories":[5],"tags":[17,18,25,24,13,14,11,19,20,9,10,15,16,23,12,21,22],"class_list":{"0":"post-134274","1":"post","2":"type-post","3":"status-publish","4":"format-standard","5":"has-post-thumbnail","7":"category-titulares","8":"tag-breaking-news","9":"tag-breakingnews","10":"tag-es","11":"tag-espana","12":"tag-featured-news","13":"tag-featurednews","14":"tag-headlines","15":"tag-latest-news","16":"tag-latestnews","17":"tag-news","18":"tag-noticias","19":"tag-noticias-destacadas","20":"tag-noticiasdestacadas","21":"tag-spain","22":"tag-titulares","23":"tag-ultimas-noticias","24":"tag-ultimasnoticias"},"share_on_mastodon":{"url":"","error":""},"_links":{"self":[{"href":"https:\/\/www.europesays.com\/es\/wp-json\/wp\/v2\/posts\/134274","targetHints":{"allow":["GET"]}}],"collection":[{"href":"https:\/\/www.europesays.com\/es\/wp-json\/wp\/v2\/posts"}],"about":[{"href":"https:\/\/www.europesays.com\/es\/wp-json\/wp\/v2\/types\/post"}],"author":[{"embeddable":true,"href":"https:\/\/www.europesays.com\/es\/wp-json\/wp\/v2\/users\/2"}],"replies":[{"embeddable":true,"href":"https:\/\/www.europesays.com\/es\/wp-json\/wp\/v2\/comments?post=134274"}],"version-history":[{"count":0,"href":"https:\/\/www.europesays.com\/es\/wp-json\/wp\/v2\/posts\/134274\/revisions"}],"wp:featuredmedia":[{"embeddable":true,"href":"https:\/\/www.europesays.com\/es\/wp-json\/wp\/v2\/media\/134275"}],"wp:attachment":[{"href":"https:\/\/www.europesays.com\/es\/wp-json\/wp\/v2\/media?parent=134274"}],"wp:term":[{"taxonomy":"category","embeddable":true,"href":"https:\/\/www.europesays.com\/es\/wp-json\/wp\/v2\/categories?post=134274"},{"taxonomy":"post_tag","embeddable":true,"href":"https:\/\/www.europesays.com\/es\/wp-json\/wp\/v2\/tags?post=134274"}],"curies":[{"name":"wp","href":"https:\/\/api.w.org\/{rel}","templated":true}]}}