{"id":134294,"date":"2025-09-23T17:03:07","date_gmt":"2025-09-23T17:03:07","guid":{"rendered":"https:\/\/www.europesays.com\/es\/134294\/"},"modified":"2025-09-23T17:03:07","modified_gmt":"2025-09-23T17:03:07","slug":"asi-queda-ahora-el-programa-de-mediaset","status":"publish","type":"post","link":"https:\/\/www.europesays.com\/es\/134294\/","title":{"rendered":"as\u00ed queda ahora el programa de Mediaset"},"content":{"rendered":"<p class=\"ft-text\">Golpe inesperado en las tardes de Telecinco.\u00a0&#8216;Ag\u00e1rrate al sill\u00f3n&#8217;\u00a0ha vivido una de sus jornadas m\u00e1s intensas y sorprendentes con la derrota de Rafa Casta\u00f1o, hasta ahora el concursante estrella del formato presentado por Eugeni Alemany. Tras encadenar\u00a0<strong>50 tardes consecutivas<\/strong>\u00a0y acumular un bote de\u00a0<strong>170.500 euros<\/strong>, Casta\u00f1o ha tenido que ceder su puesto a un nuevo contrincante que lleg\u00f3 dispuesto a destronarlo.<\/p>\n<p class=\"ft-text\">La tarde avanzaba con la habitual bater\u00eda de preguntas a los seis aspirantes: Emilia, Sara, H\u00e9ctor, Carlos, Blanca y Ainhoa. Finalmente fue H\u00e9ctor, profesor de ingl\u00e9s de Logro\u00f1o, quien alcanz\u00f3 el gran duelo contra Rafa Casta\u00f1o. Lejos de intimidarse, el retador supo jugar bien sus cartas y consigui\u00f3 imponerse en la \u00faltima pregunta, dejando al hasta entonces campe\u00f3n en la cuerda floja.<\/p>\n<p class=\"ft-text\">Aunque H\u00e9ctor ya hab\u00eda asegurado\u00a0<strong>6.900 euros<\/strong>, el formato le daba la posibilidad de quedarse con el sill\u00f3n. En ese momento entraba en juego la llamada \u201cnegociaci\u00f3n\u201d, en la que el propio Rafa pod\u00eda ofrecer parte de su bote para intentar retener la silla. Consciente de su irregularidad reciente, el sevillano lanz\u00f3 una propuesta:\u00a0<strong>5.000 euros<\/strong>. Sin embargo, H\u00e9ctor lo tuvo claro: \u201cPor esa cantidad voy a probar el sill\u00f3n\u201d.<\/p>\n<p class=\"ft-text\">El veredicto de Eugeni Alemany fue rotundo: \u201cSe\u00f1oras y se\u00f1ores, tenemos nuevo campe\u00f3n en el programa. Parec\u00eda imposible, muchos lo intentaron, pero finalmente as\u00ed es\u201d. Entre aplausos, el presentador se desped\u00eda emocionado de Rafa Casta\u00f1o, al que dedic\u00f3 unas sentidas palabras: \u201cTe llevas 170.500 euros, el aplauso de este p\u00fablico, eres un gran tipo y un gran concursante. Ha sido un placer conocerte. Eres muy sensible, con muchas inquietudes culturales, y me gusta mucho eso\u201d.<\/p>\n<p class=\"ft-text\">Por su parte, Rafa, visiblemente emocionado, resum\u00eda su experiencia en el concurso con naturalidad y humildad: \u201cHa sido duro de concursar, ha habido bastantes momentos que se me ha aparecido la virgen. Es muy complicado. Era una etapa que cre\u00eda que iba a acabar tarde o temprano\u201d.<\/p>\n<p class=\"ft-text\">Con esta inesperada salida, Telecinco despide a uno de los concursantes m\u00e1s emblem\u00e1ticos de\u00a0&#8216;Ag\u00e1rrate al sill\u00f3n&#8217;, dejando paso a una nueva etapa del programa con H\u00e9ctor como flamante campe\u00f3n y con el reto de mantener viva la emoci\u00f3n de las tardes.<\/p>\n","protected":false},"excerpt":{"rendered":"Golpe inesperado en las tardes de Telecinco.\u00a0&#8216;Ag\u00e1rrate al sill\u00f3n&#8217;\u00a0ha vivido una de sus jornadas m\u00e1s intensas y sorprendentes&hellip;\n","protected":false},"author":2,"featured_media":134295,"comment_status":"","ping_status":"","sticky":false,"template":"","format":"standard","meta":{"footnotes":""},"categories":[171],"tags":[5505,12831,808,8722,146,147,25,24,3956,852,2145,3041,12832,23,11963,9747,692,214],"class_list":{"0":"post-134294","1":"post","2":"type-post","3":"status-publish","4":"format-standard","5":"has-post-thumbnail","7":"category-tv","8":"tag-afecta","9":"tag-agarrate","10":"tag-ahora","11":"tag-asi","12":"tag-entertainment","13":"tag-entretenimiento","14":"tag-es","15":"tag-espana","16":"tag-gran","17":"tag-perdida","18":"tag-programa","19":"tag-queda","20":"tag-sillon","21":"tag-spain","22":"tag-sufren","23":"tag-tardes","24":"tag-telecinco","25":"tag-tv"},"share_on_mastodon":{"url":"","error":""},"_links":{"self":[{"href":"https:\/\/www.europesays.com\/es\/wp-json\/wp\/v2\/posts\/134294","targetHints":{"allow":["GET"]}}],"collection":[{"href":"https:\/\/www.europesays.com\/es\/wp-json\/wp\/v2\/posts"}],"about":[{"href":"https:\/\/www.europesays.com\/es\/wp-json\/wp\/v2\/types\/post"}],"author":[{"embeddable":true,"href":"https:\/\/www.europesays.com\/es\/wp-json\/wp\/v2\/users\/2"}],"replies":[{"embeddable":true,"href":"https:\/\/www.europesays.com\/es\/wp-json\/wp\/v2\/comments?post=134294"}],"version-history":[{"count":0,"href":"https:\/\/www.europesays.com\/es\/wp-json\/wp\/v2\/posts\/134294\/revisions"}],"wp:featuredmedia":[{"embeddable":true,"href":"https:\/\/www.europesays.com\/es\/wp-json\/wp\/v2\/media\/134295"}],"wp:attachment":[{"href":"https:\/\/www.europesays.com\/es\/wp-json\/wp\/v2\/media?parent=134294"}],"wp:term":[{"taxonomy":"category","embeddable":true,"href":"https:\/\/www.europesays.com\/es\/wp-json\/wp\/v2\/categories?post=134294"},{"taxonomy":"post_tag","embeddable":true,"href":"https:\/\/www.europesays.com\/es\/wp-json\/wp\/v2\/tags?post=134294"}],"curies":[{"name":"wp","href":"https:\/\/api.w.org\/{rel}","templated":true}]}}