{"id":134307,"date":"2025-09-23T17:11:07","date_gmt":"2025-09-23T17:11:07","guid":{"rendered":"https:\/\/www.europesays.com\/es\/134307\/"},"modified":"2025-09-23T17:11:07","modified_gmt":"2025-09-23T17:11:07","slug":"trump-arremete-contra-la-onu-en-un-discurso-destinado-a-dinamitar-las-instituciones-globales-internacional","status":"publish","type":"post","link":"https:\/\/www.europesays.com\/es\/134307\/","title":{"rendered":"Trump arremete contra la ONU en un discurso destinado a dinamitar las instituciones globales | Internacional"},"content":{"rendered":"<p class=\"\">Con un discurso incompatible con las reglas m\u00e1s b\u00e1sicas de la diplomacia, el presidente de Estados Unidos, ha aprovechado la tribuna de la Asamblea General de Naciones Unidas para hacerse publicidad como pacificador en jefe \u2014<a href=\"https:\/\/elpais.com\/internacional\/2025-08-20\/del-congo-a-iran-las-seis-o-siete-guerras-que-trump-dice-haber-solucionado-en-seis-meses.html\" target=\"_self\" rel=\"nofollow noopener\" title=\"https:\/\/elpais.com\/internacional\/2025-08-20\/del-congo-a-iran-las-seis-o-siete-guerras-que-trump-dice-haber-solucionado-en-seis-meses.html\">resolviendo guerras que la ONU es incapaz de terminar,<\/a> subray\u00f3\u2014 y el estadista que ha devuelto a EE UU a una edad dorada. Tambi\u00e9n se ha presentado como el azote de cualquier cosa que suene a multilateralismo,<a href=\"https:\/\/elpais.com\/internacional\/2025-09-22\/trump-convierte-el-homenaje-a-charlie-kirk-en-un-punto-de-inflexion-para-el-avance-del-nacionalismo-cristiano-en-estados-unidos.html\" target=\"_self\" rel=\"nofollow noopener\" title=\"https:\/\/elpais.com\/internacional\/2025-09-22\/trump-convierte-el-homenaje-a-charlie-kirk-en-un-punto-de-inflexion-para-el-avance-del-nacionalismo-cristiano-en-estados-unidos.html\"> incluido el desarrollo sostenible, uno de los objetivos declarados de la organizaci\u00f3n. <\/a><\/p>\n<p>M\u00e1s informaci\u00f3n<\/p>\n<p class=\"\">Su intervenci\u00f3n ha superado el tiempo del que disponen<a href=\"https:\/\/elpais.com\/internacional\/2025-09-22\/francia-reconoce-en-la-onu-el-estado-palestino-pese-a-la-presion-de-israel.html\" target=\"_self\" rel=\"nofollow noopener\" title=\"https:\/\/elpais.com\/internacional\/2025-09-22\/francia-reconoce-en-la-onu-el-estado-palestino-pese-a-la-presion-de-israel.html\"> los mandatarios para dirigirse a la Asamblea,<\/a> pautado al mil\u00edmetro en el caso del resto de l\u00edderes, pero que en su caso nadie se atrevi\u00f3 a limitar: no apareci\u00f3 la luz roja que indica que el tiempo se ha acabado. En su discurso, el republicano despleg\u00f3 primero bromas y chanzas para enseguida arremeter contra el orden mundial, el papel y la eficacia de la ONU e incluso el derrotero del resto de sus pa\u00edses miembros, a los que, advirti\u00f3, \u201cla inmigraci\u00f3n est\u00e1 arruinando\u201d.<\/p>\n<p class=\"\"><a href=\"https:\/\/elpais.com\/internacional\/2025-09-23\/la-casa-blanca-ilustra-las-redadas-contra-los-migrantes-con-el-juego-pokemon.html\" target=\"_self\" rel=\"nofollow noopener\" title=\"https:\/\/elpais.com\/internacional\/2025-09-23\/la-casa-blanca-ilustra-las-redadas-contra-los-migrantes-con-el-juego-pokemon.html\">\u201cEs hora de terminar con este fracasado experimento de fronteras abiertas\u201d, <\/a>porque, asegur\u00f3, \u201csus pa\u00edses se est\u00e1n yendo al infierno\u201d debido a la inmigraci\u00f3n, acusando a la ONU, sin pruebas, de financiar oleadas de migrantes para que crucen ilegalmente a Estados Unidos. <\/p>\n<p class=\"\">Su Gobierno, subray\u00f3, \u201cha tomado medidas contundentes para frenar r\u00e1pidamente la migraci\u00f3n irregular\u201d, oponiendo el ejemplo de EE UU al caso perdido de Europa, donde, citando oscuras estad\u00edsticas, deplor\u00f3 la masiva presencia de extranjeros en sus c\u00e1rceles. Por el contrario, el pa\u00eds que se ha convertido en la c\u00e1rcel subrogada de Trump, El Salvador, recibi\u00f3 una menci\u00f3n especial por \u201cencarcelar a tantos criminales\u201d que se hallaban en EE UU de manera ilegal y que fueron expulsados en los \u00faltimos meses. <\/p>\n<p class=\"\">El mandatario se sali\u00f3 del guion, lanz\u00e1ndose a la improvisaci\u00f3n por el fallo del teleprompter, una aver\u00eda que, junto a la de las escaleras mec\u00e1nicas de acceso a la sala de la Asamblea General, le hicieron bromear sobre el mal funcionamiento de la organizaci\u00f3n. Este problema se habr\u00eda remediado, asegur\u00f3, si hace a\u00f1os, cuando era un magnate inmobiliario, le hubieran concedido la contrata para renovar sus instalaciones. Esa alusi\u00f3n del mandatario que entiende m\u00e1s de d\u00f3lares que de diplomacia marc\u00f3 los primeros compases de su largo discurso, cuatro veces m\u00e1s largo que los del resto de l\u00edderes.<\/p>\n<p class=\"\">Una portavoz de la Casa Blanca hab\u00eda adelantado que Trump iba a hablar acerca de \u201cc\u00f3mo las instituciones globales han deteriorado significativamente el orden mundial\u201d, pero se qued\u00f3 muy corta. Trump no neg\u00f3 el potencial de la ONU, al menos, aunque \u201ctodo lo que parece que hace es escribir cartas con palabras muy fuertes y luego nunca darle seguimiento\u201d. Las de la ONU, insisti\u00f3, \u201cson palabras vac\u00edas, pero las palabras vac\u00edas no resuelven guerras\u201d. Por eso asegur\u00f3 que \u201ctodo el mundo\u201d est\u00e1 pidiendo que le concedan el Nobel de la Paz, aunque a\u00f1adi\u00f3, con una modestia desacostumbrada en \u00e9l: \u201cLo que me importa no es ganar premios, sino salvar vidas\u201d.<\/p>\n<p>Quejas contra el Reino Unido y Brasil <\/p>\n<p class=\"\">Su discurso fue una sucesi\u00f3n de quejas, de la inmigraci\u00f3n que est\u00e1 arruinando al Reino Unido a la persecuci\u00f3n pol\u00edtica en Brasil del expresidente, y correligionario suyo, Jair Bolsonaro. Pero no arroj\u00f3 ninguna pista de lo que deber\u00eda ser la ONU ocho d\u00e9cadas despu\u00e9s de su fundaci\u00f3n; al contrario, tir\u00f3 a dar, y rematar, a la organizaci\u00f3n. \u201cSoy muy bueno en estas cosas. Vuestros pa\u00edses se est\u00e1n yendo al infierno\u201d, dijo, una ruina que atribuy\u00f3 a la inmigraci\u00f3n que \u00e9l s\u00ed ha sabido frenar, la principal jactancia de su alocuci\u00f3n. Otra, que los aranceles que ha impuesto son \u201cun mecanismo de defensa\u201d para proteger la econom\u00eda estadounidense, en un mundo en el que \u201cel comercio debe ser rec\u00edproco\u201d. <\/p>\n<p class=\"\">Uno de los pocos gestos de colaboraci\u00f3n hacia la ONU fue el anuncio de que su Administraci\u00f3n liderar\u00e1 un esfuerzo internacional para hacer cumplir la convenci\u00f3n sobre armas biol\u00f3gicas mediante la creaci\u00f3n de un sistema de verificaci\u00f3n basado en inteligencia artificial. \u201cHago un llamamiento a todas las naciones para que se unan a nosotros con el fin de poner fin al desarrollo de armas biol\u00f3gicas de una vez por todas. Espero que la ONU pueda desempe\u00f1ar un papel constructivo\u201d.<\/p>\n<p class=\"\">El republicano arranc\u00f3 su discurso como si estuviera dirigi\u00e9ndose al Congreso de EE UU o, sin m\u00e1s, a los asistentes a uno de sus m\u00edtines: arremetiendo contra su predecesor, Joe Biden; tambi\u00e9n contra sus oponentes pol\u00edticos y los aliados de la OTAN que han reconocido al Estado palestino, porque ello supone \u201cuna recompensa demasiado grande para Ham\u00e1s\u201d. <\/p>\n<p class=\"\">\u201cComo [si fuera] para alentar la continuaci\u00f3n del conflicto, algunos miembros de este organismo buscan reconocer unilateralmente el Estado palestino. La recompensa ser\u00eda demasiado grande para los terroristas de Ham\u00e1s, por sus atrocidades\u201d, se\u00f1al\u00f3. <\/p>\n<p class=\"\">Sobre Gaza, repiti\u00f3 su exigencia de la liberaci\u00f3n de los rehenes \u2014\u201cqueremos que todos regresen\u201d, vivos o muertos\u2014, pero sin mencionar la ofensiva israel\u00ed para tomar Ciudad de Gaza ni sus promesas pasadas de enviar ayuda humanitaria al enclave. Entre los t\u00edmidos aplausos de la sala, se escucharon los del embajador israel\u00ed. <\/p>\n<p class=\"\">Cuestionando la utilidad de Naciones Unidas por no haberle ayudado en su objetivo de poner fin a las guerras en el mundo (\u201csi ese es su prop\u00f3sito, \u00bfcu\u00e1l es la utilidad de la ONU\u201d, se pregunt\u00f3), reivindic\u00f3 su papel a la hora de haber acabado desde enero con siete conflictos, mediante treguas en muchos casos precarias. \u201cEs una l\u00e1stima que tuviera que hacer yo estas cosas en lugar de las Naciones Unidas. Y tristemente, en todos los casos, Naciones Unidas ni siquiera intent\u00f3 ayudar en ninguna de ellos. Termin\u00e9 siete guerras, trat\u00e9 directamente con los l\u00edderes de cada uno de estos pa\u00edses, y ni siquiera recib\u00ed una llamada telef\u00f3nica de la ONU ofreciendo ayuda para cerrar los acuerdos\u201d, denunci\u00f3, a medio camino entre el agravio y la jactancia.<\/p>\n<p class=\"\">Sobre la de Ucrania, exigi\u00f3 a los pa\u00edses europeos que dejen de comprar gas y petr\u00f3leo a Rusia para poder poner fin a la guerra. \u201cNo pueden estar haciendo lo que est\u00e1n haciendo. Est\u00e1n comprando petr\u00f3leo y gas de Rusia mientras luchan contra Rusia. Es vergonzoso para ellos, es muy vergonzoso\u201d, declar\u00f3.<\/p>\n<p class=\"\">El republicano mostr\u00f3 especial fijaci\u00f3n con la energ\u00eda. Tras arremeter contra las energ\u00edas renovables, elogi\u00f3 a Alemania por volver a la nuclear y al uso de combustibles f\u00f3siles. \u201cTodo lo verde est\u00e1 en bancarrota\u201d, afirm\u00f3. De nuevo fuera del guion, dedic\u00f3 10 minutos al \u201cenga\u00f1o del calentamiento global\u201d, celebrando la retirada de su pa\u00eds del acuerdo del clima de Par\u00eds y elogiando el \u201ccarb\u00f3n limpio y hermoso\u201d, con los dos adjetivos que forman su muletilla para todo. Sobre las exportaciones energ\u00e9ticas estadounidenses, a\u00f1adi\u00f3: \u201cGran parte del mundo se ha aprovechado de Estados Unidos, pero eso se ha acabado\u201d. En ese cap\u00edtulo tambi\u00e9n incluy\u00f3 a Europa, a quien dijo \u201camar\u201d, pero advirtiendo a Bruselas de que la inmigraci\u00f3n y la \u201ccat\u00e1strofe energ\u00e9tica\u201d est\u00e1n socavando su existencia. <\/p>\n<p class=\"\">Si despu\u00e9s del discurso de Trump la ONU sigue en pie, su salud est\u00e1 m\u00e1s que garantizada. Ya lo hab\u00eda adelantado el jefe de la \u2014te\u00f3rica\u2014 diplomacia estadounidense, Marco Rubio, en declaraciones a la Fox un par de horas antes del discurso de Trump: \u201cSe puede anticipar que el presidente har\u00e1 referencia a su propia historia con la ONU, que se remonta a su \u00e9poca como promotor inmobiliario. De hecho, se ofreci\u00f3 a reformar el edificio de la ONU, pero ellos decidieron tomar otra direcci\u00f3n y malgastaron una gran cantidad de dinero&#8230; Es emblem\u00e1tico de lo ineficaz que se ha vuelto la ONU\u201d, dijo Rubio. <\/p>\n<p class=\"\">Trump ampli\u00f3 y corrigi\u00f3 sobre la marcha ese discurso demoledor, ante una audiencia estupefacta y sin derecho al pataleo por unas m\u00ednimas reglas de la diplomacia que el republicano se permiti\u00f3 ignorar.<\/p>\n","protected":false},"excerpt":{"rendered":"Con un discurso incompatible con las reglas m\u00e1s b\u00e1sicas de la diplomacia, el presidente de Estados Unidos, ha&hellip;\n","protected":false},"author":2,"featured_media":134308,"comment_status":"","ping_status":"","sticky":false,"template":"","format":"standard","meta":{"footnotes":""},"categories":[42],"tags":[41518,3216,17,18,1295,352,13,14,11,61,62,63,64,19,20,9,10,15,16,732,42750,2444,12,7081,21,22,65,66,67],"class_list":{"0":"post-134307","1":"post","2":"type-post","3":"status-publish","4":"format-standard","5":"has-post-thumbnail","7":"category-internacional","8":"tag-asamblea-general-onu","9":"tag-brasil","10":"tag-breaking-news","11":"tag-breakingnews","12":"tag-cambio-climatico","13":"tag-donald-trump","14":"tag-featured-news","15":"tag-featurednews","16":"tag-headlines","17":"tag-internacional","18":"tag-international","19":"tag-international-news","20":"tag-internationalnews","21":"tag-latest-news","22":"tag-latestnews","23":"tag-news","24":"tag-noticias","25":"tag-noticias-destacadas","26":"tag-noticiasdestacadas","27":"tag-onu","28":"tag-organizaciones-medioambientales","29":"tag-reino-unido","30":"tag-titulares","31":"tag-ucrania","32":"tag-ultimas-noticias","33":"tag-ultimasnoticias","34":"tag-world","35":"tag-world-news","36":"tag-worldnews"},"share_on_mastodon":{"url":"","error":""},"_links":{"self":[{"href":"https:\/\/www.europesays.com\/es\/wp-json\/wp\/v2\/posts\/134307","targetHints":{"allow":["GET"]}}],"collection":[{"href":"https:\/\/www.europesays.com\/es\/wp-json\/wp\/v2\/posts"}],"about":[{"href":"https:\/\/www.europesays.com\/es\/wp-json\/wp\/v2\/types\/post"}],"author":[{"embeddable":true,"href":"https:\/\/www.europesays.com\/es\/wp-json\/wp\/v2\/users\/2"}],"replies":[{"embeddable":true,"href":"https:\/\/www.europesays.com\/es\/wp-json\/wp\/v2\/comments?post=134307"}],"version-history":[{"count":0,"href":"https:\/\/www.europesays.com\/es\/wp-json\/wp\/v2\/posts\/134307\/revisions"}],"wp:featuredmedia":[{"embeddable":true,"href":"https:\/\/www.europesays.com\/es\/wp-json\/wp\/v2\/media\/134308"}],"wp:attachment":[{"href":"https:\/\/www.europesays.com\/es\/wp-json\/wp\/v2\/media?parent=134307"}],"wp:term":[{"taxonomy":"category","embeddable":true,"href":"https:\/\/www.europesays.com\/es\/wp-json\/wp\/v2\/categories?post=134307"},{"taxonomy":"post_tag","embeddable":true,"href":"https:\/\/www.europesays.com\/es\/wp-json\/wp\/v2\/tags?post=134307"}],"curies":[{"name":"wp","href":"https:\/\/api.w.org\/{rel}","templated":true}]}}