{"id":134310,"date":"2025-09-23T17:13:06","date_gmt":"2025-09-23T17:13:06","guid":{"rendered":"https:\/\/www.europesays.com\/es\/134310\/"},"modified":"2025-09-23T17:13:06","modified_gmt":"2025-09-23T17:13:06","slug":"guterres-y-baerbock-ante-la-asamblea-general-rendirse-no-es-una-opcion","status":"publish","type":"post","link":"https:\/\/www.europesays.com\/es\/134310\/","title":{"rendered":"Guterres y Baerbock ante la Asamblea General: rendirse no es una opci\u00f3n"},"content":{"rendered":"<p>En dos hist\u00f3ricos discursos, el <a href=\"https:\/\/www.un.org\/sg\/es\" rel=\"nofollow noopener\" target=\"_blank\">Secretario General<\/a> Ant\u00f3nio Guterres y la presidenta de la <a href=\"https:\/\/www.un.org\/es\/ga\/about\/index.shtml\" rel=\"nofollow noopener\" target=\"_blank\">Asamblea General<\/a>, Annalena Baerbock, ofrecieron este martes dos discursos complementarios que trazaron un crudo diagn\u00f3stico de la situaci\u00f3n global, pero defendieron con firmeza el multilateralismo como \u00fanica tabla de salvaci\u00f3n frente al colapso.<\/p>\n<p>Desde el emblem\u00e1tico podio de la Asamblea General, ante los l\u00edderes de los 193 Estados miembros \u2013incluido el presidente estadounidense Donald Trump\u2013, ambas voces resonaron con un mensaje com\u00fan: <strong>la ONU sigue siendo indispensable en un mundo al borde del abismo<\/strong>.<\/p>\n<p>El diagn\u00f3stico compartido: un mundo en llamas<\/p>\n<p>Baerbock abri\u00f3 su intervenci\u00f3n con un realismo conmovedor: \u00abEste 80 aniversario deber\u00eda haber sido un momento de celebraci\u00f3n. Pero este no es un a\u00f1o cualquiera\u00bb. Pint\u00f3 con palabras desgarradoras el costo humano de los conflictos: \u00abMiles de hu\u00e9rfanos en <a href=\"https:\/\/news.un.org\/es\/events\/israel-palestina\" rel=\"nofollow noopener\" target=\"_blank\">Gaza<\/a> deambulan entre los escombros comiendo arena y bebiendo agua contaminada. Mujeres de noventa a\u00f1os en Ucrania se esconden de los drones. Los ni\u00f1os de <a href=\"https:\/\/news.un.org\/es\/search\/Hait%C3%AD\" rel=\"nofollow noopener\" target=\"_blank\">Hait\u00ed<\/a> tienen demasiado miedo para ir al colegio\u00bb.<\/p>\n<p>Poco antes, Guterres amplificaba este diagn\u00f3stico desde el mismo podio: \u00ab<strong>Hemos entrado en una era de perturbaci\u00f3n temeraria y sufrimiento humano implacable<\/strong>\u00ab. Con la mirada puesta en los 80 a\u00f1os de la organizaci\u00f3n, enumer\u00f3 las crisis simult\u00e1neas: \u00abNaciones soberanas invadidas. El hambre, convertida en arma. La verdad, silenciada. Ciudades bombardeadas. Mares crecientes que tragan costas\u00bb.<\/p>\n<p>La defensa del multilateralismo<\/p>\n<p>Frente a este panorama, ambos l\u00edderes defendieron la Carta de la ONU con argumentos complementarios. Baerbock lanz\u00f3 una pregunta crucial: \u00abCuando se ignoran los principios de la Carta, \u00bfes la ONU la que ha fracasado?\u00bb. Y respondi\u00f3: \u00abNo es la Carta la que falla. La Carta solo es tan fuerte como la voluntad de los Estados Miembros de defenderla\u00bb.<\/p>\n<p>Guterres fue m\u00e1s contundente a\u00fan: \u00abLa impunidad es la madre del caos \u2013 y ha engendrado los conflictos m\u00e1s atroces de nuestro tiempo\u00bb. Plante\u00f3 una elecci\u00f3n fundamental ante la atenta mirada de Trump y otros l\u00edderes: \u00ab\u00bfUn mundo de poder bruto o un mundo de leyes? \u00bfUn mundo de s\u00e1lvese quien pueda o un mundo de naciones unidas?\u00bb.<\/p>\n<p>Balance tangible de la ONU<\/p>\n<p>La presidenta de la Asamblea <strong>enumer\u00f3 logros concretos<\/strong> en un ejercicio de defensa de la ONU: \u00abSin el <a href=\"https:\/\/www.unicef.org\/es\" rel=\"nofollow noopener\" target=\"_blank\">UNICEF<\/a>, 26 millones de ni\u00f1os no habr\u00edan recibido educaci\u00f3n. Sin el <a href=\"http:\/\/es.wfp.org\/\" rel=\"nofollow noopener\" target=\"_blank\">Programa Mundial de Alimentos<\/a>, casi 125 millones de personas habr\u00edan carecido de asistencia alimentaria. Sin la <a href=\"http:\/\/www.who.int\/es\/\" rel=\"nofollow noopener\" target=\"_blank\">Organizaci\u00f3n Mundial de la Salud<\/a>, no se habr\u00edan suministrado m\u00e1s de mil millones de vacunas\u00bb.<\/p>\n<p>El Secretario General, por su parte, esboz\u00f3 los cinco ejes de acci\u00f3n urgentes: paz basada en el derecho internacional, <a href=\"https:\/\/news.un.org\/es\/news\/topic\/human-rights\" rel=\"nofollow noopener\" target=\"_blank\">derechos humanos<\/a>, justicia clim\u00e1tica, tecnolog\u00eda al servicio de la humanidad y fortalecimiento de la ONU. Denunci\u00f3 que \u00ab<strong>por cada d\u00f3lar invertido en nuestra labor de paz, el mundo gasta 750 d\u00f3lares en armas de guerra<\/strong>. Esto no solo es insostenible \u2013 es indefendible\u00bb.<\/p>\n<p>Un llamado final a la esperanza activa<\/p>\n<p>Los dos discursos convergieron en un mismo mensaje de determinaci\u00f3n. Baerbock defini\u00f3 el mandato de esta 80\u00aa sesi\u00f3n: \u00abNo se trata de grandes celebraciones. Se trata de encontrar la determinaci\u00f3n para no rendirse. Mostrar a los pueblos del mundo que las Naciones Unidas est\u00e1n ah\u00ed. Hoy. Ma\u00f1ana. Y durante las pr\u00f3ximas ocho d\u00e9cadas\u00bb.<\/p>\n<p>Guterres cerr\u00f3 con una emotiva referencia personal que captur\u00f3 la atenci\u00f3n del plenario: \u00abCrec\u00ed en la oscuridad de una dictadura, donde el miedo silenciaba voces. El poder real reside en la gente\u00bb. Su promesa final reson\u00f3 en el hist\u00f3rico sal\u00f3n: \u00ab<strong>Nunca me rendir\u00e9. Por la paz, la dignidad, la justicia, la humanidad<\/strong>\u00ab.<\/p>\n<p>El mensaje que qued\u00f3 flotando en el hemiciclo fue claro: pese a las crisis, las divisiones y el escepticismo, la ONU sigue siendo el \u00fanico foro donde pueden encontrarse soluciones globales. Como resumi\u00f3 Baerbock: \u00ab<strong>Imaginen lo mucho peor que ser\u00eda sin las Naciones Unidas<\/strong>\u00ab.<\/p>\n","protected":false},"excerpt":{"rendered":"En dos hist\u00f3ricos discursos, el Secretario General Ant\u00f3nio Guterres y la presidenta de la Asamblea General, Annalena Baerbock,&hellip;\n","protected":false},"author":2,"featured_media":134311,"comment_status":"","ping_status":"","sticky":false,"template":"","format":"standard","meta":{"footnotes":""},"categories":[5],"tags":[17,18,25,24,13,14,11,19,20,9,10,15,16,23,12,21,22],"class_list":{"0":"post-134310","1":"post","2":"type-post","3":"status-publish","4":"format-standard","5":"has-post-thumbnail","7":"category-titulares","8":"tag-breaking-news","9":"tag-breakingnews","10":"tag-es","11":"tag-espana","12":"tag-featured-news","13":"tag-featurednews","14":"tag-headlines","15":"tag-latest-news","16":"tag-latestnews","17":"tag-news","18":"tag-noticias","19":"tag-noticias-destacadas","20":"tag-noticiasdestacadas","21":"tag-spain","22":"tag-titulares","23":"tag-ultimas-noticias","24":"tag-ultimasnoticias"},"share_on_mastodon":{"url":"","error":""},"_links":{"self":[{"href":"https:\/\/www.europesays.com\/es\/wp-json\/wp\/v2\/posts\/134310","targetHints":{"allow":["GET"]}}],"collection":[{"href":"https:\/\/www.europesays.com\/es\/wp-json\/wp\/v2\/posts"}],"about":[{"href":"https:\/\/www.europesays.com\/es\/wp-json\/wp\/v2\/types\/post"}],"author":[{"embeddable":true,"href":"https:\/\/www.europesays.com\/es\/wp-json\/wp\/v2\/users\/2"}],"replies":[{"embeddable":true,"href":"https:\/\/www.europesays.com\/es\/wp-json\/wp\/v2\/comments?post=134310"}],"version-history":[{"count":0,"href":"https:\/\/www.europesays.com\/es\/wp-json\/wp\/v2\/posts\/134310\/revisions"}],"wp:featuredmedia":[{"embeddable":true,"href":"https:\/\/www.europesays.com\/es\/wp-json\/wp\/v2\/media\/134311"}],"wp:attachment":[{"href":"https:\/\/www.europesays.com\/es\/wp-json\/wp\/v2\/media?parent=134310"}],"wp:term":[{"taxonomy":"category","embeddable":true,"href":"https:\/\/www.europesays.com\/es\/wp-json\/wp\/v2\/categories?post=134310"},{"taxonomy":"post_tag","embeddable":true,"href":"https:\/\/www.europesays.com\/es\/wp-json\/wp\/v2\/tags?post=134310"}],"curies":[{"name":"wp","href":"https:\/\/api.w.org\/{rel}","templated":true}]}}