{"id":134312,"date":"2025-09-23T17:14:06","date_gmt":"2025-09-23T17:14:06","guid":{"rendered":"https:\/\/www.europesays.com\/es\/134312\/"},"modified":"2025-09-23T17:14:06","modified_gmt":"2025-09-23T17:14:06","slug":"el-partido-ante-el-elche-abre-una-semana-de-ensueno-para-el-replasa-beti-onak","status":"publish","type":"post","link":"https:\/\/www.europesays.com\/es\/134312\/","title":{"rendered":"El partido ante el Elche abre una semana de ensue\u00f1o para el Replasa Beti Onak"},"content":{"rendered":"<p>\n        El <a href=\"https:\/\/www.noticiasdenavarra.com\/tags\/replasa-beti-onak\/\" title=\"Replasa Beti Onak\" target=\"_blank\" class=\"link copy\" rel=\"nofollow noopener\">Replasa Beti Onak<\/a> est\u00e1 viviendo<strong> un sue\u00f1o<\/strong> y no quiere despertar. Hace menos de un mes que empez\u00f3 la temporada y aunque septiembre est\u00e1 siendo<strong> muy exigente, intenso, plagado de partidos<\/strong> y con par\u00f3n incluido de por medio, las navarras lo llevan con estoicismo. Tras los recientes compromisos de las selecciones vuelven a la pista, en este caso a la del <strong>Atticgo BM Elche<\/strong>, al que se enfrentan este mi\u00e9rcoles en el<strong> Pabell\u00f3n Esperanza Lag a las 20.00 horas<\/strong> en la cuarta jornada de la <a href=\"https:\/\/www.noticiasdenavarra.com\/tags\/liga-guerreras-iberdrola\/\" title=\"Liga Guerreras Iberdrola\" target=\"_blank\" class=\"link copy\" rel=\"nofollow noopener\">Liga Guerreras Iberdrola<\/a>. Ser\u00e1 el primer partido de una <strong>semana para enmarcar<\/strong>, para recordar de por vida, ya que el segundo, que se jugar\u00e1 el s\u00e1bado, supondr\u00e1 el hist\u00f3rico estreno en la <strong>EHF European Cup<\/strong>.\n<\/p>\n<p class=\"article-body__text \">\n        Pero ahora el foco es Elche. Y la Liga. El Replasa Beti Onak retoma la competici\u00f3n dom\u00e9stica <a href=\"https:\/\/www.noticiasdenavarra.com\/balonmano\/2025\/09\/13\/replasa-beti-onak-le-esfuman-10080717.html\" title=\"tras el amargor de la derrota en casa ante el Porri\u00f1o\" target=\"_blank\" class=\"link copy\" rel=\"nofollow noopener\">tras el amargor de la derrota en casa ante el Porri\u00f1o<\/a> antes del par\u00f3n. Toca recuperar las sensaciones que dejaron los dos anteriores partidos ante el <strong>Costa del Sol M\u00e1laga (23-23)<\/strong> y el <strong>Aula Valladolid (20-33<\/strong>). Y pelear por dos puntos en una cancha hist\u00f3ricamente complicada, pero a la que saltar\u00e1 con todo para puntuar.\n<\/p>\n<p>  Enfermer\u00eda a\u00fan llena<\/p>\n<p class=\"article-body__text \">\n        Uno de los lastres que est\u00e1 arrastrando el conjunto navarro en este comienzo de la competici\u00f3n <strong>son las lesiones<\/strong>. A cuentagotas, Etxeberria va recuperando jugadoras. La extremo de Orio<strong> Laida Urbitarte<\/strong>, con una fractura en un dedo, ya dispuso de alg\u00fan minuto en la <strong>Supercopa Ib\u00e9rica de Pamplona<\/strong>. Y en el \u00faltimo duelo liguero, ante el Porri\u00f1o, reapareci\u00f3 <strong>Brasil Pereira <\/strong>tras haber sufrido molestias en su espalda.\n<\/p>\n<p class=\"article-body__text \">\n        Sin embargo, no parece que el <strong>t\u00e9cnico del Beti Onak<\/strong> vaya a recuperar ninguna m\u00e1s para enfrentarse al Elche. Siguen en el dique seco <strong>Estitxu Rodr\u00edguez, Kelly Nnonzie Fonkeng y Libe Arruabarrea<\/strong>, al igual que <strong>Mariana Costa y Maialen Orba\u00f1anos<\/strong>.\n<\/p>\n<p><strong>Un par\u00f3n sin cinco internacionales.<\/strong> El Replasa Beti Onak ha afrontado este par\u00f3n en la Liga sin cinco de sus jugadoras, concentradas con sus respectivas selecciones. La portera y capitana, Olaia Luzuriaga, se ha estrenado con las Guerreras en dos amistosos en Eslovaquia, con sendas victorias. Maca Sans, Mica Casasola y Ayel\u00e9n Garc\u00eda han estado concentradas con Argentina en Ciudad Real. Y Brasil Pereira estuvo con la selecci\u00f3n brasile\u00f1a en Austria.<\/p>\n<p class=\"article-body__text \">\n        Con el mejor de los equipos posible \u2013que incluye jugadoras de la <strong>cantera <\/strong>que est\u00e1n aportando a la primera plantilla\u2013, el Replasa Beti Onak se plantar\u00e1 en tierras ilicitanas para medirse a un Atticgo Elche del que <strong>s\u00f3lo le separa un punto<\/strong> \u2013las navarras son octavas con 3 y su oponente, sexto con 4\u2013.\u00a0\n<\/p>\n<p class=\"article-body__text \">\n        Las de <strong>Joaqu\u00edn Rocamora<\/strong> acumulan dos victorias y una derrota. Empezaron ganando al <strong>Grafometal La Rioja (13-19)<\/strong>, posteriormente perdieron ante el <strong>Super Amara Bera Bera (20-26)<\/strong> y en el \u00faltimo choque antes del par\u00f3n se impusieron al reci\u00e9n ascendido <strong>Cicar Lanzarote (19-23)<\/strong>. Para ellas tambi\u00e9n es una semana especial a nivel internacional, ya que el domingo disputan igualmente la EHF European Cup ante el <strong>HC DAC Dunajsk\u00e1 Shreda<\/strong> eslovaco. A las alicantinas esta competici\u00f3n no les pilla de nuevas. De hecho, en la temporada 2023\/2024 levantaron este t\u00edtulo continental.\n<\/p>\n<p class=\"article-body__text \">\n        El partido de este mi\u00e9rcoles en el Esperanza Lag estar\u00e1 arbitrado por <strong>V\u00edctor Roll\u00e1n Mart\u00edn <\/strong>(Castilla y Le\u00f3n) y <strong>Sergio Mart\u00ednez Mir\u00f3n <\/strong>(Comunitat Valenciana).\n<\/p>\n<p>  Etxeberria: \u00abEs una semana preciosa\u00bb<\/p>\n<p class=\"article-body__text \">\n        <strong>Miguel Etxeberria<\/strong> trata de enfocarse en la Liga, en el partido m\u00e1s inminente, que es el de esta tarde en Elche. Sin embargo, no puede evitar que <strong>su mente<\/strong> d\u00e9 tambi\u00e9n un salto y se plante en la cita europea del s\u00e1bado. Su<strong> Replasa Beti Onak<\/strong> vive d\u00edas muy especiales.\n<\/p>\n<p class=\"article-body__text \">\n        \u201cEs una semana preciosa y la afrontamos con una sonrisa\u201d, reconoce. \u201cInconscientemente, a veces el foco se va un poco a Europa. El pensamiento<strong> va a lo bonito <\/strong>que viene el fin de semana. Intentaremos abstraernos un poco de esta situaci\u00f3n, pero es probable que los dos \u2013por el equipo ilicitano tambi\u00e9n, que disputa el domingo la misma competici\u00f3n continental\u2013 miremos un poco m\u00e1s all\u00e1\u201d.\n<\/p>\n<p class=\"article-body__text \">\n        Con todo, su objetivo es primero solventar el partido ante el <strong>Atticgo BM Elche<\/strong>. El t\u00e9cnico navarro explica que el Esperanza Lag es \u201cuna pista complicada, siempre lo ha sido. Ah\u00ed se hacen fuertes\u201d. Habla tambi\u00e9n de un rival que \u201ctiene <strong>una idea de juego muy marcada<\/strong>. Las jugadoras van cambiando, pero siempre mantienen un buen nivel, pese a que incorporan juventud y gente fresca\u201d. Ante todo eso, la receta pasa por \u201chacer las cosas muy bien, dar <strong>nuestra mejor versi\u00f3n<\/strong> para poder estar en el partido y as\u00ed ojal\u00e1 que podamos puntuar\u201d.\n<\/p>\n<p class=\"article-body__text \">\n        Etxeberria reconoce que, de la \u00faltima derrota ante el Porri\u00f1o, lo que debe hacer su equipo es<strong> \u201caprender\u201d y \u201ccorregir cosas\u201d<\/strong>. \u201cSiempre es bueno que lo hablemos y lo solucionemos\u201d, considera.\n<\/p>\n<p class=\"article-body__text \">\n        Tambi\u00e9n la jugadora <strong>Mica Casasola <\/strong>se refiere a este \u00faltimo duelo en el que, admite, \u201cestuvimos un poco <strong>err\u00e1ticas <\/strong>de cara a porter\u00eda, m\u00e1s en la segunda parte\u201d. \u201cSon partidos que se resuelven en detalles y hay que aprender de ellos\u201d, apunta.\n<\/p>\n<p class=\"article-body__text \">\n        Para la internacional argentina, refuerzo de esta temporada, el de Elche va a ser <strong>un partido \u201cmuy peleado\u201d<\/strong>. \u201cEllas tienen mucho nombre, muchas jugadoras de muy buen nivel y muchas internacionales. En <strong>defensa <\/strong>siempre plantean algo distinto a cada equipo. Es un desaf\u00edo. Una cancha complicada. Y creo que se definir\u00e1<strong> por detalles <\/strong>otra vez, aunque esperemos estar m\u00e1s finas\u201d.\n<\/p>\n<p class=\"article-body__text \">\n        Casasola no ha tenido demasiado tiempo para descansar en el par\u00f3n, al estar <strong>concentrada con Argentina<\/strong>. Una semana \u201cmuy linda\u201d, seg\u00fan dice, a la par que \u201cilusionante\u201d.\n<\/p>\n<p>  EHF European Cup, el s\u00e1bado a las 18.00 horas<\/p>\n<p class=\"article-body__text \">\n        Ante el Elche, el <strong>Replasa Beti Ona<\/strong>k disputar\u00e1 su \u00faltimo duelo liguero antes de escribir un <strong>cap\u00edtulo hist\u00f3rico<\/strong> en la trayectoria del club. Este s\u00e1bado, a las 18.00 horas, en el <strong>polideportivo Hermanos Indur\u00e1in de Villava-Atarrabia<\/strong>, el conjunto navarro se estrenar\u00e1 en la EHF European Cup, la tercera competici\u00f3n a nivel de clubes. Un torneo en el que podr\u00e1 participar gracias a su subcampeonato en la <strong>Copa de la Reina<\/strong> de Granollers. El equipo villav\u00e9s debutar\u00e1 en la ronda 2 y su rival en esta eliminatoria ser\u00e1 el<strong> HC Galychanka Lviv ucraniano<\/strong>. La vuelta est\u00e1 prevista para el 4 de octubre, a la misma hora, en <strong>Bilgoraj<\/strong>, Polonia, debido al conflicto b\u00e9lico entre Ucrania y Rusia. Las navarras buscar\u00e1n el pase a dieciseisavos de final de esta competici\u00f3n, una de las cuatro que disputan esta temporada junto a la <strong>Liga Guerreras Iberdrola<\/strong>, la ya celebrada <strong>Supercopa Ib\u00e9rica en Pamplona<\/strong> y la fase final de la <strong>Copa de la Reina en Donostia<\/strong>.\u00a0<\/p>\n","protected":false},"excerpt":{"rendered":"El Replasa Beti Onak est\u00e1 viviendo un sue\u00f1o y no quiere despertar. Hace menos de un mes que&hellip;\n","protected":false},"author":2,"featured_media":134313,"comment_status":"","ping_status":"","sticky":false,"template":"","format":"standard","meta":{"footnotes":""},"categories":[278],"tags":[490,376,168,2006,31143,25,24,375,1045,773,23,167],"class_list":{"0":"post-134312","1":"post","2":"type-post","3":"status-publish","4":"format-standard","5":"has-post-thumbnail","7":"category-balonmano","8":"tag-abre","9":"tag-balonmano","10":"tag-deportes","11":"tag-elche","12":"tag-ensueno","13":"tag-es","14":"tag-espana","15":"tag-handball","16":"tag-partido","17":"tag-semana","18":"tag-spain","19":"tag-sports"},"share_on_mastodon":{"url":"","error":""},"_links":{"self":[{"href":"https:\/\/www.europesays.com\/es\/wp-json\/wp\/v2\/posts\/134312","targetHints":{"allow":["GET"]}}],"collection":[{"href":"https:\/\/www.europesays.com\/es\/wp-json\/wp\/v2\/posts"}],"about":[{"href":"https:\/\/www.europesays.com\/es\/wp-json\/wp\/v2\/types\/post"}],"author":[{"embeddable":true,"href":"https:\/\/www.europesays.com\/es\/wp-json\/wp\/v2\/users\/2"}],"replies":[{"embeddable":true,"href":"https:\/\/www.europesays.com\/es\/wp-json\/wp\/v2\/comments?post=134312"}],"version-history":[{"count":0,"href":"https:\/\/www.europesays.com\/es\/wp-json\/wp\/v2\/posts\/134312\/revisions"}],"wp:featuredmedia":[{"embeddable":true,"href":"https:\/\/www.europesays.com\/es\/wp-json\/wp\/v2\/media\/134313"}],"wp:attachment":[{"href":"https:\/\/www.europesays.com\/es\/wp-json\/wp\/v2\/media?parent=134312"}],"wp:term":[{"taxonomy":"category","embeddable":true,"href":"https:\/\/www.europesays.com\/es\/wp-json\/wp\/v2\/categories?post=134312"},{"taxonomy":"post_tag","embeddable":true,"href":"https:\/\/www.europesays.com\/es\/wp-json\/wp\/v2\/tags?post=134312"}],"curies":[{"name":"wp","href":"https:\/\/api.w.org\/{rel}","templated":true}]}}