{"id":134320,"date":"2025-09-23T17:20:10","date_gmt":"2025-09-23T17:20:10","guid":{"rendered":"https:\/\/www.europesays.com\/es\/134320\/"},"modified":"2025-09-23T17:20:10","modified_gmt":"2025-09-23T17:20:10","slug":"f1-lando-norris-revelo-sus-prioridades","status":"publish","type":"post","link":"https:\/\/www.europesays.com\/es\/134320\/","title":{"rendered":"F1: Lando Norris revel\u00f3 sus prioridades"},"content":{"rendered":"<p>Transcurriendo su s\u00e9ptima temporada en el campeonato mundial de<strong> F\u00f3rmula 1<\/strong>, y manteniendo su v\u00ednculo con McLaren, <strong>Lando Norris<\/strong> es uno de los favoritos para conseguir el t\u00edtulo en una directa pelea con su compa\u00f1ero <strong>Oscar Piastri<\/strong> y el vigente campe\u00f3n <strong>Max Verstappen<\/strong> (Red Bull).<\/p>\n<p>Norris, quien cuenta con 9 triunfos en 145 carreras y el subcampeonato de 2024, entiende que sus posibilidades con el MCL39 son viables para ce\u00f1irse la corona, pero tambi\u00e9n destaca que sus objetivos est\u00e1n m\u00e1s all\u00e1 de los l\u00edmites de un circuito, resaltando cu\u00e1les son las prioridades a sus 25 a\u00f1os.<\/p>\n<p>\u00ab<strong>Quiero disfrutar cada minuto que pueda de mi vida, divertirme y compartirla con otros<\/strong>\u00ab, aclara en un alto de la entrevista que le brind\u00f3 a la publicaci\u00f3n brit\u00e1nica Vogue. \u00ab<strong>Para m\u00ed, esa es la prioridad. La prioridad n\u00famero dos es intentar ganar el campeonato<\/strong>\u00ab, sorprendi\u00f3 con su revelaci\u00f3n.<\/p>\n<p><img fetchpriority=\"high\" decoding=\"async\" class=\"size-full wp-image-177381 aligncenter\" src=\"https:\/\/www.europesays.com\/es\/wp-content\/uploads\/2025\/09\/250923-F1-Norris-Piastri.jpg\" alt=\"\" width=\"976\" height=\"538\"  \/><\/p>\n<p>El piloto nacido en Glastonbury (Somerset) y radicado en Montecarlo, y noviando con la actriz portuguesa Margarida Courceiro, sostuvo que su mejor momento fue en el GP disputado en Silverstone, cuando super\u00f3 a Piastri bajo la lluvia. \u00ab<strong>Fue lo mejor de mi vida, el momento m\u00e1s fr\u00edo de toda mi carrera<\/strong>\u00ab, admiti\u00f3.<\/p>\n<p>Con respecto a la convivencia en el box del equipo de Woking en cada carrera, devel\u00f3: \u00ab<strong>Tienes a todo un equipo animando a los dos, pero solo uno puede ganar. Es estresante para todo el equipo<\/strong>\u00ab.<\/p>\n","protected":false},"excerpt":{"rendered":"Transcurriendo su s\u00e9ptima temporada en el campeonato mundial de F\u00f3rmula 1, y manteniendo su v\u00ednculo con McLaren, Lando&hellip;\n","protected":false},"author":2,"featured_media":134321,"comment_status":"","ping_status":"","sticky":false,"template":"","format":"standard","meta":{"footnotes":""},"categories":[270],"tags":[168,25,24,306,271,272,2104,2704,2106,23,167],"class_list":{"0":"post-134320","1":"post","2":"type-post","3":"status-publish","4":"format-standard","5":"has-post-thumbnail","7":"category-formula-1","8":"tag-deportes","9":"tag-es","10":"tag-espana","11":"tag-f1","12":"tag-formula-1","13":"tag-formula1","14":"tag-lando-norris","15":"tag-mclaren","16":"tag-oscar-piastri","17":"tag-spain","18":"tag-sports"},"share_on_mastodon":{"url":"","error":""},"_links":{"self":[{"href":"https:\/\/www.europesays.com\/es\/wp-json\/wp\/v2\/posts\/134320","targetHints":{"allow":["GET"]}}],"collection":[{"href":"https:\/\/www.europesays.com\/es\/wp-json\/wp\/v2\/posts"}],"about":[{"href":"https:\/\/www.europesays.com\/es\/wp-json\/wp\/v2\/types\/post"}],"author":[{"embeddable":true,"href":"https:\/\/www.europesays.com\/es\/wp-json\/wp\/v2\/users\/2"}],"replies":[{"embeddable":true,"href":"https:\/\/www.europesays.com\/es\/wp-json\/wp\/v2\/comments?post=134320"}],"version-history":[{"count":0,"href":"https:\/\/www.europesays.com\/es\/wp-json\/wp\/v2\/posts\/134320\/revisions"}],"wp:featuredmedia":[{"embeddable":true,"href":"https:\/\/www.europesays.com\/es\/wp-json\/wp\/v2\/media\/134321"}],"wp:attachment":[{"href":"https:\/\/www.europesays.com\/es\/wp-json\/wp\/v2\/media?parent=134320"}],"wp:term":[{"taxonomy":"category","embeddable":true,"href":"https:\/\/www.europesays.com\/es\/wp-json\/wp\/v2\/categories?post=134320"},{"taxonomy":"post_tag","embeddable":true,"href":"https:\/\/www.europesays.com\/es\/wp-json\/wp\/v2\/tags?post=134320"}],"curies":[{"name":"wp","href":"https:\/\/api.w.org\/{rel}","templated":true}]}}