{"id":134330,"date":"2025-09-23T17:25:52","date_gmt":"2025-09-23T17:25:52","guid":{"rendered":"https:\/\/www.europesays.com\/es\/134330\/"},"modified":"2025-09-23T17:25:52","modified_gmt":"2025-09-23T17:25:52","slug":"un-libro-recoge-la-labor-creadora-de-ikusmira-berriak-en-su-decimo-aniversario","status":"publish","type":"post","link":"https:\/\/www.europesays.com\/es\/134330\/","title":{"rendered":"Un libro recoge la labor creadora de Ikusmira Berriak en su d\u00e9cimo aniversario"},"content":{"rendered":"<p>Ikusmira Berriak naci\u00f3 en 2015 al amparo de la Capitalidad Europea que se celebr\u00f3 en Donostia al a\u00f1o siguiente con Tabakalera, Zinemaldia y la empresa  &#8230; REC como impulsores. Posteriormente se sum\u00f3 El\u00edas Querejeta Zinema Eskola. El programa ha cumplido una d\u00e9cada y sigue manteniendo sus principios, apoyar el talento emergente impulsar la creaci\u00f3n audiovisual en todas sus fases -formaci\u00f3n, producci\u00f3n y exhibici\u00f3n- a trav\u00e9s de residencias. Ahora, para conmemorar esta d\u00e9cada de tutelaje se ha editado un libro que recoge el \u00e9xito de la experiencia y pone en valor la contribuci\u00f3n de los cineastas que han formado parte de ella. La obra &#8216;Ikusmira Berriak 2015-2025&#8217;, se ha presentado hoy en el marco del Zinemaldia y de Kabia, la jornada que se dedica a esos creadores en desarrollo.<\/p>\n<p class=\"v-p\">\u00abLa publicaci\u00f3n no solo celebra una d\u00e9cada de apoyo, sino que tambi\u00e9n da testimonio del impacto de las pel\u00edculas que han pasado por el programa y pone el foco en un recorrido conjunto, que no puede entenderse sin las cineastas que han participado a lo largo de su historia\u00bb, han destacado sus responsables.<\/p>\n<p class=\"v-p\">Si algo destacan es que la programaci\u00f3n en festivales de las pel\u00edculas apoyadas por esta iniciativa y los premios obtenidos por las mismas convierten a Ikusmira Berriak \u00aben un label al que miran con atenci\u00f3n agentes del sector, desde productoras a cert\u00e1menes\u00bb. Por otro lado, \u00abla residencia ha servido para dar paso y retratar un relevo generacional en el cine vasco, compuesto fundamentalmente por cineastas vascas (Maider Oleaga, Amaia Merino, Maider Fern\u00e1ndez Iriarte, Arantza Santesteban, Aitziber Olaskoaga, Jaione Camborda, Marina Palacio, Irati Gorostidi, Maddi Barber, Mikele Landa, Maria Elorza y Joana Moya).<\/p>\n<p>\u00abToca hacer balance\u00bb<\/p>\n<p class=\"v-p\">El libro se abre con art\u00edculos de las tres instituciones que apoyan la residencia: Maialen Beloki Berasategui, subdirectora del Festival de San Sebasti\u00e1n, Carlos Muguiro, director acad\u00e9mico de El\u00edas Querejeta Zine Eskola y Clara Montero Tellechea, directora cultural de Tabakalera, y Sara Hern\u00e1ndez Askasibar, coordinadora del laboratorio de cine y audiovisual del centro internacional de cultura contempor\u00e1nea. Como explica Maialen Beloki Berasategui, \u00aben su d\u00e9cimo aniversario, toca hacer balance\u00bb. En t\u00e9rminos num\u00e9ricos, en el programa se han inscrito m\u00e1s de 1.800 propuestas. Han sido apoyados 56 proyectos audiovisuales, de los que ya 28 han sido terminados y seleccionados en un amplio circuito internacional de festivales, donde han recibido, entre otros, los siguientes reconocimientos: un premio a la Mejor Pel\u00edcula Europea en la Quincena de Cannes, un Premio Especial del Jurado de la secci\u00f3n Orizzonti de la Biennale de Venecia, un premio FIPRESCI en la secci\u00f3n Encounters de Berlinale, un premio a Mejor Pel\u00edcula en DocLisboa, un premio a Mejor Pel\u00edcula en Punto de Vista, un premio a la Mejor Aportaci\u00f3n T\u00e9cnica en la Semana de la Cr\u00edtica de Venecia, un Goya, seis Gaud\u00eds, un Premio Irizar al Cine Vasco, dos menciones especiales en Zabaltegi-Tabakalera y una Concha de Oro del Festival de San Sebasti\u00e1n. <\/p>\n<p>\nEl libro re\u00fane diez entrevistas, una por cada edici\u00f3n, con preguntas sobre el proceso creador\n<\/p>\n<p class=\"v-p\">El libro re\u00fane diez entrevistas a cineastas de cada edici\u00f3n, preguntas y respuestas que hacen referencia a los procesos creativos, a cineastas referentes y pel\u00edculas inspiradoras, y a los recuerdos vinculados a la residencia: Xacio Ba\u00f1o (2015), Kiro Russo (2016), Helena Gir\u00f3n y Samuel M. Delgado (2017), Arantza Santesteban (2018), Raven Jackson (2019), Jaione Camborda (2020), Eduardo Crespo (2021), Meritxell Colell (2022), Naomi Pacifique (2023) y Mikele Landa (2024). \u00abCineastas procedentes de diferentes lugares \u2013territoriales, generacionales o emocionales\u2013, que comparten los mismos impulsos de porqu\u00e9 y para qu\u00e9 hacer cine\u00bb, como recoge en el ep\u00edlogo la responsable de Ikusmira Berriak, Maialen Franco D\u00e1vila, que ha coordinado el volumen dise\u00f1ado por Diego Zarrabeitia.<\/p>\n<p class=\"v-p\">Adem\u00e1s de los textos, el volumen contiene abundante material gr\u00e1fico: adem\u00e1s de im\u00e1genes de fotogramas de los proyectos realizados, tambi\u00e9n se muestran partes de un storyboard, hojas de guion con apuntes manuscritos, fotograf\u00edas, notas, dibujos, notas y hasta fragmentos de un herbario.<\/p>\n<p>Relaci\u00f3n continuada<\/p>\n<p class=\"v-p\">El director de EQZE cita a George Steiner para reivindicar el ideal de escuela: \u00abSer\u00eda una escuela en la que el alumno tendr\u00eda permiso para cometer ese gran error que es la esperanza\u00bb. Muguiro concluye que \u00abciertamente, no hay mayor ejercicio de esperanza que imaginar una pel\u00edcula que todav\u00eda no existe. Ll\u00e1mese o no escuela (post-escuela, escuela ideal, escuela transmutada, tal sitio es Ikusmira Berriak\u00bb. Desde Tabakalera, Clara Montero y Sara Hern\u00e1ndez recuerdan que \u00abel acompa\u00f1amiento no se limita al periodo de la residencia\u00bb sino que en Ikusmira Berriak \u00abse trata m\u00e1s bien de una relaci\u00f3n continuada que posibilita el \u00f3ptimo desarrollo de la residencia y facilita a las creadoras la transici\u00f3n de la creaci\u00f3n puntual hacia la construcci\u00f3n de una carrera en la industria audiovisual\u00bb.<\/p>\n<p class=\"v-p\">Tambi\u00e9n participan en el libro firmas de profesionales de la industria cinematogr\u00e1fica: la cineasta Albertina Carri, la productora Eugenia Mumenthaler y el programador Carlo Chatrian, exdirector de los festivales de Berl\u00edn y Locarno y actual responsable del Museo del Cine de Tur\u00edn, que han formado parte del comit\u00e9 de preselecci\u00f3n o han ejercido de tutores, y V\u00edctor Iriarte, que particip\u00f3 en la fundaci\u00f3n del programa, ha formado parte de su selecci\u00f3n durante numerosas ediciones y ha acompa\u00f1ado e impartido talleres a sus cineastas. Carri define su experiencia en Ikusmira Berriak de la siguiente manera: \u00abAcompa\u00f1ar a las nuevas y nuevos cineastas en la odisea de encontrar su propia voz, es una alteraci\u00f3n vital en un sistema de consumos que cada vez se vuelve m\u00e1s alienante y encriptado\u00bb. En el mismo sentido se expresa Mumenthaler: el programa propicia \u00abla oportunidad de transitar nuevos relatos, donde la sociedad se pueda sentir representada en su globalidad y cuestionada desde lo contempor\u00e1neo\u00bb. Chatrian recuerda vivamente su primera impresi\u00f3n: \u00abAunque los proyectos que examin\u00e9 eran extraordinarios, el feedback m\u00e1s fuerte fue el de una energ\u00eda creativa compartida. Para decirlo simplemente, tuve la misma sensaci\u00f3n contagiosa que tuve cuando empec\u00e9 a estar enganchado a los festivales de cine: la idea de que, fuera del caos del mundo exterior, algo est\u00e1 tomando forma- aqu\u00ed y ahora\u00bb. Iriarte hace una invitaci\u00f3n expresa: \u00abCineastas del futuro, aqu\u00ed tienen un hogar y un abecedario. Hagan magia. Inventen palabras y pel\u00edculas. Habiten. Hagan fuego\u00bb.<\/p>\n","protected":false},"excerpt":{"rendered":"Ikusmira Berriak naci\u00f3 en 2015 al amparo de la Capitalidad Europea que se celebr\u00f3 en Donostia al a\u00f1o&hellip;\n","protected":false},"author":2,"featured_media":134331,"comment_status":"","ping_status":"","sticky":false,"template":"","format":"standard","meta":{"footnotes":""},"categories":[172],"tags":[9807,42752,224,42297,31010,146,147,25,24,42751,28372,1496,225,7721,23],"class_list":{"0":"post-134330","1":"post","2":"type-post","3":"status-publish","4":"format-standard","5":"has-post-thumbnail","7":"category-libros","8":"tag-aniversario","9":"tag-berriak","10":"tag-books","11":"tag-creadora","12":"tag-decimo","13":"tag-entertainment","14":"tag-entretenimiento","15":"tag-es","16":"tag-espana","17":"tag-ikusmira","18":"tag-labor","19":"tag-libro","20":"tag-libros","21":"tag-recoge","22":"tag-spain"},"share_on_mastodon":{"url":"","error":""},"_links":{"self":[{"href":"https:\/\/www.europesays.com\/es\/wp-json\/wp\/v2\/posts\/134330","targetHints":{"allow":["GET"]}}],"collection":[{"href":"https:\/\/www.europesays.com\/es\/wp-json\/wp\/v2\/posts"}],"about":[{"href":"https:\/\/www.europesays.com\/es\/wp-json\/wp\/v2\/types\/post"}],"author":[{"embeddable":true,"href":"https:\/\/www.europesays.com\/es\/wp-json\/wp\/v2\/users\/2"}],"replies":[{"embeddable":true,"href":"https:\/\/www.europesays.com\/es\/wp-json\/wp\/v2\/comments?post=134330"}],"version-history":[{"count":0,"href":"https:\/\/www.europesays.com\/es\/wp-json\/wp\/v2\/posts\/134330\/revisions"}],"wp:featuredmedia":[{"embeddable":true,"href":"https:\/\/www.europesays.com\/es\/wp-json\/wp\/v2\/media\/134331"}],"wp:attachment":[{"href":"https:\/\/www.europesays.com\/es\/wp-json\/wp\/v2\/media?parent=134330"}],"wp:term":[{"taxonomy":"category","embeddable":true,"href":"https:\/\/www.europesays.com\/es\/wp-json\/wp\/v2\/categories?post=134330"},{"taxonomy":"post_tag","embeddable":true,"href":"https:\/\/www.europesays.com\/es\/wp-json\/wp\/v2\/tags?post=134330"}],"curies":[{"name":"wp","href":"https:\/\/api.w.org\/{rel}","templated":true}]}}