{"id":134353,"date":"2025-09-23T17:38:10","date_gmt":"2025-09-23T17:38:10","guid":{"rendered":"https:\/\/www.europesays.com\/es\/134353\/"},"modified":"2025-09-23T17:38:10","modified_gmt":"2025-09-23T17:38:10","slug":"las-primeras-palabras-de-julio-norte-desde-el-hospital-que-nadie-dude-que-volvere-a-ponerme-en-el-mismo-sitio","status":"publish","type":"post","link":"https:\/\/www.europesays.com\/es\/134353\/","title":{"rendered":"Las primeras palabras de Julio Norte desde el hospital: \u00abQue nadie dude que volver\u00e9 a ponerme en el mismo sitio\u00bb"},"content":{"rendered":"<p><img fetchpriority=\"high\" class=\"v-a-img\" src=\"https:\/\/www.europesays.com\/es\/wp-content\/uploads\/2025\/09\/Norte 1-RLOvgRUSFZBNCT9I8giDZCK-1200x840@Gaceta Salamanca.jpg\" loading=\"eager\" decoding=\"async\" alt=\"Julio Norte, en la habitaci\u00f3n del Hospital Infanta Sof\u00eda de San Sebasti\u00e1n de los Reyes, donde se recupera ya en planta.\"  width=\"1200\" height=\"840\"\/><\/p>\n<p>Julio Norte, en la habitaci\u00f3n del Hospital Infanta Sof\u00eda de San Sebasti\u00e1n de los Reyes, donde se recupera ya en planta.          B.R.L.        <\/p>\n<p>El joven torero salmantino sali\u00f3 de la UCI este mediod\u00eda y ya se recupera en planta del Hospital Infanta Sof\u00eda de San Sebasti\u00e1n de los Reyes (Madrid) donde tendr\u00e1 que permanecer ingresado al menos una semana.<\/p>\n<p><a class=\"v-mdl-ath__fig-a\" href=\"https:\/\/www.lagacetadesalamanca.es\/autor\/javier-lorenzo-5975.html\" title=\"Javier Lorenzo\" rel=\"nofollow noopener\" target=\"_blank\"><br \/>\n<img decoding=\"async\" class=\"v-mdl-ath__img\" src=\"https:\/\/www.europesays.com\/es\/wp-content\/uploads\/2025\/09\/1757748131_340_autor-5975-foto-1.png\" alt=\"Javier Lorenzo\"\/><br \/>\n<\/a><\/p>\n<p class=\"v-mdl-ath__p v-mdl-ath__p--6\">\nMartes, 23 de septiembre 2025, 19:19<\/p>\n<p class=\"v-p\">\u00abQue nadie dude de que voy a volver a ponerme en el mismo sitio en el que me cogi\u00f3 el novillo de Victoriano. Que nadie lo dude. Que me voy a segur arrimando eso y m\u00e1s\u00bb. Son las primeras palabras de Julio Norte, postrado en la cama de una habitaci\u00f3n en planta del Hospital Infanta Sof\u00eda de San Sebasti\u00e1n de los Reyes, despu\u00e9s de que <strong>este mediod\u00eda saliera de la UCI<\/strong> en la que pas\u00f3 toda la noche tras la larga y delicada intervenci\u00f3n quir\u00fargica de varias horas a la que fue sometido la pasada madrugada despu\u00e9s de la <a href=\"https:\/\/www.lagacetadesalamanca.es\/toros\/julio-norte-grave-escalofriante-parte-medico-tras-20250923120356-nt.html\" target=\"_blank\" data-voc-vtm-id=\"in-text-traffic\" title=\"grave cornada que le infiri\u00f3 el novillo de Victorino del R\u00edo\" data-mrf-link=\"www.lagacetadesalamanca.es\" rel=\"nofollow noopener\">grave cornada que le infiri\u00f3 el novillo de Victorino del R\u00edo<\/a> el lunes en la final de la Feria de Moncalvillo de San Agust\u00edn de Guadalix. Desde la habitaci\u00f3n del hospital atiende la llamada de LA GACETA. Con la voz apagada y a la vez pausada, con la media sonrisa que nunca pierde, contento por sus logros, sin rencor al toro y sobre todo con <strong>la ilusi\u00f3n de volver al mismo sitio que le ha hecho convertirse en el novillero del a\u00f1o,<\/strong> el espada salmantino confiesa que la primera noche tras el percance, su bautismo de sangre, ha sido \u00ablarga\u00bb y \u00abcon muchos dolores\u00bb. R\u00e1pido muestra su car\u00e1cter y ambici\u00f3n de torero: \u00abPoco a poco me voy a poner de nuevo bien. Estoy seguro\u00bb. Ahora le espera un largo periodo de recuperaci\u00f3n, tendr\u00e1 que estar seis o siete d\u00edas, hasta principios de la semana que viene al menos, en el citado centro hospitalario de la localidad madrile\u00f1a. Y, a partir de entonces, ir plante\u00e1ndose nuevos retos. Ahora, lo m\u00e1s temido son las peligrosas infecciones que pudieran complicar la evoluci\u00f3n de las delicadas heridas. La mejor noticia hasta el momento es que <strong>cumplidas las primeras 24 horas no ha aparecido la temida fiebre<\/strong> y que tras la intervenci\u00f3n no hubo afectaci\u00f3n ni da\u00f1os mayores en la vejiga. Por tanto, ahora solo hay que apelar a la paciencia y esperar que pasen los d\u00edas. Varias docenas de estampitas de v\u00edrgenes, cristos y medallas que le acompa\u00f1an cada d\u00eda de toros y a los que se encomienda antes de salir a la plaza los tiene cuidadosamente ordenados en la mesilla de la habitaci\u00f3n del hospital en la que se encuentra.<\/p>\n<p class=\"v-p\">Sobre el percance recuerda c\u00f3mo sucedi\u00f3 en un principio y tambi\u00e9n de que<strong> era consciente de que algo as\u00ed pod\u00eda pasar cualquier d\u00eda,<\/strong> porque iba a al l\u00edmite, porque estaba arriesgando cada tarde y porque se estaban sucediendo los triunfos a diario. Por eso se ha convertido en uno de los nombres propios de la temporada: \u00abNo ha sido inesperado, soy consciente y se que en el lugar en el me pongo delante de los novillos pueden pasar cosas as\u00ed\u00bb.<\/p>\n<p class=\"v-p\">Julio Norte que <a href=\"https:\/\/www.lagacetadesalamanca.es\/toros\/sensaciones-julio-norte-ante-debut-picadores-quiero-20250408070000-nt.html\" target=\"_blank\" data-voc-vtm-id=\"in-text-traffic\" title=\"debut\u00f3 con picadores el 13 de abril\" data-mrf-link=\"www.lagacetadesalamanca.es\" rel=\"nofollow noopener\">debut\u00f3 con picadores el 13 de abril<\/a> en la plaza de toros de la localidad francesa de Garlin ha protagonizado una temporada arrolladora en la que ha toreado 21 novilladas con picadores. Se alz\u00f3 como triunfador del <a href=\"https:\/\/www.lagacetadesalamanca.es\/toros\/circuito-novilleros-castilla-leon-primer-finalista-20250722150759-nt.html\" target=\"_blank\" data-voc-vtm-id=\"in-text-traffic\" title=\"Circuito de Novilladas de Castilla y Le\u00f3n\" data-mrf-link=\"www.lagacetadesalamanca.es\" rel=\"nofollow noopener\">Circuito de Novilladas de Castilla y Le\u00f3n<\/a> y tambi\u00e9n gan\u00f3 la Vid de Oro del ciclo de novilladas de Arganda del Rey (Madrid), se present\u00f3 en Dax en agosto en su primera plaza de primera categor\u00eda, abri\u00f3 la puerta grande en la feria de Almer\u00eda y logr\u00f3 una regularidad aplastante toda la temporada. Solo pod\u00eda pararle un toro. Y un toro le ha parado, a\u00fan as\u00ed no empa\u00f1a una temporada arrolladora en la que ha contado sus actuaciones casi por puertas grandes y que va a dejar en el aire el explosivo final de campa\u00f1a que tenia firmado, en las ferias de novilladas de <strong>Algemes\u00ed (Valencia)<\/strong> el viernes y el Zapato de Oro de <strong>Arnedo (La Rioja)<\/strong> el s\u00e1bado y el d\u00eda 4 la <strong>feria del Pilar de Zaragoza,<\/strong> donde estaba anunciado su estreno en una plaza de primera categor\u00eda en Espa\u00f1a. En ninguna de las tres podr\u00e1 hacer el pase\u00edllo. Pero lo mejor, y todo lo bueno que ya se ha ganado en el toreo, est\u00e1 a\u00fan por llegar. Y por disfrutar.<\/p>\n<p>Comenta<\/p>\n<p>Reporta un error<\/p>\n","protected":false},"excerpt":{"rendered":"Julio Norte, en la habitaci\u00f3n del Hospital Infanta Sof\u00eda de San Sebasti\u00e1n de los Reyes, donde se recupera&hellip;\n","protected":false},"author":2,"featured_media":134354,"comment_status":"","ping_status":"","sticky":false,"template":"","format":"standard","meta":{"footnotes":""},"categories":[277],"tags":[373,168,42753,25,24,3345,888,3449,1298,42754,1640,982,23,167,374,31905],"class_list":{"0":"post-134353","1":"post","2":"type-post","3":"status-publish","4":"format-standard","5":"has-post-thumbnail","7":"category-toreo","8":"tag-bullfighting","9":"tag-deportes","10":"tag-dude","11":"tag-es","12":"tag-espana","13":"tag-hospital","14":"tag-julio","15":"tag-norte","16":"tag-palabras","17":"tag-ponerme","18":"tag-primeras","19":"tag-sitio","20":"tag-spain","21":"tag-sports","22":"tag-toreo","23":"tag-volvere"},"share_on_mastodon":{"url":"","error":""},"_links":{"self":[{"href":"https:\/\/www.europesays.com\/es\/wp-json\/wp\/v2\/posts\/134353","targetHints":{"allow":["GET"]}}],"collection":[{"href":"https:\/\/www.europesays.com\/es\/wp-json\/wp\/v2\/posts"}],"about":[{"href":"https:\/\/www.europesays.com\/es\/wp-json\/wp\/v2\/types\/post"}],"author":[{"embeddable":true,"href":"https:\/\/www.europesays.com\/es\/wp-json\/wp\/v2\/users\/2"}],"replies":[{"embeddable":true,"href":"https:\/\/www.europesays.com\/es\/wp-json\/wp\/v2\/comments?post=134353"}],"version-history":[{"count":0,"href":"https:\/\/www.europesays.com\/es\/wp-json\/wp\/v2\/posts\/134353\/revisions"}],"wp:featuredmedia":[{"embeddable":true,"href":"https:\/\/www.europesays.com\/es\/wp-json\/wp\/v2\/media\/134354"}],"wp:attachment":[{"href":"https:\/\/www.europesays.com\/es\/wp-json\/wp\/v2\/media?parent=134353"}],"wp:term":[{"taxonomy":"category","embeddable":true,"href":"https:\/\/www.europesays.com\/es\/wp-json\/wp\/v2\/categories?post=134353"},{"taxonomy":"post_tag","embeddable":true,"href":"https:\/\/www.europesays.com\/es\/wp-json\/wp\/v2\/tags?post=134353"}],"curies":[{"name":"wp","href":"https:\/\/api.w.org\/{rel}","templated":true}]}}