{"id":134361,"date":"2025-09-23T17:43:08","date_gmt":"2025-09-23T17:43:08","guid":{"rendered":"https:\/\/www.europesays.com\/es\/134361\/"},"modified":"2025-09-23T17:43:08","modified_gmt":"2025-09-23T17:43:08","slug":"checo-perez-reporta-con-fabrica-de-escuderia-cadillac-para-preparar-pruebas-tudn-formula-1","status":"publish","type":"post","link":"https:\/\/www.europesays.com\/es\/134361\/","title":{"rendered":"Checo P\u00e9rez reporta con f\u00e1brica de escuder\u00eda Cadillac para preparar pruebas | TUDN F\u00f3rmula 1"},"content":{"rendered":"<p>El nuevo equipo de la F1 comparti\u00f3 la llegada del piloto mexicano a la f\u00e1brica de Cadillac en Charlotte donde comenzar\u00e1 su proceso para regresar lo m\u00e1s pronto posible a las pistas de prueba y recuperar la condici\u00f3n tras un a\u00f1o alejado del circuito.<\/p>\n<p>Checo P\u00e9rez detall\u00f3 hace unos d\u00edas que visitar\u00eda las f\u00e1bricas de Cadillac en Estados Unidos e Inglaterra para poner manos al volante en el simulador y quiz\u00e1s realizar una prueba con un coche TPC.<\/p>\n<p>\u00abVoy a estar en el simulador y est\u00e1 en planes que pruebe un coche F1. Primero para trabajar y estar lo mas preparados posibles a principios de a\u00f1o.<\/p>\n<p>\u201cPara m\u00ed es importante manejar algo este a\u00f1o por todas las sensaciones, especialmente cuello, la parte f\u00edsica, para darle a mi cuerpo un recordatorio de lo que se viene\u201d, detall\u00f3 el mexicano.<\/p>\n","protected":false},"excerpt":{"rendered":"El nuevo equipo de la F1 comparti\u00f3 la llegada del piloto mexicano a la f\u00e1brica de Cadillac en&hellip;\n","protected":false},"author":2,"featured_media":134362,"comment_status":"","ping_status":"","sticky":false,"template":"","format":"standard","meta":{"footnotes":""},"categories":[270],"tags":[5331,5332,168,25,24,306,271,272,23,167],"class_list":{"0":"post-134361","1":"post","2":"type-post","3":"status-publish","4":"format-standard","5":"has-post-thumbnail","7":"category-formula-1","8":"tag-cadillac","9":"tag-checo-perez","10":"tag-deportes","11":"tag-es","12":"tag-espana","13":"tag-f1","14":"tag-formula-1","15":"tag-formula1","16":"tag-spain","17":"tag-sports"},"share_on_mastodon":{"url":"","error":""},"_links":{"self":[{"href":"https:\/\/www.europesays.com\/es\/wp-json\/wp\/v2\/posts\/134361","targetHints":{"allow":["GET"]}}],"collection":[{"href":"https:\/\/www.europesays.com\/es\/wp-json\/wp\/v2\/posts"}],"about":[{"href":"https:\/\/www.europesays.com\/es\/wp-json\/wp\/v2\/types\/post"}],"author":[{"embeddable":true,"href":"https:\/\/www.europesays.com\/es\/wp-json\/wp\/v2\/users\/2"}],"replies":[{"embeddable":true,"href":"https:\/\/www.europesays.com\/es\/wp-json\/wp\/v2\/comments?post=134361"}],"version-history":[{"count":0,"href":"https:\/\/www.europesays.com\/es\/wp-json\/wp\/v2\/posts\/134361\/revisions"}],"wp:featuredmedia":[{"embeddable":true,"href":"https:\/\/www.europesays.com\/es\/wp-json\/wp\/v2\/media\/134362"}],"wp:attachment":[{"href":"https:\/\/www.europesays.com\/es\/wp-json\/wp\/v2\/media?parent=134361"}],"wp:term":[{"taxonomy":"category","embeddable":true,"href":"https:\/\/www.europesays.com\/es\/wp-json\/wp\/v2\/categories?post=134361"},{"taxonomy":"post_tag","embeddable":true,"href":"https:\/\/www.europesays.com\/es\/wp-json\/wp\/v2\/tags?post=134361"}],"curies":[{"name":"wp","href":"https:\/\/api.w.org\/{rel}","templated":true}]}}