{"id":134369,"date":"2025-09-23T17:47:16","date_gmt":"2025-09-23T17:47:16","guid":{"rendered":"https:\/\/www.europesays.com\/es\/134369\/"},"modified":"2025-09-23T17:47:16","modified_gmt":"2025-09-23T17:47:16","slug":"espejo-del-alma-el-legado-de-ramon-alvarez-a-traves-de-una-treintena-de-imagenes-que-desvelan-expresiones","status":"publish","type":"post","link":"https:\/\/www.europesays.com\/es\/134369\/","title":{"rendered":"\u2018Espejo del alma\u2019, el legado de Ram\u00f3n \u00c1lvarez a trav\u00e9s de una treintena de im\u00e1genes que desvelan expresiones"},"content":{"rendered":"<p class=\"paragraph-atom &#10;        A-500-300-700-N A-550-300-700-N--md  \">Hace 200 a\u00f1os, Coreses vio nacer a <strong>Ram\u00f3n \u00c1lvarez<\/strong>, una figura esencial del patrimonio art\u00edstico y cultural de Zamora. \u00c1lvarez naci\u00f3 en el seno de una familia humilde y pas\u00f3 de ser hojalatero a catedr\u00e1tico de dibujo hasta consolidarse como artista de renombre en su taller de imaginer\u00eda de Zamora. Un recorrido que lo llev\u00f3 a convertirse en uno de los grandes maestros de la cultura religiosa de nuestra provincia.<\/p>\n<p class=\"paragraph-atom &#10;        A-500-300-700-N A-550-300-700-N--md  \">La sala de exposiciones del <strong>Hospital de la Encarnaci\u00f3n<\/strong> acoge el arte de uno de sus hijos m\u00e1s ilustres. La memoria de Ram\u00f3n \u00c1lvarez se revive a trav\u00e9s de sus obras, de sus bellas im\u00e1genes que expresan dolor, esperanza, alegr\u00eda y piedad, invitando a la admiraci\u00f3n profunda y a la devoci\u00f3n. Bajo el t\u00edtulo <strong>\u00abEspejo del alma\u00bb<\/strong>, se presenta esta exposici\u00f3n conmemorativa del bicentenario del nacimiento del imaginero.<\/p>\n<p class=\"paragraph-atom &#10;        A-500-300-700-N A-550-300-700-N--md  \">En la inauguraci\u00f3n, el presidente de la Diputaci\u00f3n, <strong>Javier Faundez<\/strong>, alab\u00f3 la trayectoria del escultor. \u00abEs un ejemplo de superaci\u00f3n personal y de compromiso con su tierra. Sin olvidar, adem\u00e1s, que Don Ram\u00f3n fue maestro de maestros, de otros artistas locales que han dejado su huella tanto en la estructura civil como religiosa, como Miguel Torija, Aurelio de la Iglesia, Eduardo Barr\u00f3n y Ram\u00f3n\u00bb.<\/p>\n<p class=\"paragraph-atom &#10;        A-500-300-700-N A-550-300-700-N--md  \">La exposici\u00f3n desvela expresiones de las <strong>etapas existenciales<\/strong>, los <strong>caracteres<\/strong> y los <strong>estados de \u00e1nimo<\/strong> del ser humano: la infancia, la madurez, la vejez, la ternura, la humildad, la sabidur\u00eda, la arrogancia, la amargura o la desesperaci\u00f3n.<\/p>\n<p class=\"paragraph-atom &#10;        A-500-300-700-N A-550-300-700-N--md  \">Una treintena de im\u00e1genes, cedidas temporalmente por parroquias y asociaciones de fieles de las di\u00f3cesis de <strong>Astorga y Zamora<\/strong>, as\u00ed como de la <strong>archidi\u00f3cesis de Valladolid<\/strong>, permiten a los visitantes contemplarlas y reflexionar sobre diversos aspectos de la <strong>naturaleza<\/strong> y el <strong>comportamiento humano<\/strong> a trav\u00e9s de los semblantes esculpidos.  La muestra permanecer\u00e1 abierta hasta el pr\u00f3ximo d\u00eda 6 de noviembre, de <strong>12:00 a 14:00<\/strong> y de <strong>17:00 a 21:00<\/strong> horas. <strong>Jos\u00e9 \u00c1ngel Rivera de las Heras<\/strong> es el comisario de la exposici\u00f3n. <\/p>\n<p class=\"paragraph-atom &#10;        A-500-300-700-N A-550-300-700-N--md  \">El vicepresidente de la Diputaci\u00f3n de Zamora, en su intervenci\u00f3n, se\u00f1al\u00f3 que la muestra es \u00abun broche de oro al ciclo de actividades\u00bb y destac\u00f3 que <strong>las cofrad\u00edas, as\u00ed como la di\u00f3cesis<\/strong> tendr\u00e1n la oportunidad de contemplar la grandeza de la Semana Santa zamorana a trav\u00e9s de las obras del imaginero zamorano. <\/p>\n<p class=\"paragraph-atom &#10;        A-500-300-700-N A-550-300-700-N--md  \">Entre las tallas que se pueden apreciar se encuentra <strong>\u00abEl Sacrificio\u00bb<\/strong>, una pieza de madera tallada y policromada; <strong>\u00abLa Ternura\u00bb<\/strong>, San Jos\u00e9 con el Ni\u00f1o Jes\u00fas, tambi\u00e9n de madera tallada y policromada; y <strong>\u00abSanta Ana con la Virgen Ni\u00f1a\u00bb<\/strong>, otra de las grandes obras en madera tallada y policromada.<\/p>\n","protected":false},"excerpt":{"rendered":"Hace 200 a\u00f1os, Coreses vio nacer a Ram\u00f3n \u00c1lvarez, una figura esencial del patrimonio art\u00edstico y cultural de&hellip;\n","protected":false},"author":2,"featured_media":134370,"comment_status":"","ping_status":"","sticky":false,"template":"","format":"standard","meta":{"footnotes":""},"categories":[173],"tags":[10512,4458,229,233,231,230,232,234,146,147,25,24,5174,363,11082,23],"class_list":{"0":"post-134369","1":"post","2":"type-post","3":"status-publish","4":"format-standard","5":"has-post-thumbnail","7":"category-arte-y-diseno","8":"tag-alma","9":"tag-alvarez","10":"tag-arte","11":"tag-arte-y-diseno","12":"tag-arts","13":"tag-arts-and-design","14":"tag-design","15":"tag-diseno","16":"tag-entertainment","17":"tag-entretenimiento","18":"tag-es","19":"tag-espana","20":"tag-espejo","21":"tag-legado","22":"tag-ramon","23":"tag-spain"},"share_on_mastodon":{"url":"","error":""},"_links":{"self":[{"href":"https:\/\/www.europesays.com\/es\/wp-json\/wp\/v2\/posts\/134369","targetHints":{"allow":["GET"]}}],"collection":[{"href":"https:\/\/www.europesays.com\/es\/wp-json\/wp\/v2\/posts"}],"about":[{"href":"https:\/\/www.europesays.com\/es\/wp-json\/wp\/v2\/types\/post"}],"author":[{"embeddable":true,"href":"https:\/\/www.europesays.com\/es\/wp-json\/wp\/v2\/users\/2"}],"replies":[{"embeddable":true,"href":"https:\/\/www.europesays.com\/es\/wp-json\/wp\/v2\/comments?post=134369"}],"version-history":[{"count":0,"href":"https:\/\/www.europesays.com\/es\/wp-json\/wp\/v2\/posts\/134369\/revisions"}],"wp:featuredmedia":[{"embeddable":true,"href":"https:\/\/www.europesays.com\/es\/wp-json\/wp\/v2\/media\/134370"}],"wp:attachment":[{"href":"https:\/\/www.europesays.com\/es\/wp-json\/wp\/v2\/media?parent=134369"}],"wp:term":[{"taxonomy":"category","embeddable":true,"href":"https:\/\/www.europesays.com\/es\/wp-json\/wp\/v2\/categories?post=134369"},{"taxonomy":"post_tag","embeddable":true,"href":"https:\/\/www.europesays.com\/es\/wp-json\/wp\/v2\/tags?post=134369"}],"curies":[{"name":"wp","href":"https:\/\/api.w.org\/{rel}","templated":true}]}}