{"id":134373,"date":"2025-09-23T17:49:10","date_gmt":"2025-09-23T17:49:10","guid":{"rendered":"https:\/\/www.europesays.com\/es\/134373\/"},"modified":"2025-09-23T17:49:10","modified_gmt":"2025-09-23T17:49:10","slug":"colbert-meyers-y-stewart-celebran-la-vuelta-de-jimmy-kimmel-con-dardos-a-trump-un-masivo-rechazo-nacional","status":"publish","type":"post","link":"https:\/\/www.europesays.com\/es\/134373\/","title":{"rendered":"Colbert, Meyers y Stewart celebran la vuelta de Jimmy Kimmel con dardos a Trump: \u00abUn masivo rechazo nacional\u00bb"},"content":{"rendered":"<p class=\"article-text\">\n        La semana pasada, la cadena estadounidense\u00a0<strong>ABC<\/strong>, propiedad de\u00a0<strong>Disney<\/strong>, anunci\u00f3 la\u00a0<a href=\"https:\/\/www.eldiario.es\/internacional\/abc-suspende-programa-comico-jimmy-kimmel-comentario-asesinato-charlie-kirk-trump-celebra_1_12611722.html\" target=\"_blank\" data-mrf-recirculation=\"links-noticia\" class=\"link\" rel=\"nofollow noopener\">\u201csuspensi\u00f3n indefinida\u201d<\/a>\u00a0del programa de\u00a0<strong>Jimmy Kimmel<\/strong>\u00a0por hacer un chiste sobre c\u00f3mo el movimiento <strong>MAGA<\/strong>, vinculado a <strong>Donald Trump<\/strong>, estaba utilizando pol\u00edticamente el asesinato del activista\u00a0<strong>Charlie Kirk<\/strong>. Enseguida, muchas voces salieron a apoyar al humorista (incluso su \u201crival\u201d Jimmy Fallon) y este lunes, tras la celebraci\u00f3n de un funeral-espect\u00e1culo que demostr\u00f3 esa instrumentalizaci\u00f3n, la cadena ABC anunci\u00f3 que el programa de Jimmy Kimmel\u00a0<a href=\"https:\/\/www.eldiario.es\/internacional\/abc-anuncia-regreso-comico-jimmy-kimmel-despues-haber-suspendido-programa-comentario-asesino-charlie-kirk_1_12623659.html\" target=\"_blank\" data-mrf-recirculation=\"links-noticia\" class=\"link\" rel=\"nofollow noopener\">volver\u00eda este martes<\/a>. La noticia fue acompa\u00f1ada de una explicaci\u00f3n de Disney (propietaria de ABC) sobre la cancelaci\u00f3n, as\u00ed como de la celebraci\u00f3n de compa\u00f1eros de profesi\u00f3n como<strong> Stephen Colbert, Jon Stewart y Seth Meyers<\/strong>, que compartieron su entusiasmo cargando con humor contra Trump.\n    <\/p>\n<p>    <a href=\"https:\/\/www.eldiario.es\/vertele\/noticias\/video-apoyo-jimmy-kimmel-revuelta-regalo-brays-efe-les-han-echado-caso-censura_1_12623999.html\" data-mrf-recirculation=\"saber-mas\" data-dl-event=\"saber-mas\" rel=\"nofollow noopener\" target=\"_blank\"><\/p>\n<p class=\"know-more__title\">El apoyo a Jimmy Kimmel en &#8216;La Revuelta&#8217; por un regalo de Brays Efe: \u00abLes han echado en un caso de censura\u00bb<\/p>\n<p>            <img decoding=\"async\" class=\"lazy\" loading=\"lazy\" data-src=\"https:\/\/static.eldiario.es\/clip\/03201e71-a144-4ea0-93fb-9d0be8cfa4ea_16-9-aspect-ratio_default_0.jpg\" src=\"data:image\/svg+xml,%3Csvg xmlns=\" http:=\"\" viewbox=\"0 0 880 495\" alt=\"El apoyo a Jimmy Kimmel en 'La Revuelta' por un regalo de Brays Efe: &quot;Les han echado en un caso de censura&quot;\"\/><\/p>\n<p>                        <\/a><\/p>\n<p class=\"article-text\">\n        Desde el <strong>Late Night<\/strong>, <strong>Seth Meyers<\/strong> celebr\u00f3 la decisi\u00f3n, que considera <strong>\u201cun masivo rechazo nacional a la ofensiva de Trump contra la libertad de expresi\u00f3n\u201d<\/strong>, que se pronunci\u00f3 a favor de la cancelaci\u00f3n: \u201cNo he visto a\u00fan una encuesta, pero creo que si preguntas a los estadounidenses si el presidente debe dictar lo que los presentadores pueden o no pueden decir en televisi\u00f3n, obtendr\u00edas como un 3% a favor y&#8230;\u201d. El showman culminaba, tal y como recoge Europa Press, de forma c\u00f3mica con un v\u00eddeo del propio Trump rematando con un<strong> \u201c97% en contra\u201d.<\/strong>\n    <\/p>\n<p class=\"article-text\">\n        \u201cJimmy Kimmel est\u00e1 hoy por las nubes como si fuera puesto de ibuprofeno\u201d, bromea <strong>Jon Stewart<\/strong> en <strong>The Daily Show<\/strong>, enlazando con la pol\u00e9mica del d\u00eda, en la que la Administraci\u00f3n de Alimentos y Medicamentosde de Estados Unidos hab\u00eda revelado que el uso de diferentes analg\u00e9sicos estaba vinculado a mayores riesgos de autismo, a pesar de d\u00e9cadas de evidencia de que es seguro.\n    <\/p>\n<p class=\"article-text\">\n        Stewart tambi\u00e9n aprovech\u00f3 para satirizar sobre el boicot a Disney que diferentes figuras de la industria cinematogr\u00e1fica como <strong>Mark Ruffalo <\/strong>propusieron tras la cancelaci\u00f3n de Jimmy Kimmel Live: \u201cEsa campa\u00f1a que lanzaron, fingiendo que ibais a cancelar Hulu y Disney+ mientras en secreto hac\u00e9is marat\u00f3n de las cuatro temporadas de Solo asesinatos en el edificio&#8230; enhorabuena. <strong>\u00bfNo fue interesante descubrir todos los tent\u00e1culos que Disney tiene en tu vida diaria? <\/strong>Una cosa es jurar que no har\u00e1s m\u00e1s cruceros, pero Los Vengadores, no. \u00bfC\u00f3mo es posible que, al deshacerte de una sola compa\u00f1\u00eda, no pueda ver Winnie the Pooh o escuchar los primeros discos de Hilary Duff?\u201d\n    <\/p>\n<p class=\"article-text\">\n        \u201cHacemos unos 160 programas al a\u00f1o o algo as\u00ed y, cuando se presenta la ocasi\u00f3n, siempre es agradable empezar con buenas noticias\u201d, dijo <strong>Stephen Colbert<\/strong> abri\u00f3 con alivio y tono de celebraci\u00f3n en el arranque de<strong> The Late Show<\/strong>: \u201cPocas horas antes de grabar este programa, nos ha llegado la noticia de que se acab\u00f3 nuestra larga pesadilla nocturna nacional, porque Disney anunci\u00f3 que Jimmy Kimmel Live! volver\u00e1 a emitirse en ABC ma\u00f1ana. <strong>Maravillosas noticias. Estoy muy feliz por ellos<\/strong>\u201d, asegur\u00f3 el presentador.\n    <\/p>\n<p class=\"article-text\">\n        Todav\u00eda no se han pronunciado sobre la reactivaci\u00f3n del programa, al menos p\u00fablicamente, otras importantes figuras del sector como<strong> Jimmy Fallon<\/strong>, pero el presentador de <strong>The Tonight Show<\/strong> s\u00ed se manifest\u00f3 durante la suspensi\u00f3n, dedic\u00e1ndole un tramo de su mon\u00f3logo del 18 de septiembre para apoyarlo.\n    <\/p>\n<p>            <img decoding=\"async\" class=\"lazy\" loading=\"lazy\" data-src=\"https:\/\/static.eldiario.es\/clip\/5ec0a696-0d6d-401d-bc55-92833a907900_16-9-discover-aspect-ratio_default_0.jpg\" src=\"data:image\/svg+xml,%3Csvg xmlns=\" http:=\"\" viewbox=\"0 0 1200 675\" alt=\"Jimmy Kimmel Reacts to Donald Trump Winning the Presidential Election\"\/><\/p>\n<p>    La explicaci\u00f3n oficial de Disney<\/p>\n<p class=\"article-text\">\n        \u201cEl mi\u00e9rcoles pasado decidimos suspender la producci\u00f3n del programa para <strong>evitar agravar la situaci\u00f3n en un momento tan delicado para nuestro pa\u00eds. <\/strong>Tomamos esta decisi\u00f3n porque consideramos que algunos comentarios fueron inoportunos y, por lo tanto, insensibles\u201d, escribi\u00f3 Disney en un comunicado recogido por diferentes medios de comunicaci\u00f3n. \u201cHemos pasado los \u00faltimos d\u00edas conversando a fondo con Jimmy, y tras ello, <strong>decidimos reanudar el programa el martes<\/strong>\u201d, contin\u00faa.\n    <\/p>\n<p>    <a href=\"https:\/\/www.eldiario.es\/vertele\/noticias\/masterchef-celebrity-10-expulso-aplicadas-enfrento-torito-miguel-torres-prepotencia_1_12623668.html\" data-mrf-recirculation=\"saber-mas-abajo\" data-dl-event=\"saber-mas-abajo\" rel=\"nofollow noopener\" target=\"_blank\"><\/p>\n<p class=\"know-more__title\">&#8216;MasterChef Celebrity 10&#8217; expuls\u00f3 a una de las m\u00e1s aplicadas y enfrent\u00f3 a Torito y Miguel Torres por su \u201cprepotencia\u201d\n<\/p>\n<p>            <img decoding=\"async\" class=\"lazy\" loading=\"lazy\" data-src=\"https:\/\/static.eldiario.es\/clip\/fcde7957-5cb9-4c39-8869-1db8bb40f84e_16-9-aspect-ratio_default_0.jpg\" src=\"data:image\/svg+xml,%3Csvg xmlns=\" http:=\"\" viewbox=\"0 0 880 495\" alt=\"'MasterChef Celebrity 10' expuls\u00f3 a una de las m\u00e1s aplicadas y enfrent\u00f3 a Torito y Miguel Torres por su &quot;prepotencia&quot;\"\/><\/p>\n<p>                        <\/a><\/p>\n<p class=\"article-text\">\n        En los d\u00edas posteriores a la suspensi\u00f3n de Jimmy Kimmel Live!, figuras de la industria cinematogr\u00e1fica criticaban la medida y defend\u00edan la libertad de expresi\u00f3n. La respuesta cristaliz\u00f3 en una carta abierta coordinada por la ACLU y firmada por m\u00e1s de 400 artistas (entre ellos <strong>Meryl Streep, Tom Hanks, Jennifer Aniston, Ben Affleck, Selena Gomez, Pedro Pascal, Robert De Niro, Natalie Portman, Lin-Manuel Miranda<\/strong>), que alertaba de un \u201cmomento oscuro para la libertad de expresi\u00f3n\u201d y ped\u00eda revertir el castigo.\n    <\/p>\n","protected":false},"excerpt":{"rendered":"La semana pasada, la cadena estadounidense\u00a0ABC, propiedad de\u00a0Disney, anunci\u00f3 la\u00a0\u201csuspensi\u00f3n indefinida\u201d\u00a0del programa de\u00a0Jimmy Kimmel\u00a0por hacer un chiste sobre&hellip;\n","protected":false},"author":2,"featured_media":134374,"comment_status":"","ping_status":"","sticky":false,"template":"","format":"standard","meta":{"footnotes":""},"categories":[171],"tags":[5187,17964,31758,146,147,25,24,20984,20985,16396,29566,813,3635,23,42755,936,214,1357],"class_list":{"0":"post-134373","1":"post","2":"type-post","3":"status-publish","4":"format-standard","5":"has-post-thumbnail","7":"category-tv","8":"tag-celebran","9":"tag-colbert","10":"tag-dardos","11":"tag-entertainment","12":"tag-entretenimiento","13":"tag-es","14":"tag-espana","15":"tag-jimmy","16":"tag-kimmel","17":"tag-masivo","18":"tag-meyers","19":"tag-nacional","20":"tag-rechazo","21":"tag-spain","22":"tag-stewart","23":"tag-trump","24":"tag-tv","25":"tag-vuelta"},"share_on_mastodon":{"url":"","error":""},"_links":{"self":[{"href":"https:\/\/www.europesays.com\/es\/wp-json\/wp\/v2\/posts\/134373","targetHints":{"allow":["GET"]}}],"collection":[{"href":"https:\/\/www.europesays.com\/es\/wp-json\/wp\/v2\/posts"}],"about":[{"href":"https:\/\/www.europesays.com\/es\/wp-json\/wp\/v2\/types\/post"}],"author":[{"embeddable":true,"href":"https:\/\/www.europesays.com\/es\/wp-json\/wp\/v2\/users\/2"}],"replies":[{"embeddable":true,"href":"https:\/\/www.europesays.com\/es\/wp-json\/wp\/v2\/comments?post=134373"}],"version-history":[{"count":0,"href":"https:\/\/www.europesays.com\/es\/wp-json\/wp\/v2\/posts\/134373\/revisions"}],"wp:featuredmedia":[{"embeddable":true,"href":"https:\/\/www.europesays.com\/es\/wp-json\/wp\/v2\/media\/134374"}],"wp:attachment":[{"href":"https:\/\/www.europesays.com\/es\/wp-json\/wp\/v2\/media?parent=134373"}],"wp:term":[{"taxonomy":"category","embeddable":true,"href":"https:\/\/www.europesays.com\/es\/wp-json\/wp\/v2\/categories?post=134373"},{"taxonomy":"post_tag","embeddable":true,"href":"https:\/\/www.europesays.com\/es\/wp-json\/wp\/v2\/tags?post=134373"}],"curies":[{"name":"wp","href":"https:\/\/api.w.org\/{rel}","templated":true}]}}