{"id":134390,"date":"2025-09-23T17:59:11","date_gmt":"2025-09-23T17:59:11","guid":{"rendered":"https:\/\/www.europesays.com\/es\/134390\/"},"modified":"2025-09-23T17:59:11","modified_gmt":"2025-09-23T17:59:11","slug":"trump-presume-de-haber-frenado-siete-guerras-sin-la-ayuda-de-la-onu-y-cree-que-reconocer-a-palestina-es-premiar-a-hamas-internacional","status":"publish","type":"post","link":"https:\/\/www.europesays.com\/es\/134390\/","title":{"rendered":"Trump presume de haber frenado \u00absiete guerras\u00bb sin la ayuda de la ONU y cree que reconocer a Palestina es \u00abpremiar a Ham\u00e1s\u00bb | Internacional"},"content":{"rendered":"<p class=\"loc\">Madrid <\/p>\n<p>Es una reuni\u00f3n complicada <a href=\"https:\/\/cadenaser.com\/nacional\/2025\/09\/22\/ultima-hora-de-la-ofensiva-de-israel-en-directo-la-onu-celebra-su-asamblea-general-mirando-a-gaza-cadena-ser\/\" target=\"_blank\" rel=\"nofollow noopener\" title=\"https:\/\/cadenaser.com\/nacional\/2025\/09\/22\/ultima-hora-de-la-ofensiva-de-israel-en-directo-la-onu-celebra-su-asamblea-general-mirando-a-gaza-cadena-ser\/\">la Asamblea de la ONU<\/a>, en su 80\u00aa convocatoria. El organismo pasa por una de las mayores crisis de su historia, con centenares de trabajadores muertos en los conflictos abiertos, sin posibilidad de entregar ayuda humanitaria a miles de afectados por los conflictos y con un recorte de fondo superior al 35% tras la retirada de las partidas de Estados Unidos.<\/p>\n<p>M\u00e1s informaci\u00f3n<\/p>\n<p>Ant\u00f3nio Guterres, el secretario general, ha recordado por qu\u00e9 se cre\u00f3 la ONU. \u00abPara ayudar a los pobres, a los desfavorecidos, para que exista una legalidad internacional bajo la que se cobijen todos, para evitar que los grandes y poderosos abusen de su poder. Pero nos encontramos en un mundo que invierte 1 d\u00f3lar en la paz, frente a los 750 que invierte en la guerra. Un mundo que, como dice Lula da Silva, se focaliza en los conflictos, en las matanzas de civiles, en los abusos de poder, en extrapolar el control, m\u00e1s que en luchar contra el cambio clim\u00e1tico\u00bb, ha dicho. <\/p>\n<p>Y despu\u00e9s ha llegado Trump, con su discurso preparado, pero el telepr\u00f3nter, el aparato que les permite leer lo que traen escrito sin necesidad de papel, se ha estropeado justo cuando empezaba. Trump ven\u00eda con el discurso espeso: empez\u00f3, como viene siendo habitual, cargando contra la administraci\u00f3n dem\u00f3crata de Biden, a la que llam\u00f3 incompetente, inepta, corrupta y est\u00fapida. Y menos mal que lleg\u00f3, porque en apenas ocho meses, seg\u00fan \u00e9l, ha conseguido salvar la econom\u00eda, salvar al pa\u00eds de una invasi\u00f3n de inmigrantes ilegales, y traer miles de millones en inversiones internacionales que van a conseguir poner a Estados Unidos en \u00f3rbita comercial.<\/p>\n<p>\u00abSimplemente, liberen a los rehenes\u00bb, ha dicho Trump mientras ha criticado el reconocimiento del Estado de Palestina, en una escueta referencia al conflicto de Oriente Pr\u00f3ximo. Ahora, como para alentar la continuaci\u00f3n del conflicto, algunos miembros de este organismo buscan reconocer unilateralmente un estado palestino. \u00abLas recompensas ser\u00edan demasiado grandes para los terroristas de Ham\u00e1s, por sus atrocidades. Esta ser\u00eda una recompensa por estas horribles atrocidades, incluyendo el 7 de octubre\u00bb, ha se\u00f1alado Trump. <\/p>\n<p>\u00abTodo el mundo dice que deber\u00eda recibir el Premio Nobel de la Paz por cada uno de estos logros\u00bb<\/p>\n<p>Y alardeando de sus esfuerzos diplom\u00e1ticos en todo el mundo, Donald Trump ha enumerado los siete conflictos que dice haber detenido: Camboya y Tailandia, Kosovo y Serbia, Congo y Ruanda, Pakist\u00e1n y la India, Israel e Ir\u00e1n, Egipto y Etiop\u00eda, y Armenia y Azerbaiy\u00e1n. \u00abHe puesto fin a siete guerras interminables. Dijeron que eran interminables\u00bb, ha a\u00f1adido. \u00abTermin\u00e9 siete guerras y en todos los casos fueron devastadoras y miles de personas murieron.\u00bb <\/p>\n<p>Ha afirmado tambi\u00e9n que ning\u00fan presidente o primer ministro \u00abha hecho jam\u00e1s algo parecido\u00bb. \u00abY lo hice en solo siete meses, nunca hab\u00eda sucedido antes. Nunca hab\u00eda sucedido nada parecido. Me siento muy honrado de haberlo hecho; es una l\u00e1stima que yo haya tenido que hacer estas cosas en lugar de que las hicieran las Naciones Unidas y lamentablemente, en todos los casos, las Naciones Unidas ni siquiera intentaron ayudar en ninguno de ellos\u00bb, ha dicho. <\/p>\n<p>\u00abTodo el mundo dice que deber\u00eda recibir el Premio Nobel de la Paz por cada uno de estos logros, pero para m\u00ed, el verdadero premio ser\u00e1n los hijos e hijas que vivan y crezcan con sus madres y padres, porque millones de personas ya no mueren en guerras interminables y sin gloria. Lo que me importa no es tanto ganar premios como salvar vidas\u00bb, ha sentenciado. <\/p>\n","protected":false},"excerpt":{"rendered":"Madrid Es una reuni\u00f3n complicada la Asamblea de la ONU, en su 80\u00aa convocatoria. El organismo pasa por&hellip;\n","protected":false},"author":2,"featured_media":134391,"comment_status":"","ping_status":"","sticky":false,"template":"","format":"standard","meta":{"footnotes":""},"categories":[5],"tags":[17,18,25,24,13,14,42758,11,35634,19,20,1383,9,10,15,16,23,5915,12,21,22,16743,42759],"class_list":{"0":"post-134390","1":"post","2":"type-post","3":"status-publish","4":"format-standard","5":"has-post-thumbnail","7":"category-titulares","8":"tag-breaking-news","9":"tag-breakingnews","10":"tag-es","11":"tag-espana","12":"tag-featured-news","13":"tag-featurednews","14":"tag-gathering","15":"tag-headlines","16":"tag-hq","17":"tag-latest-news","18":"tag-latestnews","19":"tag-meeting","20":"tag-news","21":"tag-noticias","22":"tag-noticias-destacadas","23":"tag-noticiasdestacadas","24":"tag-spain","25":"tag-summit","26":"tag-titulares","27":"tag-ultimas-noticias","28":"tag-ultimasnoticias","29":"tag-un","30":"tag-unga"},"share_on_mastodon":{"url":"","error":""},"_links":{"self":[{"href":"https:\/\/www.europesays.com\/es\/wp-json\/wp\/v2\/posts\/134390","targetHints":{"allow":["GET"]}}],"collection":[{"href":"https:\/\/www.europesays.com\/es\/wp-json\/wp\/v2\/posts"}],"about":[{"href":"https:\/\/www.europesays.com\/es\/wp-json\/wp\/v2\/types\/post"}],"author":[{"embeddable":true,"href":"https:\/\/www.europesays.com\/es\/wp-json\/wp\/v2\/users\/2"}],"replies":[{"embeddable":true,"href":"https:\/\/www.europesays.com\/es\/wp-json\/wp\/v2\/comments?post=134390"}],"version-history":[{"count":0,"href":"https:\/\/www.europesays.com\/es\/wp-json\/wp\/v2\/posts\/134390\/revisions"}],"wp:featuredmedia":[{"embeddable":true,"href":"https:\/\/www.europesays.com\/es\/wp-json\/wp\/v2\/media\/134391"}],"wp:attachment":[{"href":"https:\/\/www.europesays.com\/es\/wp-json\/wp\/v2\/media?parent=134390"}],"wp:term":[{"taxonomy":"category","embeddable":true,"href":"https:\/\/www.europesays.com\/es\/wp-json\/wp\/v2\/categories?post=134390"},{"taxonomy":"post_tag","embeddable":true,"href":"https:\/\/www.europesays.com\/es\/wp-json\/wp\/v2\/tags?post=134390"}],"curies":[{"name":"wp","href":"https:\/\/api.w.org\/{rel}","templated":true}]}}