{"id":134395,"date":"2025-09-23T18:03:08","date_gmt":"2025-09-23T18:03:08","guid":{"rendered":"https:\/\/www.europesays.com\/es\/134395\/"},"modified":"2025-09-23T18:03:08","modified_gmt":"2025-09-23T18:03:08","slug":"andres-perez-campeon-regional-de-pitch-and-putt-en-el-maderal","status":"publish","type":"post","link":"https:\/\/www.europesays.com\/es\/134395\/","title":{"rendered":"Andr\u00e9s P\u00e9rez, campe\u00f3n regional de pitch and putt en El Maderal"},"content":{"rendered":"<p class=\"ft-text\"><strong>Andr\u00e9s P\u00e9rez Garrido<\/strong> se alz\u00f3 campe\u00f3n absoluto de<strong> \u00abpitch and putt\u00bb de Castilla y Le\u00f3n<\/strong> en la gran final del campeonato regional celebrado en el <strong>campo de golf de El Maderal <\/strong>donde se reunieron los 16 mejores golfistas del circuito. Una competici\u00f3n que se desarroll\u00f3 con 36 hoyos en jornada matinal y 36 en sesi\u00f3n vespertina bajo la modalidad de parejas con intercambio en el intermedio para encontrar al campe\u00f3n.<\/p>\n<p><a id=\"comments\" name=\"comments\" title=\"\" class=\"ft-anchor ft-anchor--absolute ft-helper-spacer-voffset-xlg\" rel=\"\"><\/a><\/p>\n","protected":false},"excerpt":{"rendered":"Andr\u00e9s P\u00e9rez Garrido se alz\u00f3 campe\u00f3n absoluto de \u00abpitch and putt\u00bb de Castilla y Le\u00f3n en la gran&hellip;\n","protected":false},"author":2,"featured_media":134396,"comment_status":"","ping_status":"","sticky":false,"template":"","format":"standard","meta":{"footnotes":""},"categories":[275],"tags":[2987,42760,5773,3590,168,25,24,329,738,18520,16518,23,167],"class_list":{"0":"post-134395","1":"post","2":"type-post","3":"status-publish","4":"format-standard","5":"has-post-thumbnail","7":"category-golf","8":"tag-andres","9":"tag-andres-perez","10":"tag-campeon","11":"tag-castilla-y-leon","12":"tag-deportes","13":"tag-es","14":"tag-espana","15":"tag-golf","16":"tag-perez","17":"tag-pitch","18":"tag-regional","19":"tag-spain","20":"tag-sports"},"share_on_mastodon":{"url":"","error":""},"_links":{"self":[{"href":"https:\/\/www.europesays.com\/es\/wp-json\/wp\/v2\/posts\/134395","targetHints":{"allow":["GET"]}}],"collection":[{"href":"https:\/\/www.europesays.com\/es\/wp-json\/wp\/v2\/posts"}],"about":[{"href":"https:\/\/www.europesays.com\/es\/wp-json\/wp\/v2\/types\/post"}],"author":[{"embeddable":true,"href":"https:\/\/www.europesays.com\/es\/wp-json\/wp\/v2\/users\/2"}],"replies":[{"embeddable":true,"href":"https:\/\/www.europesays.com\/es\/wp-json\/wp\/v2\/comments?post=134395"}],"version-history":[{"count":0,"href":"https:\/\/www.europesays.com\/es\/wp-json\/wp\/v2\/posts\/134395\/revisions"}],"wp:featuredmedia":[{"embeddable":true,"href":"https:\/\/www.europesays.com\/es\/wp-json\/wp\/v2\/media\/134396"}],"wp:attachment":[{"href":"https:\/\/www.europesays.com\/es\/wp-json\/wp\/v2\/media?parent=134395"}],"wp:term":[{"taxonomy":"category","embeddable":true,"href":"https:\/\/www.europesays.com\/es\/wp-json\/wp\/v2\/categories?post=134395"},{"taxonomy":"post_tag","embeddable":true,"href":"https:\/\/www.europesays.com\/es\/wp-json\/wp\/v2\/tags?post=134395"}],"curies":[{"name":"wp","href":"https:\/\/api.w.org\/{rel}","templated":true}]}}