{"id":134429,"date":"2025-09-23T18:23:13","date_gmt":"2025-09-23T18:23:13","guid":{"rendered":"https:\/\/www.europesays.com\/es\/134429\/"},"modified":"2025-09-23T18:23:13","modified_gmt":"2025-09-23T18:23:13","slug":"agustin-vidal-la-linea-de-trabajo-independientemente-de-la-posicion-no-la-podemos-bajar-mas-deportes","status":"publish","type":"post","link":"https:\/\/www.europesays.com\/es\/134429\/","title":{"rendered":"Agust\u00edn Vidal: \u00abLa l\u00ednea de trabajo, independientemente de la posici\u00f3n, no la podemos bajar\u00bb | M\u00e1s deportes"},"content":{"rendered":"<p class=\"loc\">Antequera<\/p>\n<p>Arranc\u00f3 la competici\u00f3n en la Primera Nacional de balonmano, donde ha regresado el D\u00f3lmenes Antequera tras su descenso desde la Plata. Un curso ilusionante, con el objetivo de pelear por regresar a la segunda categor\u00eda del balonmano. Todo con un nuevo entrenador: Agust\u00edn Vidal.<\/p>\n<p>Hasta el momento, el inicio ha sido el id\u00edlico. Pese a que todav\u00eda queda margen de mejora y adaptaci\u00f3n, la plantilla ha ganado los dos primeros duelos del curso, primero ante el Helvetia Montequinto a domicilio y este fin de semana ante el BM Melilla en el Fernando Arg\u00fcelles por 30-27.<\/p>\n<p>El t\u00e9cnico argentino, que se confirm\u00f3 su llegada al banquillo en verano aunque ya estaba haciendo la funci\u00f3n de jugador-entrenador el pasado curso, pas\u00f3 por Andaluc\u00eda Centro Deportes donde repas\u00f3 el inicio liguero y la temporada.<\/p>\n","protected":false},"excerpt":{"rendered":"Antequera Arranc\u00f3 la competici\u00f3n en la Primera Nacional de balonmano, donde ha regresado el D\u00f3lmenes Antequera tras su&hellip;\n","protected":false},"author":2,"featured_media":134430,"comment_status":"","ping_status":"","sticky":false,"template":"","format":"standard","meta":{"footnotes":""},"categories":[278],"tags":[376,168,25,24,375,23,167],"class_list":{"0":"post-134429","1":"post","2":"type-post","3":"status-publish","4":"format-standard","5":"has-post-thumbnail","7":"category-balonmano","8":"tag-balonmano","9":"tag-deportes","10":"tag-es","11":"tag-espana","12":"tag-handball","13":"tag-spain","14":"tag-sports"},"share_on_mastodon":{"url":"","error":""},"_links":{"self":[{"href":"https:\/\/www.europesays.com\/es\/wp-json\/wp\/v2\/posts\/134429","targetHints":{"allow":["GET"]}}],"collection":[{"href":"https:\/\/www.europesays.com\/es\/wp-json\/wp\/v2\/posts"}],"about":[{"href":"https:\/\/www.europesays.com\/es\/wp-json\/wp\/v2\/types\/post"}],"author":[{"embeddable":true,"href":"https:\/\/www.europesays.com\/es\/wp-json\/wp\/v2\/users\/2"}],"replies":[{"embeddable":true,"href":"https:\/\/www.europesays.com\/es\/wp-json\/wp\/v2\/comments?post=134429"}],"version-history":[{"count":0,"href":"https:\/\/www.europesays.com\/es\/wp-json\/wp\/v2\/posts\/134429\/revisions"}],"wp:featuredmedia":[{"embeddable":true,"href":"https:\/\/www.europesays.com\/es\/wp-json\/wp\/v2\/media\/134430"}],"wp:attachment":[{"href":"https:\/\/www.europesays.com\/es\/wp-json\/wp\/v2\/media?parent=134429"}],"wp:term":[{"taxonomy":"category","embeddable":true,"href":"https:\/\/www.europesays.com\/es\/wp-json\/wp\/v2\/categories?post=134429"},{"taxonomy":"post_tag","embeddable":true,"href":"https:\/\/www.europesays.com\/es\/wp-json\/wp\/v2\/tags?post=134429"}],"curies":[{"name":"wp","href":"https:\/\/api.w.org\/{rel}","templated":true}]}}