{"id":134437,"date":"2025-09-23T18:28:07","date_gmt":"2025-09-23T18:28:07","guid":{"rendered":"https:\/\/www.europesays.com\/es\/134437\/"},"modified":"2025-09-23T18:28:07","modified_gmt":"2025-09-23T18:28:07","slug":"la-seleccion-espanola-de-ciclismo-ultima-su-preparacion-para-el-mundial-en-navacerrada-ciclismo","status":"publish","type":"post","link":"https:\/\/www.europesays.com\/es\/134437\/","title":{"rendered":"La Selecci\u00f3n Espa\u00f1ola de ciclismo ultima su preparaci\u00f3n para el Mundial en Navacerrada &#8211; Ciclismo"},"content":{"rendered":"<ol>\n<li><a href=\"https:\/\/news.google.com\/rss\/articles\/CBMiakFVX3lxTE9VcHkxTmFpWUJkckdPeFZQYTFoRi1wUy0zQk90Zy1RYW01cVpEVjhsbjFfbjdjZ0ktMEw5SGJJMllXUWVUY3Y1N0lhTVJnd2dPWkN0cWNzaGRaYW15UFlSTkVGMDJDSkJOOGc?oc=5\" target=\"_blank\" rel=\"nofollow noopener\">La Selecci\u00f3n Espa\u00f1ola de ciclismo ultima su preparaci\u00f3n para el Mundial en Navacerrada<\/a>&nbsp;&nbsp;Ciclismo<\/li>\n<li><a href=\"https:\/\/news.google.com\/rss\/articles\/CBMibEFVX3lxTE5rdGpGNGphOU90VFhDUlJfeERHb0VNQmxqbDhyYkJ2dW85Z2VJRU1GeUFUUFpsM0VXanJQeFF4YnZ1R01PTWtERjFObFZwbEFfZFVqTTY2eXB1cVhzU3JCRjFtRWxQWi1fMGNfVNIBgAFBVV95cUxOOEhHQVU1cXI3MlhmWkcyRmJiSVlJWUJ1MnRXV3hfblNrTEtxRXc0MjdmQTZkbEFacGwxbnU3dzNGNGpBdDJLMFNaeVlIS3dzRUpCeFFCek56SW1leEFMeUU4WFZaRkkzMjlNejI4R3dMNFJfVlVKUUtRWW9HcTJydw?oc=5\" target=\"_blank\" rel=\"nofollow noopener\">La ambici\u00f3n de Ayuso<\/a>&nbsp;&nbsp;Diario AS<\/li>\n<li><a href=\"https:\/\/news.google.com\/rss\/articles\/CBMingFBVV95cUxNcFhGVFQyb0tzT2k4LXhuVkwwZ0t4OWFGc2ZmcEdBQ3Z5VkdwbE11ODRrcHZNc3lveWxabGZkeHhHa3lYbUczZ1ltcXpEWEpSWGxlZlFpUHF1d0RybkZqTFhPV09yVU5jbUp5N2dQQTdadHpRNS03R0hubk1oOFd6U3R2RGREWjRQVjk3SFZHaWV1U2daRFduMkcxYWNad9IBngFBVV95cUxOVGdPRjhac01OVDhJc2MyakptMVhKMElRbkFYY2lYRXdOeFBpU2pnRUlneUNuU3ZtSElySHlzSE96NkIyOXMwZFAtUVhiTkVrRGl3MUYwTm5HN1JRZHNkdldwYTFETURqUEVjS2I3RUtlQTJUcXJjYk80Nmc0SGJHMDgwd2VlekJUYkpFYU5QTlVreXVKT05lNm5hOExIdw?oc=5\" target=\"_blank\" rel=\"nofollow noopener\">Marc Soler: \u201cEn el uno contra uno con Pogacar o Evenepoel es muy dif\u00edcil, pero en grupo podemos ser mejores\u201d<\/a>&nbsp;&nbsp;MARCA<\/li>\n<li><a href=\"https:\/\/news.google.com\/rss\/articles\/CBMi0gFBVV95cUxNSXdPTUluR19iUWdBeFBUTmxLSnpiODVGQTFBcm15RWZkdGJ4bURvUUVMcDZ5NGRoVkxFbW40Mll3YmE4TzduYmx3QUNTaVFwNlZGWkhSVHczN3E4bElPQjFFMnMyTi1OelN2dzQ4WG8tS2p3ZmExdkFmZlp4LUhPeDYwQnpmbDV3SjVJTUhWTUEtWnJGODJVSTNWV183STBvSjdPMWpnaUVVZE9DNVhrb2J3eWJ0WUJ6ZjZ2dDExUk1WOUhPNHhHNU5XQ3dUbDNRekHSAdcBQVVfeXFMUDh0NVh5ZnlrdC1fVExCMDFmc3V4M3VIZkttQUFlRjY1eWdlU3owSTZhUUU3RHltX0tQeUlqS3k3VkJlcHVnRS1RM0tZMDM1eDJEeWh3UU1sa1E5eXBXZm5lSWI3czdFR25ibTRNaE9pN3hId0xSZWxvMG13V3Y1dHZ0MzZQOEx4bXRkR3YtSDU5X0FpYXpsbF9KU1JzUXpfcVFqWVpabVdfdUNpWi1uOUFfM2FkMHQxU3FGRUc4dThFS18wLU9ZYjE1SDNBTWptQ0oxLTUyNzA?oc=5\" target=\"_blank\" rel=\"nofollow noopener\">Alejandro Valverde: \u201cHay equipo para luchar por las medallas\u201d<\/a>&nbsp;&nbsp;Ciclismo a fondo<\/li>\n<li><a href=\"https:\/\/news.google.com\/rss\/articles\/CBMi8wFBVV95cUxPLUo0WEtsVlppSDhxOUhjVlBMYmlZRHdYSC1LaGVZR29TV2hqQ3J6U2p5TlhTVEpXeWJjc255VGkxYW9YMmJEWFNhUk92UzBBLVRQNVdWVC00cFJmYVZCRnlObUF0RTBBR19Fbkp6blpwZF9mT2k2MHFBRGw3dzZBWmVKM25EQ042cUc5VDJFRVNaNURTSUp1ZmFSMmFUNGQzb2hkdUNKTjktMzFJNm1EUnB2WXNMZXFQZmtOSlBKUmI3aEFyVkg0NzBpTGpsaUtFTmRtUzB6LVctdHlYaVEyNnBpMldfNlk3dl9CR3NROTVyVknSAfgBQVVfeXFMT1FZdjAtdFd4b0Z3ZXlRdkRzdEE1d3RxN2FPZHk0ZkxzbnlsLTllSVVCU3FGSW82V3FPblFJUnFyb0owRUxTalUwcG5JV1ZRck45UDZrOFFRQzhkM1dyLTRDbkpJeVlSRHFLTGd1Z1ZPeDNtbzNRbENGMjZ6ZHdGbFJ5THlKdU55SE5TTW9XZHlLRHBHSFlGQk5aVlZ0OG5DR2RLSXc1aTFCcDRRSzRzaXQyRmxVRkJxdk9sWmdNaE5BYU5LVWpzcHprNDZBUVVCWTZ3V1NpSHV3MW1fRUNQUjFXbldrYmM0MWxVWHJOOFcxMmJqNEVSbXg?oc=5\" target=\"_blank\" rel=\"nofollow noopener\">Alejandro Valverde, seleccionador nacional de ciclismo, en COPE: \u00abS\u00e9 que Ayuso ha dicho que no firma la plata, pero yo s\u00ed\u00bb<\/a>&nbsp;&nbsp;COPE<\/li>\n<\/ol>\n","protected":false},"excerpt":{"rendered":"La Selecci\u00f3n Espa\u00f1ola de ciclismo ultima su preparaci\u00f3n para el Mundial en Navacerrada&nbsp;&nbsp;Ciclismo La ambici\u00f3n de Ayuso&nbsp;&nbsp;Diario AS&hellip;\n","protected":false},"author":2,"featured_media":134438,"comment_status":"","ping_status":"","sticky":false,"template":"","format":"standard","meta":{"footnotes":""},"categories":[273],"tags":[11215,6984,15288,415,18791,2230,313,42769,312,168,1053,3169,1755,3569,3735,25,24,2501,5807,409,36306,1783,14240,205,6489,9843,3013,23882,2761,11368,25063,1988,5583,23,167,4421,42770,6027],"class_list":{"0":"post-134437","1":"post","2":"type-post","3":"status-publish","4":"format-standard","5":"has-post-thumbnail","7":"category-ciclismo","8":"tag-afrontar","9":"tag-ayuso","10":"tag-campeonato","11":"tag-carlos","12":"tag-carretera","13":"tag-celebrara","14":"tag-ciclismo","15":"tag-concentrada","16":"tag-cycling","17":"tag-deportes","18":"tag-domingo","19":"tag-donde","20":"tag-elite","21":"tag-encuentra","22":"tag-entrenamientos","23":"tag-es","24":"tag-espana","25":"tag-espanola","26":"tag-exigente","27":"tag-juan","28":"tag-kigali","29":"tag-la","30":"tag-linea","31":"tag-madrid","32":"tag-marc","33":"tag-masculina","34":"tag-mundo","35":"tag-navacerrada","36":"tag-prueba","37":"tag-roger","38":"tag-ruanda","39":"tag-seleccion","40":"tag-soler","41":"tag-spain","42":"tag-sports","43":"tag-ultimos","44":"tag-verona","45":"tag-viajar"},"share_on_mastodon":{"url":"","error":""},"_links":{"self":[{"href":"https:\/\/www.europesays.com\/es\/wp-json\/wp\/v2\/posts\/134437","targetHints":{"allow":["GET"]}}],"collection":[{"href":"https:\/\/www.europesays.com\/es\/wp-json\/wp\/v2\/posts"}],"about":[{"href":"https:\/\/www.europesays.com\/es\/wp-json\/wp\/v2\/types\/post"}],"author":[{"embeddable":true,"href":"https:\/\/www.europesays.com\/es\/wp-json\/wp\/v2\/users\/2"}],"replies":[{"embeddable":true,"href":"https:\/\/www.europesays.com\/es\/wp-json\/wp\/v2\/comments?post=134437"}],"version-history":[{"count":0,"href":"https:\/\/www.europesays.com\/es\/wp-json\/wp\/v2\/posts\/134437\/revisions"}],"wp:featuredmedia":[{"embeddable":true,"href":"https:\/\/www.europesays.com\/es\/wp-json\/wp\/v2\/media\/134438"}],"wp:attachment":[{"href":"https:\/\/www.europesays.com\/es\/wp-json\/wp\/v2\/media?parent=134437"}],"wp:term":[{"taxonomy":"category","embeddable":true,"href":"https:\/\/www.europesays.com\/es\/wp-json\/wp\/v2\/categories?post=134437"},{"taxonomy":"post_tag","embeddable":true,"href":"https:\/\/www.europesays.com\/es\/wp-json\/wp\/v2\/tags?post=134437"}],"curies":[{"name":"wp","href":"https:\/\/api.w.org\/{rel}","templated":true}]}}