{"id":134457,"date":"2025-09-23T18:41:13","date_gmt":"2025-09-23T18:41:13","guid":{"rendered":"https:\/\/www.europesays.com\/es\/134457\/"},"modified":"2025-09-23T18:41:13","modified_gmt":"2025-09-23T18:41:13","slug":"la-nasa-adelanta-a-febrero-de-2026-la-primera-mision-tripulada-que-orbitara-la-luna-en-50-anos-ciencia-y-tecnologia","status":"publish","type":"post","link":"https:\/\/www.europesays.com\/es\/134457\/","title":{"rendered":"La NASA adelanta a febrero de 2026 la primera misi\u00f3n tripulada que orbitar\u00e1 la Luna en 50 a\u00f1os | Ciencia y tecnolog\u00eda"},"content":{"rendered":"<p>No es la nave que aterrizar\u00e1 en la luna pero si es el escal\u00f3n previo: cuatro astronautas volar\u00e1n durante dos millones de kil\u00f3metros, dar\u00e1n dos vueltas a la tierra, llegar\u00e1n a la \u00f3rbita lunar y le dar\u00e1n una sola vuelta pasando por la famosa \u00abcara oculta\u00bb. <\/p>\n<p>Es verdad que lo m\u00e1s cerca que estar\u00e1n Wiseman, Glover, Koch y Hansen -los astronautas- de nuestro sat\u00e9lite ser\u00e1 a 7000 km pero el viaje es fundamental para probar el soporte vital que ir\u00e1 en la Artemis 3, que s\u00ed tiene previsto aterrizar en el sat\u00e9lite en 2027.<\/p>\n<p>En todo caso, si finalmente despega, esta ser\u00e1 la primera misi\u00f3n tripulada que busca volver a llevar astronautas a la Luna en 50 a\u00f1os. La carrera lunar ahora no es contra la uni\u00f3n sovi\u00e9tica, como entnces, sino contra China que se ha propuesto conseguirlo en 2030.<\/p>\n<p>En esa carrera lo que ha anunciado Lakiesha Hawkins, viceadministradora interina de la agencia, es que \u00abestudian adelantar al 5 de febrero de 2026 la primera oportunidad de lanzamiento de Artemis II\u00bb. La fecha son dos meses antes de la previsi\u00f3n oficial anterior, abril de 2026. <\/p>\n<p>La misi\u00f3n Artemis II<\/p>\n<p>Es un vuelo de prueba con tripulaci\u00f3n humana cuyo objetivo principal es comprobar que funciona el m\u00f3dulo de servicio Orion -que suministra aire, agua, electricidad, propulsi\u00f3n y control t\u00e9rmico- y el lanzador SLS. Todo, de cara a futuras misiones empezando por la Artemis III y siguientes.<\/p>\n<p>El vuelo durar\u00e1 alrededor de diez d\u00edas y durante ese tiempo se evaluar\u00e1n los sistemas de soporte vital de la nave. Los cuatro astronautas ser\u00e1n monitorizados en todo momento para ver su comportamiento en materia de sue\u00f1o, musculatura y problemas de salud. <\/p>\n<p>La NASA ha pospuesto ya en varias ocasiones esta misi\u00f3n por problemas t\u00e9cnicos y revisiones de seguridad. La noticia hoy es que se trabaja para \u00abpoder aprovechar una ventana anticipada en febrero si todos los sistemas cumplen los requisitos de seguridad\u00bb. La NASA ha dicho que, pese al deseo de acelerar todo el proceso, \u00abla seguridad y la preparaci\u00f3n completa de los sistemas marcar\u00e1n la decisi\u00f3n final\u00bb. <\/p>\n<p>Y todo esto, con el contexto de la administraci\u00f3n Trump. Varios de sus representantes y el propio presidente han hablado de recortes significativos a programas cient\u00edficos de la agencia, incluido un ajuste enorme a partidas de ciencia que afectar\u00eda a la investigaci\u00f3n que lleva a cabo la NASA. La incertidumbre sobre la financiaci\u00f3n marcar\u00e1 claramente el ritmo de algunos programas que son vitales para que esta misi\u00f3n, la primera tripulada en cincuenta a\u00f1os, salga o no.<\/p>\n","protected":false},"excerpt":{"rendered":"No es la nave que aterrizar\u00e1 en la luna pero si es el escal\u00f3n previo: cuatro astronautas volar\u00e1n&hellip;\n","protected":false},"author":2,"featured_media":134458,"comment_status":"","ping_status":"","sticky":false,"template":"","format":"standard","meta":{"footnotes":""},"categories":[81],"tags":[119,123,124,25,24,117,121,122,23,118,120],"class_list":{"0":"post-134457","1":"post","2":"type-post","3":"status-publish","4":"format-standard","5":"has-post-thumbnail","7":"category-ciencia-y-tecnologia","8":"tag-ciencia","9":"tag-ciencia-y-tecnologia","10":"tag-cienciaytecnologia","11":"tag-es","12":"tag-espana","13":"tag-science","14":"tag-science-and-technology","15":"tag-scienceandtechnology","16":"tag-spain","17":"tag-technology","18":"tag-tecnologia"},"share_on_mastodon":{"url":"","error":""},"_links":{"self":[{"href":"https:\/\/www.europesays.com\/es\/wp-json\/wp\/v2\/posts\/134457","targetHints":{"allow":["GET"]}}],"collection":[{"href":"https:\/\/www.europesays.com\/es\/wp-json\/wp\/v2\/posts"}],"about":[{"href":"https:\/\/www.europesays.com\/es\/wp-json\/wp\/v2\/types\/post"}],"author":[{"embeddable":true,"href":"https:\/\/www.europesays.com\/es\/wp-json\/wp\/v2\/users\/2"}],"replies":[{"embeddable":true,"href":"https:\/\/www.europesays.com\/es\/wp-json\/wp\/v2\/comments?post=134457"}],"version-history":[{"count":0,"href":"https:\/\/www.europesays.com\/es\/wp-json\/wp\/v2\/posts\/134457\/revisions"}],"wp:featuredmedia":[{"embeddable":true,"href":"https:\/\/www.europesays.com\/es\/wp-json\/wp\/v2\/media\/134458"}],"wp:attachment":[{"href":"https:\/\/www.europesays.com\/es\/wp-json\/wp\/v2\/media?parent=134457"}],"wp:term":[{"taxonomy":"category","embeddable":true,"href":"https:\/\/www.europesays.com\/es\/wp-json\/wp\/v2\/categories?post=134457"},{"taxonomy":"post_tag","embeddable":true,"href":"https:\/\/www.europesays.com\/es\/wp-json\/wp\/v2\/tags?post=134457"}],"curies":[{"name":"wp","href":"https:\/\/api.w.org\/{rel}","templated":true}]}}