{"id":134461,"date":"2025-09-23T18:43:20","date_gmt":"2025-09-23T18:43:20","guid":{"rendered":"https:\/\/www.europesays.com\/es\/134461\/"},"modified":"2025-09-23T18:43:20","modified_gmt":"2025-09-23T18:43:20","slug":"israel-cierra-indefinidamente-el-unico-paso-entre-cisjordania-y-jordania-internacional","status":"publish","type":"post","link":"https:\/\/www.europesays.com\/es\/134461\/","title":{"rendered":"Israel cierra indefinidamente el \u00fanico paso entre Cisjordania y Jordania | Internacional"},"content":{"rendered":"<p class=\"\">Israel ha cerrado indefinidamente, y en ambas direcciones, el \u00fanico paso entre Cisjordania y Jordania, <a href=\"https:\/\/elpais.com\/internacional\/2025-09-23\/ultima-hora-del-conflicto-en-oriente-proximo-en-directo.html\" target=\"_self\" rel=\"nofollow noopener\" title=\"https:\/\/elpais.com\/internacional\/2025-09-23\/ultima-hora-del-conflicto-en-oriente-proximo-en-directo.html\">seg\u00fan ha anunciado este martes<\/a> su Autoridad de Aeropuertos, que lo gestiona. Llamado Allenby, en su lado israel\u00ed, y rey Hussein, en el jordano, lo cruzan cada d\u00eda miles de palestinos, buena parte de los cuales tienen pasaporte de Jordania: el reino se los dio cuando controlaba Cisjordania, entre 1948 y 1967. Si bien est\u00e1 en manos de las autoridades israel\u00edes (no se puede salir de Cisjordania <a href=\"https:\/\/elpais.com\/internacional\/2025-09-23\/la-estrategica-colonia-en-cisjordania-con-la-que-netanyahu-busca-hacer-imposible-un-estado-palestino.html\" target=\"_self\" rel=\"nofollow noopener\" title=\"https:\/\/elpais.com\/internacional\/2025-09-23\/la-estrategica-colonia-en-cisjordania-con-la-que-netanyahu-busca-hacer-imposible-un-estado-palestino.html\">sin pasar por uno de sus controles<\/a>), Allenby era hasta ahora la \u00fanica puerta de salida para aquellos palestinos sin permiso para llegar al aeropuerto de Ben Guri\u00f3n, cerca de Tel Aviv. Funciona tambi\u00e9n como importante ruta de entrada de bienes comerciales a Cisjordania y v\u00eda de transporte de la magra ayuda humanitaria hacia Gaza.<\/p>\n<p class=\"\">La Autoridad de Aeropuertos de Israel se ha limitado a se\u00f1alar que el cierre se produce \u201ca instancias del nivel pol\u00edtico\u201d y que se mantendr\u00e1 \u201chasta nuevo aviso\u201d. Galei Tzahal, la radio militar, lo atribuye a una decisi\u00f3n del primer ministro, Benjam\u00edn Netanyahu. <\/p>\n<p class=\"\">El jefe de la Autoridad General de Fronteras y Cruces palestina, Nazmi Muhanna, ha declarado a la agencia oficial Wafa que los israel\u00edes \u00fanicamente les comunicaron que el cruce estar\u00e1 cerrado ya desde la ma\u00f1ana de este jueves, sin fecha prevista de reapertura. Allenby es tambi\u00e9n <a href=\"https:\/\/elpais.com\/internacional\/2024-06-12\/israel-fuerza-la-salida-de-decenas-de-cooperantes-al-poner-trabas-con-los-visados.html\" target=\"_self\" rel=\"nofollow noopener\" title=\"https:\/\/elpais.com\/internacional\/2024-06-12\/israel-fuerza-la-salida-de-decenas-de-cooperantes-al-poner-trabas-con-los-visados.html\">punto de entrada de los cooperantes<\/a> o los trabajadores de agencias humanitarias que tienen un permiso de las autoridades militares israel\u00edes limitado a ejercer en Cisjordania. <\/p>\n<p class=\"\">El Gobierno israel\u00ed no se ha pronunciado a\u00fan sobre los motivos de la decisi\u00f3n, probablemente porque el pa\u00eds celebra el a\u00f1o nuevo jud\u00edo 5876 en silencio y con refuerzo de tropas \u201cen todos los frentes\u201d, seg\u00fan un comunicado militar. Mantendr\u00e1 el despliegue hasta que concluyan \u2014a mediados de octubre\u2014 la sucesi\u00f3n de festivos del calendario hebreo. Hace dos a\u00f1os, durante los ataques de Ham\u00e1s del 7 de octubre de 2023, los permisos a los soldados en estas fechas <a href=\"https:\/\/elpais.com\/internacional\/2023-10-09\/por-que-la-potente-israel-no-vio-venir-el-ataque-de-hamas.html\" target=\"_self\" rel=\"nofollow noopener\" title=\"https:\/\/elpais.com\/internacional\/2023-10-09\/por-que-la-potente-israel-no-vio-venir-el-ataque-de-hamas.html\">estuvieron entre los motivos del tremendo fiasco<\/a> de seguridad por el que las fuerzas de seguridad tardaron tanto en frenar el ataque sorpresa. Desde entonces, el ej\u00e9rcito no los concede. <\/p>\n<p class=\"\">El posible cierre de Allenby lleva d\u00edas coleando, a ra\u00edz de un atentado la pasada semana. Seg\u00fan el ej\u00e9rcito israel\u00ed, el autor fue un jordano que conduc\u00eda un cami\u00f3n con ayuda humanitaria para Gaza y que aprovech\u00f3 para asesinar a dos soldados. Comenz\u00f3 abriendo fuego con una pistola, pero se le encasquill\u00f3, y sigui\u00f3 utilizando un cuchillo. <\/p>\n<p class=\"\">Fue el segundo atentado en Allenby en un a\u00f1o. Seg\u00fan medios locales, las Fuerzas Armadas recomendaron entonces a Netanyahu cerrar el paso hasta que Jordania \u201cactualice\u201d el sistema de filtrado de los conductores. Inicialmente, el paso dej\u00f3 de operar, pero luego reabri\u00f3. <\/p>\n<p><img decoding=\"auto\" class=\"_re lazyload a_m-h\" height=\"276\"  width=\"414\"  src=\"https:\/\/www.europesays.com\/es\/wp-content\/uploads\/2025\/09\/HJ6Z6SIGFVOJFFIYS3JJBY4FZA.jpg\" loading=\"lazy\"\/>Soldados israel\u00edes transportan el ata\u00fad de uno de los soldados asesinados en el atentado en el paso de Allenby, el pasado viernes en Jerusal\u00e9n.Leo Correa (AP)<\/p>\n<p class=\"\">La clausura indefinida llega a la espera de la anunciada represalia de Netanyahu <a href=\"https:\/\/elpais.com\/videos\/2025-09-23\/reconocer-al-estado-palestino-un-gesto-simbolico-que-aumenta-la-presion-internacional-sobre-israel.html\" target=\"_self\" rel=\"nofollow noopener\" title=\"https:\/\/elpais.com\/videos\/2025-09-23\/reconocer-al-estado-palestino-un-gesto-simbolico-que-aumenta-la-presion-internacional-sobre-israel.html\">por la oleada de reconocimientos<\/a> al Estado de Palestina que viene marcando estas jornadas. En Washington, el primer ministro mantendr\u00e1 una importante reuni\u00f3n con el presidente de Estados Unidos, Donald Trump, quien este martes ha dicho en la Asamblea General de Naciones Unidas: \u201cTenemos que detener la guerra en Gaza inmediatamente, negociar la paz y traer de vuelta a todos los rehenes\u201d. <\/p>\n<p class=\"\">En la agenda de su encuentro estar\u00e1 <a href=\"https:\/\/elpais.com\/internacional\/2025-09-23\/la-estrategica-colonia-en-cisjordania-con-la-que-netanyahu-busca-hacer-imposible-un-estado-palestino.html\" target=\"_self\" rel=\"nofollow noopener\" title=\"https:\/\/elpais.com\/internacional\/2025-09-23\/la-estrategica-colonia-en-cisjordania-con-la-que-netanyahu-busca-hacer-imposible-un-estado-palestino.html\">la posible anexi\u00f3n, al menos parcial, de Cisjordania<\/a> como represalia por los reconocimientos, que han hecho ya (o anunciado) el Reino Unido, Canad\u00e1, Australia, Portugal, Francia, B\u00e9lgica, Luxemburgo, Malta, Andorra y M\u00f3naco.<\/p>\n<p>Los tanques avanzan en Gaza<\/p>\n<p class=\"\">Mientras, en Gaza, los tanques israel\u00edes siguen adentr\u00e1ndose en la capital, cada vez m\u00e1s profundo, tras una semana de ofensiva terrestre. La comenzaron dos divisiones y acaba de sumarse una tercera. Por primera vez desde entonces, un v\u00eddeo ha captado un tanque entre las ruinas de Al Nasr, un barrio en el oeste de la capital que se distingu\u00eda por sus anchas avenidas y su relativo alto nivel de vida.<\/p>\n<p class=\"\">Las fuerzas israel\u00edes est\u00e1n empleando a su paso veh\u00edculos cargados de explosivos para destruir viviendas y carreteras, como se puede ver en v\u00eddeos. Lo han hecho en Sabra y Tel Al Hawa, suburbios orientales desde los que avanzan hacia el oeste. \u201c\u00daltimamente, cada explosi\u00f3n se ha sentido como un terremoto, no una met\u00e1fora, sino un temblor literal del suelo debajo de nosotros\u201d, escribi\u00f3 el portavoz del Ayuntamiento de la capital, Asem Al Nabih, en la red social X.<\/p>\n<p><img decoding=\"auto\" class=\"_re lazyload a_m-h\" height=\"276\"  width=\"414\"  src=\"https:\/\/www.europesays.com\/es\/wp-content\/uploads\/2025\/09\/SKLRE36B6ZBB5K3SAPCL6QLJAI.JPG\" loading=\"lazy\"\/>Un palestino transporta el cad\u00e1ver de su sobrina de cuatro a\u00f1os, v\u00edctima de un bombardeo israel\u00ed en Ciudad de Gaza, este martes.Ebrahim Hajjaj (REUTERS)<\/p>\n<p class=\"\">El Ministerio de Sanidad del Gobierno de Ham\u00e1s en Gaza denunci\u00f3 en la v\u00edspera que dos hospitales de la capital han quedado fuera de servicio, por los bombardeos y el avance de los blindados. Se trata del pedi\u00e1trico Al Rantissi, da\u00f1ado en un ataque reciente, y el Oftalmol\u00f3gico, obligado a suspender sus servicios por un bombardeo en las inmediaciones. En Gaza, los centros m\u00e9dicos funcionan tambi\u00e9n <a href=\"https:\/\/elpais.com\/internacional\/2025-04-13\/israel-destruye-uno-de-los-pocos-hospitales-que-todavia-funcionaban-en-gaza.html\" target=\"_self\" rel=\"nofollow noopener\" title=\"https:\/\/elpais.com\/internacional\/2025-04-13\/israel-destruye-uno-de-los-pocos-hospitales-que-todavia-funcionaban-en-gaza.html\">como refugio de los desplazados<\/a>. Virtualmente, cada uno de los m\u00e1s de dos millones de gazat\u00edes se ha visto forzados a huir, al menos una vez, en los \u00faltimos dos a\u00f1os de invasi\u00f3n.<\/p>\n<p class=\"\">La Media Luna Roja Palestina ha informado adem\u00e1s de que la estaci\u00f3n de ox\u00edgeno del Hospital Al Quds, en Tel Al Hawa, ha dejado de funcionar, tras ser disparada por soldados israel\u00edes. El centro m\u00e9dico, ha agregado, pasa a depender de cilindros precargados, que solo duran tres d\u00edas.<\/p>\n<p class=\"\">El ej\u00e9rcito israel\u00ed calcula que tardar\u00e1 meses en tomar toda la ciudad y que ya han escapado de ella m\u00e1s de 640.000, del mill\u00f3n de palestinos que se calculaba all\u00ed hace semanas. En las im\u00e1genes de este martes se pueden ver filas inmensas de veh\u00edculos a la salida de la capital, rumbo al sur de la Franja.<\/p>\n<p class=\"\">Israel est\u00e1 centrando sus bombardeos, que causan decenas de muertos diarios, en la capital. De los 22 hasta la tarde de este martes, 18 han sido registrados all\u00ed. Las Fuerzas Armadas han comunicado su primera v\u00edctima mortal de la incursi\u00f3n, en una emboscada de los grupos armados palestinos. Un miliciano de Ham\u00e1s lanz\u00f3 una granada contra su tanque, seg\u00fan la investigaci\u00f3n inicial.<\/p>\n","protected":false},"excerpt":{"rendered":"Israel ha cerrado indefinidamente, y en ambas direcciones, el \u00fanico paso entre Cisjordania y Jordania, seg\u00fan ha anunciado&hellip;\n","protected":false},"author":2,"featured_media":134462,"comment_status":"","ping_status":"","sticky":false,"template":"","format":"standard","meta":{"footnotes":""},"categories":[42],"tags":[17,18,68,70,71,72,13,14,73,69,75,11,61,62,63,64,74,19,20,9,10,15,16,77,76,12,21,22,65,66,67],"class_list":{"0":"post-134461","1":"post","2":"type-post","3":"status-publish","4":"format-standard","5":"has-post-thumbnail","7":"category-internacional","8":"tag-breaking-news","9":"tag-breakingnews","10":"tag-conflicto-arabe-israeli","11":"tag-conflictos","12":"tag-conflictos-armados","13":"tag-conflictos-internacionales","14":"tag-featured-news","15":"tag-featurednews","16":"tag-franja-gaza","17":"tag-guerra","18":"tag-hamas","19":"tag-headlines","20":"tag-internacional","21":"tag-international","22":"tag-international-news","23":"tag-internationalnews","24":"tag-israel","25":"tag-latest-news","26":"tag-latestnews","27":"tag-news","28":"tag-noticias","29":"tag-noticias-destacadas","30":"tag-noticiasdestacadas","31":"tag-oriente-proximo","32":"tag-palestina","33":"tag-titulares","34":"tag-ultimas-noticias","35":"tag-ultimasnoticias","36":"tag-world","37":"tag-world-news","38":"tag-worldnews"},"share_on_mastodon":{"url":"","error":""},"_links":{"self":[{"href":"https:\/\/www.europesays.com\/es\/wp-json\/wp\/v2\/posts\/134461","targetHints":{"allow":["GET"]}}],"collection":[{"href":"https:\/\/www.europesays.com\/es\/wp-json\/wp\/v2\/posts"}],"about":[{"href":"https:\/\/www.europesays.com\/es\/wp-json\/wp\/v2\/types\/post"}],"author":[{"embeddable":true,"href":"https:\/\/www.europesays.com\/es\/wp-json\/wp\/v2\/users\/2"}],"replies":[{"embeddable":true,"href":"https:\/\/www.europesays.com\/es\/wp-json\/wp\/v2\/comments?post=134461"}],"version-history":[{"count":0,"href":"https:\/\/www.europesays.com\/es\/wp-json\/wp\/v2\/posts\/134461\/revisions"}],"wp:featuredmedia":[{"embeddable":true,"href":"https:\/\/www.europesays.com\/es\/wp-json\/wp\/v2\/media\/134462"}],"wp:attachment":[{"href":"https:\/\/www.europesays.com\/es\/wp-json\/wp\/v2\/media?parent=134461"}],"wp:term":[{"taxonomy":"category","embeddable":true,"href":"https:\/\/www.europesays.com\/es\/wp-json\/wp\/v2\/categories?post=134461"},{"taxonomy":"post_tag","embeddable":true,"href":"https:\/\/www.europesays.com\/es\/wp-json\/wp\/v2\/tags?post=134461"}],"curies":[{"name":"wp","href":"https:\/\/api.w.org\/{rel}","templated":true}]}}