{"id":134467,"date":"2025-09-23T18:47:20","date_gmt":"2025-09-23T18:47:20","guid":{"rendered":"https:\/\/www.europesays.com\/es\/134467\/"},"modified":"2025-09-23T18:47:20","modified_gmt":"2025-09-23T18:47:20","slug":"el-portugues-diego-ventura-triunfa-en-su-debut-en-la-feria-de-san-mateo-de-logrono","status":"publish","type":"post","link":"https:\/\/www.europesays.com\/es\/134467\/","title":{"rendered":"El portugu\u00e9s Diego Ventura triunfa en su debut en la feria de San Mateo de Logro\u00f1o"},"content":{"rendered":"<p>Logro\u00f1o, (EFE).- El rejoneador portugu\u00e9s Diego Ventura ha debutado este lunes en la plaza de La Ribera de Logro\u00f1o y lo ha hecho con un destacado triunfo, con tres orejas, con lo que ha salido por la puerta grande.<\/p>\n<p>El luso ha sabido aprovechar la calidad de su lote para exhibirse, algo que no han conseguido Sergio Gal\u00e1n y Guillermo Hermoso de Mendoza por sus problemas al matar.<\/p>\n<p>Sergio Gal\u00e1n abri\u00f3 plaza a lomos de \u00abNoche\u00bb, con el que puso dos rejones de castigo para despertar a \u00abJaquet\u00f3n\u00bb, un toro noble, al que el madrile\u00f1o llev\u00f3 con trote r\u00edtmico y al que puso dos banderillas de gran ejecuci\u00f3n; con \u00abCapricho\u00bb estuvo m\u00e1s torero; y con \u00ab\u00d3leo\u00bb entr\u00f3 a matar, pero no acert\u00f3 en tres ocasiones, lo que estrope\u00f3 una faena pulcra, que acab\u00f3 con una ovaci\u00f3n del p\u00fablico.<\/p>\n<p>Recibi\u00f3 a \u00abEsmeralda\u00bb, un toro con querencia a chiqueros, montando a \u00abAlcot\u00e1n\u00bb, con el que dej\u00f3 dos banderillas muy complicadas de preparar por la din\u00e1mica del toro; con \u00abBambino\u00bb se centr\u00f3 y clav\u00f3 certero una banderilla m\u00e1s y dej\u00f3 una corta adornada que contagi\u00f3 a la grada; acab\u00f3 una faena de gran compromiso con \u00abOleo\u00bb para dejar un par a dos manos y un rej\u00f3n muy eficaz, que le vali\u00f3 la oreja.<\/p>\n<p>Diego Ventura debutaba ante el p\u00fablico de Logro\u00f1o y lo hizo de forma triunfal. Empez\u00f3 con \u00abGuadalquivir\u00bb, con el que esper\u00f3 en chiqueros a un toro que no mostr\u00f3 mucho celo; con \u00abN\u00f3mada\u00bb estuvo espectacular para llegar cerca y dej\u00f3 grandes momentos; con \u00abBronce\u00bb ofreci\u00f3 un recital de muletazos y precisi\u00f3n; y con \u00abBrillante\u00bb dej\u00f3 tres cortas al viol\u00edn, muy aplaudidas, y al primer intent\u00f3 mat\u00f3, con lo que se llev\u00f3 una oreja merecida.<\/p>\n<p><img loading=\"lazy\" data-recalc-dims=\"1\" decoding=\"async\" width=\"980\" height=\"654\" src=\"https:\/\/www.europesays.com\/es\/wp-content\/uploads\/2025\/09\/GRAF9721-ESPANA-TOROS.webp\" alt=\"\" class=\"wp-image-2165477\"  \/> El rejoneador Diego Ventura lidia un toro este lunes, en la Feria de San Mateo, en la plaza de toros de La Ribera de Logro\u00f1o. EFE\/ Raquel Manzanares<\/p>\n<p>Puerta grande en el quinto<\/p>\n<p>En el quinto de la tarde se enfrent\u00f3 a un toro bravo, repetidor e incansable, que fue aplaudido en el arrastre. El portugu\u00e9s comprendi\u00f3 la calidad del rival y lo aprovech\u00f3, primero al lomo de \u00abOro negro\u00bb, con que consigui\u00f3 parar los br\u00edos del astado.<\/p>\n<p>Solo emple\u00f3 un rej\u00f3n de castigo y sac\u00f3 a la plaza a \u00abQuirico\u00bb con el que siempre llev\u00f3 al toro cosido a la grupa, con dos banderillas de poder a poder y exhibiendo una perfecta compenetraci\u00f3n con su caballo. <\/p>\n<p>A lomos de \u00abQuitasue\u00f1o\u00bb lleg\u00f3 la apoteosis a la plaza, gracias a impresionantes quites en corto y un rej\u00f3n certero; sac\u00f3 a \u00abQuerido\u00bb con el que tras una espectacular preparaci\u00f3n y tres rosas mat\u00f3 al primer intento y aunque el toro tard\u00f3 en doblar no impidi\u00f3 que se le concedieran las dos orejas para abrir la puerta grande.<\/p>\n<p>Guillermo Hermoso de Mendoza empez\u00f3 con \u00abN\u00f3mada\u00bb para parar a un toro brioso; luego sac\u00f3 a su caballo estrella \u00abBerl\u00edn\u00bb y luci\u00f3 con hermosinas para clavar con quiebros limpios y muy ajustados. <\/p>\n<p>El toro se par\u00f3 y el navarro recurrio a \u00abPasodoble\u00bb para entrar, clavar y salir, una lecci\u00f3n; con \u00abGeneroso\u00bb dej\u00f3 dos rosas, pero no estuvo fino con el rej\u00f3n de muerte, con el que hizo hasta cuatro intentos y tuvo que poner pie en tierra para el descabello, con lo que solo pudo llevarse una ovaci\u00f3n del p\u00fablico.<\/p>\n<p>El sexto de la tarde fue toro noble y con fijeza, con el que sali\u00f3 a por todas con \u00abJ\u00edbaro\u00bb, pero solo puso un rej\u00f3n. Con \u00abEcuador\u00bb hizo dos quiebros espectaculares y dos banderillas que engancharon al p\u00fablico.<\/p>\n<p>Ah\u00ed recurri\u00f3 de nuevo a \u00abBerl\u00edn\u00bb al que se vio poderoso con hermosinas y toreo a dos pistas, serio y con pocas alaracas; para cerrar con \u00abEsencial\u00bb con el que se esperaban las t\u00edpicas cortas dos manos que suele emplear, pero debido a una lesi\u00f3n de la que no se ha restablecido del todo el navarro solo dej\u00f3 una serie de banderillas; acab\u00f3 fr\u00edo, con 4 pinchazos y descabello con pie a tierra, lo que silenci\u00f3 la faena.<\/p>\n<p><img data-recalc-dims=\"1\" loading=\"lazy\" decoding=\"async\" width=\"980\" height=\"654\" src=\"https:\/\/www.europesays.com\/es\/wp-content\/uploads\/2025\/09\/GRAF9713-ESPANA-TOROS.webp\" alt=\"\" class=\"wp-image-2165470\"  \/>LOGRO\u00d1O 22\/09\/2025.- El rejoneador Sergio Gal\u00e1n lidia un toro este lunes, en la Feria de San Mateo, en la plaza de toros de La Ribera de Logro\u00f1o. EFE\/ Raquel Manzanares<\/p>\n","protected":false},"excerpt":{"rendered":"Logro\u00f1o, (EFE).- El rejoneador portugu\u00e9s Diego Ventura ha debutado este lunes en la plaza de La Ribera de&hellip;\n","protected":false},"author":2,"featured_media":134468,"comment_status":"","ping_status":"","sticky":false,"template":"","format":"standard","meta":{"footnotes":""},"categories":[277],"tags":[373,168,25,24,23,167,374,444],"class_list":{"0":"post-134467","1":"post","2":"type-post","3":"status-publish","4":"format-standard","5":"has-post-thumbnail","7":"category-toreo","8":"tag-bullfighting","9":"tag-deportes","10":"tag-es","11":"tag-espana","12":"tag-spain","13":"tag-sports","14":"tag-toreo","15":"tag-toros"},"share_on_mastodon":{"url":"","error":""},"_links":{"self":[{"href":"https:\/\/www.europesays.com\/es\/wp-json\/wp\/v2\/posts\/134467","targetHints":{"allow":["GET"]}}],"collection":[{"href":"https:\/\/www.europesays.com\/es\/wp-json\/wp\/v2\/posts"}],"about":[{"href":"https:\/\/www.europesays.com\/es\/wp-json\/wp\/v2\/types\/post"}],"author":[{"embeddable":true,"href":"https:\/\/www.europesays.com\/es\/wp-json\/wp\/v2\/users\/2"}],"replies":[{"embeddable":true,"href":"https:\/\/www.europesays.com\/es\/wp-json\/wp\/v2\/comments?post=134467"}],"version-history":[{"count":0,"href":"https:\/\/www.europesays.com\/es\/wp-json\/wp\/v2\/posts\/134467\/revisions"}],"wp:featuredmedia":[{"embeddable":true,"href":"https:\/\/www.europesays.com\/es\/wp-json\/wp\/v2\/media\/134468"}],"wp:attachment":[{"href":"https:\/\/www.europesays.com\/es\/wp-json\/wp\/v2\/media?parent=134467"}],"wp:term":[{"taxonomy":"category","embeddable":true,"href":"https:\/\/www.europesays.com\/es\/wp-json\/wp\/v2\/categories?post=134467"},{"taxonomy":"post_tag","embeddable":true,"href":"https:\/\/www.europesays.com\/es\/wp-json\/wp\/v2\/tags?post=134467"}],"curies":[{"name":"wp","href":"https:\/\/api.w.org\/{rel}","templated":true}]}}