{"id":134490,"date":"2025-09-23T19:02:08","date_gmt":"2025-09-23T19:02:08","guid":{"rendered":"https:\/\/www.europesays.com\/es\/134490\/"},"modified":"2025-09-23T19:02:08","modified_gmt":"2025-09-23T19:02:08","slug":"una-terapia-genica-suicida-abre-nuevas-vias-contra-el-sarcoma-de-ewing","status":"publish","type":"post","link":"https:\/\/www.europesays.com\/es\/134490\/","title":{"rendered":"Una terapia g\u00e9nica \u2018suicida\u2019 abre nuevas v\u00edas contra el sarcoma de Ewing"},"content":{"rendered":"<p>                                                Un estudio publicado en la revista Scientific Reports por un equipo del <strong>Instituto de Salud Carlos III<\/strong> (<a href=\"https:\/\/www.redaccionmedica.com\/tags\/instituto-de-salud-carlos-iii-isciii\" title=\"Noticias del Instituto de Salud Carlos III | Redacci\u00f3n M\u00e9dica\" rel=\"nofollow noopener\" target=\"_blank\">ISCIII<\/a>) ha demostrado en estudios precl\u00ednicos que es posible destruir las c\u00e9lulas tumorales del sarcoma de Ewing mediante el empleo de una <strong>estrategia basada en genes \u2018suicidas\u2019<\/strong>. Esta denominaci\u00f3n se refiere al uso de un gen cuya expresi\u00f3n provoca el \u2018suicidio\u2019 de las propias c\u00e9lulas que lo expresan, favoreciendo la eliminaci\u00f3n de c\u00e9lulas tumorales.<\/p>\n<p>El trabajo est\u00e1 liderado por un grupo del Instituto de Investigaci\u00f3n de Enfermedades Raras (IIER) del ISCIII, que tambi\u00e9n pertenece al <strong>\u00e1rea de Enfermedades Raras del CIBER-ISCIII<\/strong>, y cuenta con <strong>Javier Alonso<\/strong> como <a href=\"https:\/\/www.redaccionmedica.com\/secciones\/medicina\/la-edicion-crispr-logra-eficacia-clinica-en-tratar-un-cancer-infantil-raro-5183\" title=\"La edici\u00f3n CRISPR logra eficacia cl\u00ednica en tratar un c\u00e1ncer infantil raro\" rel=\"nofollow noopener\" target=\"_blank\">investigador principal<\/a>. El ISCIII, un a\u00f1o m\u00e1s, se suma a la difusi\u00f3n y visibilizaci\u00f3n del D\u00eda Mundial de la Investigaci\u00f3n del C\u00e1ncer, que se celebra cada 24 de septiembre.<\/p>\n<p>&#13;<br \/>\n\tEl sarcoma de Ewing<br \/>\n<br \/>\nEl <strong>sarcoma de Ewing<\/strong> es un <a href=\"https:\/\/www.redaccionmedica.com\/recursos-salud\/diccionario-enfermedades\/sarcoma-de-ewing\" title=\"\u00bfQu\u00e9 es el sarcoma de Ewing?\" rel=\"nofollow noopener\" target=\"_blank\">tipo de c\u00e1ncer infantil<\/a> y para el que ha habido pocos avances terap\u00e9uticos en los \u00faltimos a\u00f1os. Se trata de un tumor maligno que afecta a ni\u00f1os y adolescentes y del que <strong>se diagnostica cada a\u00f1o en Espa\u00f1a aproximadamente 25 nuevos casos<\/strong>, por lo que esta enfermedad se considera tambi\u00e9n, como la mayor\u00eda de los tumores infantiles, una enfermedad rara.<\/p>\n<p>Aunque actualmente se consiguen <strong>tasas de supervivencia de aproximadamente el 70 por ciento<\/strong>, desde hace a\u00f1os no se vislumbran avances significativos en los tratamientos, por lo que es necesario avanzar en <a href=\"https:\/\/www.redaccionmedica.com\/secciones\/industria\/la-innovacion-impulsa-al-mieloma-multiple-hacia-la-curacion-funcional-7151\" title=\"La innovaci\u00f3n impulsa al mieloma m\u00faltiple hacia la curaci\u00f3n funcional\" rel=\"nofollow noopener\" target=\"_blank\">terapias innovadoras<\/a> que tengan menos efectos secundarios que los tratamientos actuales (radioterapia y quimioterapaia), y que permitan mejorar las tasas de supervivencia, especialmente en los pacientes con met\u00e1stasis y reca\u00eddas, que tienen mucho peor pron\u00f3stico.<\/p>\n<p>Los investigadores han utilizado para el <strong>estudio un adenovirus<\/strong>, un virus frecuentemente utilizado en terapia g\u00e9nica contra el c\u00e1ncer, para introducir en las c\u00e9lulas de sarcoma de Ewing un gen \u2018suicida\u2019 derivado del virus del herpes simplex (HSV-TK). Cuando las c\u00e9lulas de sarcoma de Ewing son infectadas por el adenovirus terap\u00e9utico, estas expresan el gen \u2018suicida\u2019 HSV-TK.<\/p>\n<p>Este gen es inocuo, pero cuando se combina con la prodroga ganciclovir -un f\u00e1rmaco com\u00fanmente utilizado para combatir las infecciones con los virus del herpes-, es capaz de transformarlo en un <strong>compuesto t\u00f3xico<\/strong> que provoca la muerte, en este caso, de las c\u00e9lulas de sarcoma de Ewing.<\/p>\n<p>Una de las ventajas de la terapia desarrollada por este grupo es que el gen \u2018suicida\u2019 s<strong>\u00f3lo se expresa en las c\u00e9lulas de sarcoma de Ewing<\/strong>, porque est\u00e1 regulado por una secuencia que solo es activa en las c\u00e9lulas de este tumor, otorg\u00e1ndole al sistema una gran especificidad y, por tanto, reduciendo la probabilidad de efectos secundarios de la terapia.\u00a0<\/p>\n<p>&#13;<br \/>\n\tEstudios previos con edici\u00f3n gen\u00e9tica CRISPR<br \/>\n<br \/>\nEsta estrategia ha sido previamente utilizada por el mismo grupo del ISCIII para expresar de manera espec\u00edfica el <strong>sistema CRISPR\/Cas9<\/strong> en c\u00e9lulas de sarcoma de Ewing. Sin embargo, mientras que con la tecnolog\u00eda CRISPR\/Cas9 fue posible <strong>ralentizar el crecimiento tumoral<\/strong>, con esta nueva aproximaci\u00f3n, usando el gen \u2018suicida HSV-TK\u2019, los investigadores han conseguido reducir el tama\u00f1o del tumor, y en algunos casos su completa eliminaci\u00f3n en modelos precl\u00ednicos, lo que indica que esta nueva terapia con genes suicidas podr\u00eda ser potencialmente curativa. Adem\u00e1s, esta nueva aproximaci\u00f3n es capaz de <strong>inducir una respuesta inflamatoria<\/strong> que puede tambi\u00e9n contribuir a la eliminaci\u00f3n del tumor.<\/p>\n<p>El estudio se enmarca dentro de la l\u00ednea de investigaci\u00f3n del grupo del IIER-ISCIII encaminada a desarrollar nuevas terapias disruptivas para el tratamiento del sarcoma de Ewing.<\/p>\n<p>En palabras del director de la investigaci\u00f3n, Javier Alonso, en los \u00faltimos 20 a\u00f1os \u00abno ha habido ning\u00fan avance significativo en los tratamientos para este c\u00e1ncer infantil devastador. Es, por tanto, absolutamente imprescindible <strong>explorar nuevas v\u00edas de tratamiento<\/strong> que sean diferentes a los tratamientos convencionales, que sabemos ya han llegado al m\u00e1ximo que pueden dar\u00bb.<\/p>\n<p>La terapia desarrollada en el IIER-ISCIII ha demostrado ser muy espec\u00edfica y muy eficaz en los <strong>estudios precl\u00ednicos<\/strong>, \u00abpor lo que creemos que esta terapia podr\u00eda probarse en un primer ensayo cl\u00ednico en pacientes en un plazo relativamente corto de tiempo, si disponemos de la financiaci\u00f3n adecuada\u00bb, concluye Alonso.<\/p>\n<p>La investigaci\u00f3n ha contado con<strong> financiaci\u00f3n del ISCIII<\/strong> a trav\u00e9s de las modalidades de Desarrollo Tecnol\u00f3gico en Salud y Proyectos de I+D en Salud, y tambi\u00e9n de varias asociaciones de pacientes comprometidas con la investigaci\u00f3n en c\u00e1ncer infantil (Asociaci\u00f3n Pablo Ugarte, Asociaci\u00f3n Candela Riera, Asociaci\u00f3n Todos somos Iv\u00e1n, Fundaci\u00f3n Sonrisa de Alex y Fundaci\u00f3n FEDER).                                            <\/p>\n<p>\n                                            Las informaciones publicadas en Redacci\u00f3n M\u00e9dica contienen afirmaciones, datos y declaraciones procedentes de instituciones oficiales y profesionales sanitarios. No obstante, ante cualquier duda relacionada con su salud, consulte con su especialista sanitario correspondiente.\n                                        <\/p>\n","protected":false},"excerpt":{"rendered":"Un estudio publicado en la revista Scientific Reports por un equipo del Instituto de Salud Carlos III (ISCIII)&hellip;\n","protected":false},"author":2,"featured_media":134491,"comment_status":"","ping_status":"","sticky":false,"template":"","format":"standard","meta":{"footnotes":""},"categories":[92],"tags":[25,24,165,166,23],"class_list":{"0":"post-134490","1":"post","2":"type-post","3":"status-publish","4":"format-standard","5":"has-post-thumbnail","7":"category-salud","8":"tag-es","9":"tag-espana","10":"tag-health","11":"tag-salud","12":"tag-spain"},"share_on_mastodon":{"url":"","error":""},"_links":{"self":[{"href":"https:\/\/www.europesays.com\/es\/wp-json\/wp\/v2\/posts\/134490","targetHints":{"allow":["GET"]}}],"collection":[{"href":"https:\/\/www.europesays.com\/es\/wp-json\/wp\/v2\/posts"}],"about":[{"href":"https:\/\/www.europesays.com\/es\/wp-json\/wp\/v2\/types\/post"}],"author":[{"embeddable":true,"href":"https:\/\/www.europesays.com\/es\/wp-json\/wp\/v2\/users\/2"}],"replies":[{"embeddable":true,"href":"https:\/\/www.europesays.com\/es\/wp-json\/wp\/v2\/comments?post=134490"}],"version-history":[{"count":0,"href":"https:\/\/www.europesays.com\/es\/wp-json\/wp\/v2\/posts\/134490\/revisions"}],"wp:featuredmedia":[{"embeddable":true,"href":"https:\/\/www.europesays.com\/es\/wp-json\/wp\/v2\/media\/134491"}],"wp:attachment":[{"href":"https:\/\/www.europesays.com\/es\/wp-json\/wp\/v2\/media?parent=134490"}],"wp:term":[{"taxonomy":"category","embeddable":true,"href":"https:\/\/www.europesays.com\/es\/wp-json\/wp\/v2\/categories?post=134490"},{"taxonomy":"post_tag","embeddable":true,"href":"https:\/\/www.europesays.com\/es\/wp-json\/wp\/v2\/tags?post=134490"}],"curies":[{"name":"wp","href":"https:\/\/api.w.org\/{rel}","templated":true}]}}