{"id":134504,"date":"2025-09-23T19:09:08","date_gmt":"2025-09-23T19:09:08","guid":{"rendered":"https:\/\/www.europesays.com\/es\/134504\/"},"modified":"2025-09-23T19:09:08","modified_gmt":"2025-09-23T19:09:08","slug":"barrenetxea-iv-y-juanenea-separan-un-material-opuesto-para-la-final-del-individual-del-sabado-pelota","status":"publish","type":"post","link":"https:\/\/www.europesays.com\/es\/134504\/","title":{"rendered":"Barrenetxea IV y Juanenea separan un material opuesto para la final del Individual del s\u00e1bado | Pelota"},"content":{"rendered":"<p>        <img decoding=\"async\" alt=\"Barrenetxea IV y Juanenea, con el material elegido para la final del s\u00e1bado.\" height=\"800\" loading=\"lazy\"  src=\"https:\/\/www.europesays.com\/es\/wp-content\/uploads\/2025\/09\/Remonte-Individual.jpg\"  width=\"1200\"\/>Barrenetxea IV y Juanenea, con el material elegido para la final del s\u00e1bado. (Maialen ANDR\u00c9S)<\/p>\n<p>Endika Barrenetxea y Aritz Juanenea han separado este martes por la tarde en Galarreta el material con el que disputar\u00e1n la gran final del Torneo Eusko Label individual el pr\u00f3ximo s\u00e1bado 27 de septiembre.<\/p>\n<p>El primero en saltar a la cancha ha sido Barrenetxea IV, que jugar\u00e1 de colorado, y no ha tardado ni diez minutos en separar las tres pelotas con las que jugar\u00e1 la final. Tres pelotas de un mismo lote que han pesado 125, 125 y 127 gramos. Despu\u00e9s ha sido el turno de Juanenea, que ha tardado un poco m\u00e1s, pero tambi\u00e9n ten\u00eda claras las ideas. Son tres pelotas de un lote diferente y han pesado 125, 16 y 126 gramos.<\/p>\n<p>A pesar de que las seis pelotas tienen un peso parecido, el comportamiento sobre la cancha es diferente y as\u00ed lo han explicado al finalizar la elecci\u00f3n.<\/p>\n<p>\u00abDurante todo el campeonato hab\u00eda unos lotes para jugar y las pelotas de los partidos las hemos tenido la semana siguiente para los entrenamientos. He estado todas las semanas entrenando con Zubiri eta ha habido una pelota preciosa. Es la que m\u00e1s nos ha gustado y la hemos elegido. Es una pelota viva, noble y he ido directo a por una pelota de ese estilo\u00bb, ha explicado Endika Barrenetxea.<\/p>\n<p>Todo lo contrario pasa con el material elegido por Aritz Juanenea, ya que son, seg\u00fan Barrenetxea IV, \u00abpesadas, lentas y sin brillo\u00bb.<\/p>\n<p>Por su parte, el propio Juanenea cree que en la fibal no van a jugar con las pelotas de su rival. \u00abEsta semana, en la final tendr\u00e9 que jugar con mis pelotas s\u00ed o s\u00ed. Dos de sus pelotas son muy vivas, como es normal para hacer da\u00f1o con el saque. La otra me ha parecido m\u00e1s normal\u00bb.<\/p>\n<p>Asimismo, ha se\u00f1alado que \u00abtengo que intentar detener el juego de Endika. Tendr\u00e9 que frenar el da\u00f1o que hace con el saque. tengo que acertar s\u00ed o s\u00ed en el resto. Tendr\u00e1 que hacerme menos de diez tantos de saque para poder tener opciones. \u00c9l suele dominar en el peloteo , por lo que tendr\u00e9 que arriesgar sin perder la cabeza\u00bb, ha subrayado.<\/p>\n","protected":false},"excerpt":{"rendered":"Barrenetxea IV y Juanenea, con el material elegido para la final del s\u00e1bado. (Maialen ANDR\u00c9S) Endika Barrenetxea y&hellip;\n","protected":false},"author":2,"featured_media":134505,"comment_status":"","ping_status":"","sticky":false,"template":"","format":"standard","meta":{"footnotes":""},"categories":[278],"tags":[376,18182,168,25,24,1058,375,10100,8391,42774,15468,42775,3397,10850,23,167,1511],"class_list":{"0":"post-134504","1":"post","2":"type-post","3":"status-publish","4":"format-standard","5":"has-post-thumbnail","7":"category-balonmano","8":"tag-balonmano","9":"tag-barrenetxea","10":"tag-deportes","11":"tag-es","12":"tag-espana","13":"tag-final","14":"tag-handball","15":"tag-individual","16":"tag-iv","17":"tag-juanenea","18":"tag-material","19":"tag-opuesto","20":"tag-sabado","21":"tag-separan","22":"tag-spain","23":"tag-sports","24":"tag-y"},"share_on_mastodon":{"url":"","error":""},"_links":{"self":[{"href":"https:\/\/www.europesays.com\/es\/wp-json\/wp\/v2\/posts\/134504","targetHints":{"allow":["GET"]}}],"collection":[{"href":"https:\/\/www.europesays.com\/es\/wp-json\/wp\/v2\/posts"}],"about":[{"href":"https:\/\/www.europesays.com\/es\/wp-json\/wp\/v2\/types\/post"}],"author":[{"embeddable":true,"href":"https:\/\/www.europesays.com\/es\/wp-json\/wp\/v2\/users\/2"}],"replies":[{"embeddable":true,"href":"https:\/\/www.europesays.com\/es\/wp-json\/wp\/v2\/comments?post=134504"}],"version-history":[{"count":0,"href":"https:\/\/www.europesays.com\/es\/wp-json\/wp\/v2\/posts\/134504\/revisions"}],"wp:featuredmedia":[{"embeddable":true,"href":"https:\/\/www.europesays.com\/es\/wp-json\/wp\/v2\/media\/134505"}],"wp:attachment":[{"href":"https:\/\/www.europesays.com\/es\/wp-json\/wp\/v2\/media?parent=134504"}],"wp:term":[{"taxonomy":"category","embeddable":true,"href":"https:\/\/www.europesays.com\/es\/wp-json\/wp\/v2\/categories?post=134504"},{"taxonomy":"post_tag","embeddable":true,"href":"https:\/\/www.europesays.com\/es\/wp-json\/wp\/v2\/tags?post=134504"}],"curies":[{"name":"wp","href":"https:\/\/api.w.org\/{rel}","templated":true}]}}