{"id":134514,"date":"2025-09-23T19:16:13","date_gmt":"2025-09-23T19:16:13","guid":{"rendered":"https:\/\/www.europesays.com\/es\/134514\/"},"modified":"2025-09-23T19:16:13","modified_gmt":"2025-09-23T19:16:13","slug":"luwawu-cabarrot-otra-baja-ante-el-trieste","status":"publish","type":"post","link":"https:\/\/www.europesays.com\/es\/134514\/","title":{"rendered":"Luwawu-Cabarrot, otra baja ante el Trieste"},"content":{"rendered":"<p>\n        Dice un refr\u00e1n que a perro flaco todo son pulgas y e<strong>l Baskonia lo est\u00e1 comprobando con un notable carrusel de problemas f\u00edsicos<\/strong> a pocos d\u00edas de que arranque oficialmente la temporada ante el Olympiacos en la Euroliga.\n<\/p>\n<p class=\"article-body__text \">\n        En el partido de este martes ante el Trieste que supone la presentaci\u00f3n del equipo ante su afici\u00f3n, <strong>Paolo Galbiati tan solo contar\u00e1 con 11 jugadores <\/strong>dado que Tadas Sedekerskis y Markus Howard siguen sin recuperarse de sus respectivas dolencias y Tim Luwawu-Cabarrot causa baja de \u00faltima hora por enfermedad.\n<\/p>\n<p class=\"article-body__text \">\n        El lituano sigue con molestias en un tobillo, algo que le oblig\u00f3 a perderse un partido del pasado Europeo, mientras que la cautela se impone con el estado f\u00edsico del escolta estadounidense para no agravar sus molestias musculares. En el caso del alero franc\u00e9s, <strong>habr\u00e1 que aguardar a su evoluci\u00f3n para saber si puede ser de la partida<\/strong> en la jornada del bautismo continental ante los griegos en el Buesa Arena.\n<\/p>\n<p>            <a href=\"https:\/\/www.noticiasdealava.eus\/baskonia\/2025\/09\/23\/mamadi-diakite-abandona-hospital-10119077.html\" title=\"Mamadi Diakite abandona el hospital\" class=\"new__media\" rel=\"nofollow noopener\" target=\"_blank\"><\/p>\n<p>                <img alt=\"Mamadi Diakite abandona el hospital\" data-src=\"https:\/\/www.europesays.com\/es\/wp-content\/uploads\/2025\/09\/4036d705-a65c-4e38-8fbd-00cd108152a4_16-9-aspect-ratio_default_0_x2003y494.jpg\" class=\"lozad\"\/><\/p>\n<p>        <\/a><\/p>\n<p>        <a href=\"https:\/\/www.noticiasdealava.eus\/baskonia\/2025\/09\/23\/mamadi-diakite-abandona-hospital-10119077.html\" title=\"Mamadi Diakite abandona el hospital\" class=\"new__headline\" rel=\"nofollow noopener\" target=\"_blank\"><br \/>\n            Mamadi Diakite abandona el hospital<br \/>\n        <\/a><\/p>\n<p class=\"article-body__text \">\n        Cabe recordar que <strong>el t\u00e9cnico italiano cuenta con las ausencias de Rodions Kurucs y Mamadi Diakite<\/strong>, aunque en el caso del p\u00edvot guineano la nota positiva es que ya ha recibido el alta hospitalaria tras abandonar el hospital de Vigo.\n<\/p>\n<p class=\"article-body__text \">\n        Frente al conjunto italiano, Galbiati se ha visto obligado a completar la convocatoria <strong>con los j\u00f3venes Mate Khatiashvili, Chiek Diallo, Stefan Joksimovic e I\u00f1igo Royo<\/strong> para disponer de un roster de 11 jugadores.\n<\/p>\n<p>            <a href=\"https:\/\/www.noticiasdealava.eus\/baskonia\/2025\/09\/22\/pretemporada-excesivos-sobresaltos-baskonia-galbiati-olympiacos-10114293.html\" title=\"Una pretemporada con excesivos sobresaltos\" class=\"new__media\" rel=\"nofollow noopener\" target=\"_blank\"><\/p>\n<p>                <img alt=\"Una pretemporada con excesivos sobresaltos\" data-src=\"https:\/\/www.europesays.com\/es\/wp-content\/uploads\/2025\/09\/7d48ab8f-b3f8-4af8-9bba-d7ed99d7d2af_16-9-aspect-ratio_default_0_x887y430.jpg\" class=\"lozad\"\/><\/p>\n<p>        <\/a><\/p>\n<p>        <a href=\"https:\/\/www.noticiasdealava.eus\/baskonia\/2025\/09\/22\/pretemporada-excesivos-sobresaltos-baskonia-galbiati-olympiacos-10114293.html\" title=\"Una pretemporada con excesivos sobresaltos\" class=\"new__headline\" rel=\"nofollow noopener\" target=\"_blank\"><br \/>\n            Una pretemporada con excesivos sobresaltos<br \/>\n        <\/a><\/p>\n<p class=\"article-body__text \">\n        Otra noticia que invita al optimismo es que<strong> Markquis Nowell<\/strong>, la flamante adquisici\u00f3n azulgrana para reforzar la direcci\u00f3n de juego, <strong>ya se encuentra en el Buesa Arena<\/strong> para presenciar el partido y en breve se sumar\u00e1 a la din\u00e1mica colectiva cuando pase el pertinente reconocimiento m\u00e9dico.<\/p>\n","protected":false},"excerpt":{"rendered":"Dice un refr\u00e1n que a perro flaco todo son pulgas y el Baskonia lo est\u00e1 comprobando con un&hellip;\n","protected":false},"author":2,"featured_media":134515,"comment_status":"","ping_status":"","sticky":false,"template":"","format":"standard","meta":{"footnotes":""},"categories":[269],"tags":[6814,299,298,42783,168,25,24,42782,23,167,42547],"class_list":{"0":"post-134514","1":"post","2":"type-post","3":"status-publish","4":"format-standard","5":"has-post-thumbnail","7":"category-baloncesto","8":"tag-baja","9":"tag-baloncesto","10":"tag-basketball","11":"tag-cabarrot","12":"tag-deportes","13":"tag-es","14":"tag-espana","15":"tag-luwawu","16":"tag-spain","17":"tag-sports","18":"tag-trieste"},"share_on_mastodon":{"url":"","error":""},"_links":{"self":[{"href":"https:\/\/www.europesays.com\/es\/wp-json\/wp\/v2\/posts\/134514","targetHints":{"allow":["GET"]}}],"collection":[{"href":"https:\/\/www.europesays.com\/es\/wp-json\/wp\/v2\/posts"}],"about":[{"href":"https:\/\/www.europesays.com\/es\/wp-json\/wp\/v2\/types\/post"}],"author":[{"embeddable":true,"href":"https:\/\/www.europesays.com\/es\/wp-json\/wp\/v2\/users\/2"}],"replies":[{"embeddable":true,"href":"https:\/\/www.europesays.com\/es\/wp-json\/wp\/v2\/comments?post=134514"}],"version-history":[{"count":0,"href":"https:\/\/www.europesays.com\/es\/wp-json\/wp\/v2\/posts\/134514\/revisions"}],"wp:featuredmedia":[{"embeddable":true,"href":"https:\/\/www.europesays.com\/es\/wp-json\/wp\/v2\/media\/134515"}],"wp:attachment":[{"href":"https:\/\/www.europesays.com\/es\/wp-json\/wp\/v2\/media?parent=134514"}],"wp:term":[{"taxonomy":"category","embeddable":true,"href":"https:\/\/www.europesays.com\/es\/wp-json\/wp\/v2\/categories?post=134514"},{"taxonomy":"post_tag","embeddable":true,"href":"https:\/\/www.europesays.com\/es\/wp-json\/wp\/v2\/tags?post=134514"}],"curies":[{"name":"wp","href":"https:\/\/api.w.org\/{rel}","templated":true}]}}