{"id":134540,"date":"2025-09-23T19:30:10","date_gmt":"2025-09-23T19:30:10","guid":{"rendered":"https:\/\/www.europesays.com\/es\/134540\/"},"modified":"2025-09-23T19:30:10","modified_gmt":"2025-09-23T19:30:10","slug":"el-supremo-divide-el-caso-koldo-y-crea-una-pieza-sobre-las-presuntas-mordidas","status":"publish","type":"post","link":"https:\/\/www.europesays.com\/es\/134540\/","title":{"rendered":"El Supremo divide el caso Koldo y crea una pieza sobre las presuntas mordidas"},"content":{"rendered":"<p>El Tribunal Supremo ha acordado <strong>desglosar en dos las investigaciones contra la presunta trama de corrupci\u00f3n del caso Koldo<\/strong>. Esta decisi\u00f3n viene motivada por la necesidad de crear una pieza separada sobre el cobro de comisiones a cambio de <strong>adjudicaciones il\u00edcitas de obra p\u00fablica<\/strong>, cuyas pesquisas se encuentran en fase incipiente. En la causa inicial, que ya est\u00e1 muy avanzada, se mantendr\u00e1n las indagaciones relativas a las supuestas irregularidades en la <strong>compraventa de material sanitario<\/strong> durante la pandemia. <\/p>\n<p>As\u00ed lo ha ordenado el magistrado Leopoldo Puente, instructor del caso Koldo en el Supremo, a trav\u00e9s de un auto al que ha tenido acceso RTVE. En esta pieza separada mantendr\u00e1 como imputados al exsecretario de Organizaci\u00f3n del PSOE <strong>Santos Cerd\u00e1n<\/strong>, al exministro de Transportes, <strong>Jos\u00e9 Luis \u00c1balos<\/strong> y al que fuera su mano derecha, <strong>Koldo Garc\u00eda<\/strong>. Junto a ellos, tambi\u00e9n permanecen en la causa el presunto conseguidor de la trama, <strong>V\u00edctor de Aldama,<\/strong> y los otros <strong>empresarios de la construcci\u00f3n<\/strong> implicados, Jos\u00e9 Ruz, Antonio y Daniel Fern\u00e1ndez Men\u00e9ndez, Fernando Merino y Joseba Antxon Alonso.<\/p>\n<p>Sobre las obras, ha se\u00f1alado que es necesario diferenciar entre \u00abaquellas que se promovieron, en <strong>beneficio de Acciona Construcci\u00f3n<\/strong>, en Uni\u00f3n Temporal de Empresas (UTE) con otras de menor envergadura\u00bb y bajo la <strong>direcci\u00f3n de Santos Cerd\u00e1n<\/strong>, \u00abde aquellas otras, de menor entidad econ\u00f3mica, que se promov\u00edan paralelamente bajo el control o impulso de De Aldama, \u00c1balos y Koldo\u00bb. Aparentemente, Cerd\u00e1n no habr\u00eda tenido implicaci\u00f3n en las adjudicaciones de este segundo grupo.<\/p>\n<p>La nueva pieza est\u00e1 en una fase \u00abtodav\u00eda muy incipiente\u00bb<\/p>\n<p>Leopoldo Puente ha decidido dividir la causa porque, seg\u00fan ha detallado en el auto, toda la parte relativa a la obra p\u00fablica se encuentra en una <strong>fase \u00abtodav\u00eda muy  incipiente<\/strong>\u00ab, mientras que el resto de las pesquisas est\u00e1n muy avanzadas, \u00absiendo previsible la pronta terminaci\u00f3n de la fase de  instrucci\u00f3n correspondiente\u00bb a esa parte principal.<\/p>\n<p>En esta parte principal se enmarcan todos los hechos ajenos a la  adjudicaci\u00f3n de obra p\u00fablica, como son la adjudicaci\u00f3n a la empresa Soluciones de Gesti\u00f3n, vinculada a De Aldama, de contratos para la  adquisici\u00f3n de mascarillas durante la pandemia de coronavirus. Tambi\u00e9n permanecer\u00e1 todo lo referido a que Koldo Garc\u00eda, quien habr\u00eda desplegado su influencia para lograr que Aldama o las empresas cuyos intereses favorec\u00eda el presunto conseguidor, pudieran entrevistarse con diferentes altos funcionarios o empleados p\u00fablicos o se <strong>beneficiaran de concretas actuaciones promovidas<\/strong> e impulsadas desde el propio Ministerio. <strong>Todo bajo el conocimiento de \u00c1balos<\/strong>, seg\u00fan ha detallado el auto. <\/p>\n<p>En concreto, habla de \u00abla publicaci\u00f3n de la nota de prensa, avalando la pr\u00f3xima financiaci\u00f3n p\u00fablica de <strong>Air Europa; las gestiones realizadas en favor de Villafuel<\/strong> para que sus representantes lograran reunirse con personas que pudieran facilitar la licencia de operador  de hidrocarburos que persegu\u00edan; o las que determinaron la reuni\u00f3n que De Aldama sostuvo con Carlos Moreno, quien era en ese momento  jefe de gabinete de la ministra de Hacienda, reuni\u00f3n que ten\u00eda por  objeto procurar el aplazamiento de una deuda tributaria de una de las  empresas del se\u00f1or De Aldama\u00bb. <\/p>\n<p>Puente ha indicado que en este primer grupo de hechos  aparentemente delictivos tambi\u00e9n se incluir\u00edan \u00ab<strong>la arbitraria colocaci\u00f3n en sendas empresas p\u00fablicas<\/strong> de, al menos, J\u00e9sica Rodr\u00edguez y Claudia  Montes\u00bb. Adem\u00e1s, la primera de ellas \u00abvino percibiendo los correspondientes salarios sin desempe\u00f1ar  ocupaci\u00f3n efectiva alguna\u00bb. <\/p>\n<p>En esta primera parte de la causa, \u00fanicamente <strong>mantendr\u00e1n la condici\u00f3n de investigados<\/strong> Jos\u00e9 Luis \u00c1balos, Koldo Garc\u00eda y V\u00edctor de Aldama, no as\u00ed Santos Cerd\u00e1n. <\/p>\n<p>Diferencia \u00abdos grandes grupos\u00bb de conductas delictivas<\/p>\n<p>La nueva pieza se iniciar\u00e1 con este auto, seguida del informe de la Unidad Central Operativa (CO) de la Guardia Civil de junio de este a\u00f1o y de todas las actuaciones posteriores. Tambi\u00e9n se incluir\u00e1n la declaraci\u00f3n prestada por Aldama, los documentos que aport\u00f3 relativos a la relaci\u00f3n de obras p\u00fablicas, de Koldo Garc\u00eda y el resultado de la prueba pericial caligr\u00e1fica practicada.<\/p>\n<p>El juez ha expuesto que \u00abel objeto de la presente causa especial ha llegado a un estado en el que es posible identificar hasta <strong>dos grandes grupos de conductas eventualmente constitutivas de sendos  il\u00edcitos penales<\/strong>\u00bb y que \u00abestos grupos se definen por su relaci\u00f3n o desconexi\u00f3n con el \u00e1mbito de las indebidas adjudicaciones de obra  p\u00fablica en el marco del Ministerio de Transportes durante el per\u00edodo  de tiempo en el cual \u00c1balos ejerci\u00f3 como titular del mismo\u00bb.<\/p>\n","protected":false},"excerpt":{"rendered":"El Tribunal Supremo ha acordado desglosar en dos las investigaciones contra la presunta trama de corrupci\u00f3n del caso&hellip;\n","protected":false},"author":2,"featured_media":134541,"comment_status":"","ping_status":"","sticky":false,"template":"","format":"standard","meta":{"footnotes":""},"categories":[8],"tags":[17,18,25,24,13,14,11,19,20,9,10,15,16,23,12,21,22],"class_list":{"0":"post-134540","1":"post","2":"type-post","3":"status-publish","4":"format-standard","5":"has-post-thumbnail","7":"category-espana","8":"tag-breaking-news","9":"tag-breakingnews","10":"tag-es","11":"tag-espana","12":"tag-featured-news","13":"tag-featurednews","14":"tag-headlines","15":"tag-latest-news","16":"tag-latestnews","17":"tag-news","18":"tag-noticias","19":"tag-noticias-destacadas","20":"tag-noticiasdestacadas","21":"tag-spain","22":"tag-titulares","23":"tag-ultimas-noticias","24":"tag-ultimasnoticias"},"share_on_mastodon":{"url":"","error":""},"_links":{"self":[{"href":"https:\/\/www.europesays.com\/es\/wp-json\/wp\/v2\/posts\/134540","targetHints":{"allow":["GET"]}}],"collection":[{"href":"https:\/\/www.europesays.com\/es\/wp-json\/wp\/v2\/posts"}],"about":[{"href":"https:\/\/www.europesays.com\/es\/wp-json\/wp\/v2\/types\/post"}],"author":[{"embeddable":true,"href":"https:\/\/www.europesays.com\/es\/wp-json\/wp\/v2\/users\/2"}],"replies":[{"embeddable":true,"href":"https:\/\/www.europesays.com\/es\/wp-json\/wp\/v2\/comments?post=134540"}],"version-history":[{"count":0,"href":"https:\/\/www.europesays.com\/es\/wp-json\/wp\/v2\/posts\/134540\/revisions"}],"wp:featuredmedia":[{"embeddable":true,"href":"https:\/\/www.europesays.com\/es\/wp-json\/wp\/v2\/media\/134541"}],"wp:attachment":[{"href":"https:\/\/www.europesays.com\/es\/wp-json\/wp\/v2\/media?parent=134540"}],"wp:term":[{"taxonomy":"category","embeddable":true,"href":"https:\/\/www.europesays.com\/es\/wp-json\/wp\/v2\/categories?post=134540"},{"taxonomy":"post_tag","embeddable":true,"href":"https:\/\/www.europesays.com\/es\/wp-json\/wp\/v2\/tags?post=134540"}],"curies":[{"name":"wp","href":"https:\/\/api.w.org\/{rel}","templated":true}]}}