{"id":134542,"date":"2025-09-23T19:31:14","date_gmt":"2025-09-23T19:31:14","guid":{"rendered":"https:\/\/www.europesays.com\/es\/134542\/"},"modified":"2025-09-23T19:31:14","modified_gmt":"2025-09-23T19:31:14","slug":"la-ugr-celebra-sus-jornadas-de-recepcion-de-estudiantes-el-24-y-25-de-septiembre-en-los-paseillos-universitarios","status":"publish","type":"post","link":"https:\/\/www.europesays.com\/es\/134542\/","title":{"rendered":"La UGR celebra sus Jornadas de Recepci\u00f3n de Estudiantes el 24 y 25 de septiembre en los Pase\u00edllos Universitarios"},"content":{"rendered":"<p>Como viene siendo habitual, la Universidad de Granada organiza en los primeros compases del nuevo curso acad\u00e9mico sus tradicionales Jornadas de Recepci\u00f3n de Estudiantes (JJREE); un evento que persigue el objetivo de facilitar toda la informaci\u00f3n -especialmente al estudiantado de nuevo ingreso- sobre aquellos servicios, herramientas, oportunidades, actividades y novedades que est\u00e1n a su disposici\u00f3n durante el 2025-26.<\/p>\n<p>En definitiva, dar a conocer todo lo necesario para que pueda sacarle el mayor partido posible a su etapa universitaria. Se hace hincapi\u00e9 con los stands en aquellos aspectos indispensables para que, en estos momentos iniciales, sepa y pueda integrarse exitosamente al entorno universitario y, c\u00f3mo no a la ciudad de Granada.<\/p>\n<p><a href=\"https:\/\/canal.ugr.es\/noticia\/la-ugr-celebra-sus-jornadas-de-recepcion-de-estudiantes-el-24-y-25-de-septiembre-en-los-paseillos-universitarios\/\" rel=\"nofollow noopener\" target=\"_blank\">Seguir leyendo<\/a><\/p>\n","protected":false},"excerpt":{"rendered":"Como viene siendo habitual, la Universidad de Granada organiza en los primeros compases del nuevo curso acad\u00e9mico sus&hellip;\n","protected":false},"author":2,"featured_media":134543,"comment_status":"","ping_status":"","sticky":false,"template":"","format":"standard","meta":{"footnotes":""},"categories":[5],"tags":[17,18,25,24,13,14,11,19,20,9,10,15,16,23,12,21,22],"class_list":{"0":"post-134542","1":"post","2":"type-post","3":"status-publish","4":"format-standard","5":"has-post-thumbnail","7":"category-titulares","8":"tag-breaking-news","9":"tag-breakingnews","10":"tag-es","11":"tag-espana","12":"tag-featured-news","13":"tag-featurednews","14":"tag-headlines","15":"tag-latest-news","16":"tag-latestnews","17":"tag-news","18":"tag-noticias","19":"tag-noticias-destacadas","20":"tag-noticiasdestacadas","21":"tag-spain","22":"tag-titulares","23":"tag-ultimas-noticias","24":"tag-ultimasnoticias"},"share_on_mastodon":{"url":"","error":""},"_links":{"self":[{"href":"https:\/\/www.europesays.com\/es\/wp-json\/wp\/v2\/posts\/134542","targetHints":{"allow":["GET"]}}],"collection":[{"href":"https:\/\/www.europesays.com\/es\/wp-json\/wp\/v2\/posts"}],"about":[{"href":"https:\/\/www.europesays.com\/es\/wp-json\/wp\/v2\/types\/post"}],"author":[{"embeddable":true,"href":"https:\/\/www.europesays.com\/es\/wp-json\/wp\/v2\/users\/2"}],"replies":[{"embeddable":true,"href":"https:\/\/www.europesays.com\/es\/wp-json\/wp\/v2\/comments?post=134542"}],"version-history":[{"count":0,"href":"https:\/\/www.europesays.com\/es\/wp-json\/wp\/v2\/posts\/134542\/revisions"}],"wp:featuredmedia":[{"embeddable":true,"href":"https:\/\/www.europesays.com\/es\/wp-json\/wp\/v2\/media\/134543"}],"wp:attachment":[{"href":"https:\/\/www.europesays.com\/es\/wp-json\/wp\/v2\/media?parent=134542"}],"wp:term":[{"taxonomy":"category","embeddable":true,"href":"https:\/\/www.europesays.com\/es\/wp-json\/wp\/v2\/categories?post=134542"},{"taxonomy":"post_tag","embeddable":true,"href":"https:\/\/www.europesays.com\/es\/wp-json\/wp\/v2\/tags?post=134542"}],"curies":[{"name":"wp","href":"https:\/\/api.w.org\/{rel}","templated":true}]}}