{"id":134568,"date":"2025-09-23T19:46:11","date_gmt":"2025-09-23T19:46:11","guid":{"rendered":"https:\/\/www.europesays.com\/es\/134568\/"},"modified":"2025-09-23T19:46:11","modified_gmt":"2025-09-23T19:46:11","slug":"critica-de-rondallas-el-triunfal-y-emocionante-regreso-de-daniel-sanchez-arevalo","status":"publish","type":"post","link":"https:\/\/www.europesays.com\/es\/134568\/","title":{"rendered":"Cr\u00edtica de &#8216;Rondallas&#8217;, el triunfal y emocionante regreso de Daniel S\u00e1nchez Ar\u00e9valo"},"content":{"rendered":"<p data-journey-content=\"true\" data-node-id=\"3\" class=\"css-6wxqfj emevuu60\">El <a href=\"https:\/\/www.fotogramas.es\/festival-de-san-sebastian\/\" data-vars-ga-outbound-link=\"https:\/\/www.fotogramas.es\/festival-de-san-sebastian\/\" data-vars-ga-ux-element=\"Hyperlink\" data-vars-ga-call-to-action=\"Festival de San Sebasti\u00e1n\" data-node-id=\"3.1\" class=\"body-link css-d2so5l emevuu60\" rel=\"nofollow noopener\" target=\"_blank\">Festival de San Sebasti\u00e1n<\/a> ha sido el escenario ideal para la puesta de largo de &#8216;Rondallas&#8217;, el esperado regreso a la direcci\u00f3n de Daniel S\u00e1nchez Ar\u00e9valo con una pel\u00edcula tan satisfactoria que pone en valor el generalmente peyorativo t\u00e9rmino de \u00abcrowd-pleaser\u00bb. Miradas con cierta desgana y altivez, conviene recordar que la complejidad para dar con una narrativa id\u00f3nea en una pel\u00edcula confortable es tan dif\u00edcil y rese\u00f1able como hacerlo en t\u00edtulos con pretensiones m\u00e1s pomposas. Y te dejan con mejor sabor de boca.<\/p>\n<p><img draggable=\"true\" alt=\"rondallas\" title=\"Rondallas\" loading=\"lazy\" width=\"2560\" height=\"1440\" decoding=\"async\" data-nimg=\"1\" style=\"color:transparent;width:100%;height:auto;\"   src=\"https:\/\/www.europesays.com\/es\/wp-content\/uploads\/2025\/09\/ugnlhs7kcsbinwutfiezpkzyeq9-68d228c56d8d1.jpg\" class=\"css-0 e1g79fud0\"\/><\/p>\n<p>Beta Fiction Spain<\/p>\n<p data-journey-content=\"true\" data-node-id=\"8\" class=\"css-6wxqfj emevuu60\">La trama nos lleva a un peque\u00f1o pueblo gallego donde la tradicional competici\u00f3n de rondallas \u2014agrupaciones musicales populares\u2014 se convierte en el epicentro de la vida de los vecinos. Unidos por el dolor de un suceso reciente que traumatiz\u00f3 a toda la costa, los personajes intentar\u00e1n recomponerse para encontrar en comunidad una salida al duelo a trav\u00e9s de la reconciliaci\u00f3n. Peque\u00f1as historias cruzadas que S\u00e1nchez Ar\u00e9valo utiliza como <strong data-node-id=\"8.1\">herramientas narrativas que hablan de culpa y perd\u00f3n, pero sabiendo huir del dramatismo forzado<\/strong> para dejar libre a un p\u00fablico que no se ver\u00e1 obligado a llorar cuando quiera la pel\u00edcula, sino cuando a cada uno le toque.<\/p>\n<p data-journey-content=\"true\" data-node-id=\"10\" class=\"css-6wxqfj emevuu60\">Siguiendo todos los patrones del g\u00e9nero ser\u00eda l\u00f3gico encontrarse con t\u00f3picos que nos despegasen del relato, pero <strong data-node-id=\"10.1\">&#8216;Rondallas&#8217; est\u00e1 escrita con cari\u00f1o y talento para que su trama coral llegue hasta el gran cl\u00edmax sin que el p\u00fablico pierda la sonrisa<\/strong>. Javier Guti\u00e9rrez, capit\u00e1n del elenco, tiene tambi\u00e9n la culpa de que todo funcione gracias a su habitual \u2014y siempre sorprendente\u2014 capacidad para hacer que lo dif\u00edcil parezca f\u00e1cil. A su lado, una estupenda Mar\u00eda V\u00e1zquez aporta solidez y emoci\u00f3n contenida, mientras que Tamar Novas sorprende en un registro c\u00f3mico con el que, esperamos, vuelva a alegrarnos a todos en futuros trabajos.<\/p>\n<p>No te pierdas esto<a data-theme-key=\"base-link\" href=\"#\" class=\"e1fx7w0v4 css-ottsob e1c1bym14\">Reg\u00edstrate para recibir contenido personalizado<img src=\"https:\/\/www.fotogramas.es\/_assets\/design-tokens\/fre\/static\/icons\/arrow-right-regular.e879c19.svg\" alt=\"\" width=\"100%\" height=\"auto\" decoding=\"async\" loading=\"lazy\" class=\"css-13htjwu e1fx7w0v1\"\/><\/a><\/p>\n<p data-journey-content=\"true\" data-node-id=\"14\" class=\"css-6wxqfj emevuu60\">Con los j\u00f3venes Judith Fern\u00e1ndez y Fernando Fraga convertidos finalmente en el coraz\u00f3n de la pel\u00edcula, &#8216;Rondallas&#8217; es <strong data-node-id=\"14.1\">una producci\u00f3n sincera, honesta y redonda en sus propios t\u00e9rminos<\/strong>, un film que logra lo que se propone sin manipular al espectador y que, de regalo, har\u00e1 que m\u00e1s de uno se enamore de la versi\u00f3n galega de estos deliciosos conjuntos musicales. <\/p>\n<p>Para los que necesiten una dosis de luz en mitad de una tormenta.<\/p>\n<p data-journey-content=\"true\" data-node-id=\"18\" class=\"body-tip css-1n723qz emevuu60\"><strong data-node-id=\"18.0\">Lo mejor:<\/strong> que una pel\u00edcula confortable consiga todo lo que se propone.<br data-node-id=\"18.2\"\/><\/p>\n<p data-journey-content=\"true\" data-node-id=\"20\" class=\"body-tip css-1n723qz emevuu60\"><strong data-node-id=\"20.0\">Lo peor: <\/strong>algunos podr\u00edan confundir la trasparencia de sus formas con automatismos de f\u00e1brica.<br data-node-id=\"20.2\"\/><\/p>\n<p><img draggable=\"true\" alt=\"rondallas\" title=\"Rondallas\" loading=\"lazy\" width=\"2000\" height=\"2857\" decoding=\"async\" data-nimg=\"1\" style=\"color:transparent;width:100%;height:auto;\"   src=\"https:\/\/www.europesays.com\/es\/wp-content\/uploads\/2025\/09\/i4z3ojh41siwajr3dsd8xh7tbb2-68d228c6ae942.jpg\" class=\"css-0 e1g79fud0\"\/><\/p>\n<p>Beta Fiction Spain<\/p>\n<p> Ficha t\u00e9cnica<\/p>\n<p data-journey-content=\"true\" data-node-id=\"25\" class=\"css-6wxqfj emevuu60\"><strong data-node-id=\"25.0\">Direcci\u00f3n:<\/strong> Daniel S\u00e1nchez Ar\u00e9valo <strong data-node-id=\"25.2\">Reparto:<\/strong> Javier Guti\u00e9rrez, Mar\u00eda V\u00e1zquez, Tamar Novas, Judith Fern\u00e1ndez, Carlos Blanco <strong data-node-id=\"25.4\">Pa\u00eds:<\/strong> Espa\u00f1a <strong data-node-id=\"25.6\">A\u00f1o:<\/strong> 2025 <strong data-node-id=\"25.8\">Fecha de estreno:<\/strong> 1\u201101\u20112026 <strong data-node-id=\"25.10\">G\u00e9nero:<\/strong> Comedia\/Drama <strong data-node-id=\"25.12\">Guion:<\/strong> Daniel S\u00e1nchez Ar\u00e9valo <strong data-node-id=\"25.14\">Duraci\u00f3n:<\/strong> 112 min.<\/p>\n<p data-journey-content=\"true\" data-node-id=\"27\" class=\"css-6wxqfj emevuu60\"><strong data-node-id=\"27.0\">Sinopsis:<\/strong> Dos a\u00f1os despu\u00e9s del tr\u00e1gico naufragio de un barco pesquero que sacudi\u00f3 a un peque\u00f1o pueblo marinero gallego, los habitantes del pueblo deciden que ya es hora de recuperar la ilusi\u00f3n y dejar el luto atr\u00e1s. Por ello vuelven a unirse para poner en marcha la rondalla, una agrupaci\u00f3n de m\u00fasica tradicional en la que participan desde ni\u00f1os hasta ancianos, con la intenci\u00f3n de competir en un concurso contra los pueblos vecinos, pero sobre todo de empezar a mirar hacia delante de nuevo.<\/p>\n<p><img src=\"https:\/\/www.europesays.com\/es\/wp-content\/uploads\/2025\/09\/1758656771_812_7541bb6a-16f2-4527-9c94-b4ff6ee098ce_1646215165.file\" alt=\"Headshot of Ricardo Rosado\" title=\"Headshot of Ricardo Rosado\" width=\"100%\" height=\"100%\" decoding=\"async\" loading=\"lazy\" class=\"css-o0wq4v ev8dhu53\"\/><\/p>\n<p><a href=\"https:\/\/www.linkedin.com\/in\/ricardo-rosado-benito-609a5a40\/\" rel=\"nofollow noopener\" target=\"_blank\">Ricardo Rosado<\/a> es cr\u00edtico de cine, periodista cultural, experto en comedia norteamericana, pel\u00edculas de terror de cualquier tipo y todo lo que ocurra entre g\u00e9neros y formatos. Criado entre pel\u00edculas de Steven Spielberg, y malcriado desde que se top\u00f3 con David Lynch, lleva una d\u00e9cada escribiendo sobre el arte que consume.<\/p>\n<p>En FOTOGRAMAS le leer\u00e1s comentando los \u00faltimos estrenos en salas, fomentando la paz entre fans de Marvel y DC, repasando todas las novedades de Star Wars o sumergido en las profundidades de los cat\u00e1logos de Netflix, HBO Max, Prime Video y Filmin. Tambi\u00e9n le gusta hacer galer\u00edas y rankings de pel\u00edculas y series, pero nadie se f\u00eda demasiado de su criterio.<\/p>\n<p>Tras estudiar Comunicaci\u00f3n Audiovisual en la Universidad Complutense de Madrid, cre\u00f3 <a href=\"http:\/\/www.comboduoplus.com\/\" rel=\"nofollow noopener\" target=\"_blank\">un blog de rese\u00f1as cinematogr\u00e1ficas<\/a> con la esperanza de acudir gratis a festivales de cine y pases de prensa. Ahora, tras siete a\u00f1os escribiendo en FOTOGRAMAS sobre los \u00faltimos estrenos en salas, las series del momento y cualquier contenido disponible en los diferentes canales de streaming, sigue pensando que mereci\u00f3 la pena.<\/p>\n<p>Frontman de dos vergonzantes proyectos musicales, director de diversos videoclips de bandas de heavy metal madrile\u00f1as y autor de no pocos cortometrajes escondidos en la red de redes, es el editor y uno de los orgullosos contertulios del podcast cultural &#8216;<a href=\"https:\/\/www.ivoox.com\/podcast-de-al-lado-pumares_sq_f1627488_1.html\" rel=\"nofollow noopener\" target=\"_blank\">Los de al lado de Pumares<\/a>&#8216;, espacio que le ha permitido participar como colaborador en otros formatos de radio como &#8216;Estamos de cine&#8217; (Castilla-La Mancha Media) y <a href=\"https:\/\/cadenaser.com\/audio\/1627348931165\/\" rel=\"nofollow noopener\" target=\"_blank\">&#8216;El faro&#8217; (Cadena SER)<\/a>, adem\u00e1s de haberle convertido en una de las voces principales de los v\u00eddeos de FOTOGRAMAS. \u00a0<\/p>\n","protected":false},"excerpt":{"rendered":"El Festival de San Sebasti\u00e1n ha sido el escenario ideal para la puesta de largo de &#8216;Rondallas&#8217;, el&hellip;\n","protected":false},"author":2,"featured_media":134569,"comment_status":"","ping_status":"","sticky":false,"template":"","format":"standard","meta":{"footnotes":""},"categories":[169],"tags":[177,1180,146,147,25,24,176,175,23],"class_list":{"0":"post-134568","1":"post","2":"type-post","3":"status-publish","4":"format-standard","5":"has-post-thumbnail","7":"category-cine","8":"tag-cine","9":"tag-editorial","10":"tag-entertainment","11":"tag-entretenimiento","12":"tag-es","13":"tag-espana","14":"tag-film","15":"tag-movies","16":"tag-spain"},"share_on_mastodon":{"url":"","error":""},"_links":{"self":[{"href":"https:\/\/www.europesays.com\/es\/wp-json\/wp\/v2\/posts\/134568","targetHints":{"allow":["GET"]}}],"collection":[{"href":"https:\/\/www.europesays.com\/es\/wp-json\/wp\/v2\/posts"}],"about":[{"href":"https:\/\/www.europesays.com\/es\/wp-json\/wp\/v2\/types\/post"}],"author":[{"embeddable":true,"href":"https:\/\/www.europesays.com\/es\/wp-json\/wp\/v2\/users\/2"}],"replies":[{"embeddable":true,"href":"https:\/\/www.europesays.com\/es\/wp-json\/wp\/v2\/comments?post=134568"}],"version-history":[{"count":0,"href":"https:\/\/www.europesays.com\/es\/wp-json\/wp\/v2\/posts\/134568\/revisions"}],"wp:featuredmedia":[{"embeddable":true,"href":"https:\/\/www.europesays.com\/es\/wp-json\/wp\/v2\/media\/134569"}],"wp:attachment":[{"href":"https:\/\/www.europesays.com\/es\/wp-json\/wp\/v2\/media?parent=134568"}],"wp:term":[{"taxonomy":"category","embeddable":true,"href":"https:\/\/www.europesays.com\/es\/wp-json\/wp\/v2\/categories?post=134568"},{"taxonomy":"post_tag","embeddable":true,"href":"https:\/\/www.europesays.com\/es\/wp-json\/wp\/v2\/tags?post=134568"}],"curies":[{"name":"wp","href":"https:\/\/api.w.org\/{rel}","templated":true}]}}