{"id":134581,"date":"2025-09-23T19:54:20","date_gmt":"2025-09-23T19:54:20","guid":{"rendered":"https:\/\/www.europesays.com\/es\/134581\/"},"modified":"2025-09-23T19:54:20","modified_gmt":"2025-09-23T19:54:20","slug":"la-moncloa-agenda-del-gobierno-gobierno-agenda-2","status":"publish","type":"post","link":"https:\/\/www.europesays.com\/es\/134581\/","title":{"rendered":"La Moncloa. Agenda del Gobierno [Gobierno\/Agenda]"},"content":{"rendered":"<p>\t\t\t\t\t\t\t\t&#13;<br \/>\n\t\t\t\t\t\t\t\t\t&#13;<\/p>\n<ul class=\"eventList personList\">&#13;<br \/>\n        &#13;<\/p>\n<li>&#13;\n<p>                    <img decoding=\"async\" title=\"22\/11\/2023. Pedro S\u00e1nchez. El presidente del Gobierno, Pedro S\u00e1nchez P\u00e9rez-Castej\u00f3n\" class=\"eventImage\" src=\"https:\/\/www.europesays.com\/es\/wp-content\/uploads\/2025\/09\/presidente_pedro_sanchez.png\" alt=\"22\/11\/2023. Pedro S\u00e1nchez. El presidente del Gobierno, Pedro S\u00e1nchez P\u00e9rez-Castej\u00f3n\"\/><br \/>\n                &#13;<\/p>\n<p>                    Pedro S\u00e1nchez                    <\/p>\n<p class=\"eventDescription cargo\">Presidente del Gobierno<\/p>\n<p>                &#13;<br \/>\n                &#13;<\/p>\n<ul class=\"eventList\">&#13;<br \/>\n                    &#13;<\/p>\n<li>&#13;<br \/>\n                            &#13;<\/p>\n<p class=\"eventPersonTitle\">Contin\u00faa viaje en EE.UU. para asistir al 80\u00ba per\u00edodo de sesiones de la Asamblea General de Naciones Unidas.<\/p>\n<p class=\"eventLocation\">Asisten la vicepresidenta tercera y ministra para la Transici\u00f3n Ecol\u00f3gica y el Reto Demogr\u00e1fico y el ministro de Asuntos Exteriores, Uni\u00f3n Europea y Cooperaci\u00f3n.<\/p>\n<p>                            &#13;\n                        <\/li>\n<p>&#13;<br \/>\n                    &#13;<\/p>\n<li>&#13;\n<p>15:00 h.<\/p>\n<p>&#13;<\/p>\n<p class=\"eventPersonTitle\">Asiste a la sesi\u00f3n de apertura del Debate General del 80\u00ba per\u00edodo de sesiones de la Asamblea General de Naciones Unidas, en Nueva York.<\/p>\n<p class=\"eventLocation\">09:00 hora local. <\/p>\n<p>Cobertura gr\u00e1fica en r\u00e9gimen de pool \/ Se\u00f1al institucional. <\/p>\n<p>Asisten la vicepresidenta tercera y ministra para la Transici\u00f3n Ecol\u00f3gica y el Reto Demogr\u00e1fico, y el ministro de Asuntos Exteriores, Uni\u00f3n Europea y Cooperaci\u00f3n.<\/p>\n<p>                            &#13;\n                        <\/li>\n<p>&#13;<br \/>\n                    &#13;<\/p>\n<li>&#13;<br \/>\n                            &#13;<\/p>\n<p class=\"eventPersonTitle\">Posteriormente (01:00 h.), interviene en el evento de la Alianza HeForShe, en la sede de Naciones Unidas, en Nueva York.<\/p>\n<p class=\"eventLocation\">19:00 hora local.<\/p>\n<p>Cobertura oficial \/ Se\u00f1al en directo.<\/p>\n<p>                            &#13;\n                        <\/li>\n<p>&#13;<br \/>\n                    &#13;\n                        <\/ul>\n<p>&#13;<br \/>\n                    &#13;\n            <\/li>\n<p>&#13;<br \/>\n\t    &#13;<\/p>\n<li>&#13;\n<p>                    <img decoding=\"async\" title=\"22\/11\/2023. Mar\u00eda Jes\u00fas Montero. La vicepresidenta primera y ministra de Hacienda, Mar\u00eda Jes\u00fas Montero.\" class=\"eventImage\" src=\"https:\/\/www.europesays.com\/es\/wp-content\/uploads\/2025\/09\/ministra_maria_jesus_montero.jpg\" alt=\"22\/11\/2023. Mar\u00eda Jes\u00fas Montero. La vicepresidenta primera y ministra de Hacienda, Mar\u00eda Jes\u00fas Montero.\"\/><br \/>\n                &#13;<\/p>\n<p>                    Mar\u00eda Jes\u00fas Montero                    <\/p>\n<p class=\"eventDescription cargo\">Vicepresidenta primera y ministra de Hacienda<\/p>\n<p>                &#13;<br \/>\n                &#13;<\/p>\n<ul class=\"eventList\">&#13;<br \/>\n                    &#13;<\/p>\n<li>&#13;\n<p>09:30 h.<\/p>\n<p>&#13;<\/p>\n<p class=\"eventPersonTitle\">Preside la reuni\u00f3n del Consejo de Ministros, que se celebra en el Complejo de la Moncloa.<\/p>\n<p>                            &#13;\n                        <\/li>\n<p>&#13;<br \/>\n                    &#13;<\/p>\n<li>&#13;\n<p>13:00 h.<\/p>\n<p>&#13;<\/p>\n<p class=\"eventPersonTitle\">Asiste al acto de conmemoraci\u00f3n del XCII aniversario de la Aprobaci\u00f3n del Sufragio Femenino en Espa\u00f1a, en el Congreso.<\/p>\n<p>Asiste el ministro de Cultura; la ministra de Sanidad; la ministra de Inclusi\u00f3n, Seguridad Social y Migraciones, y la ministra de Juventud e Infancia.<\/p>\n<p>                            &#13;\n                        <\/li>\n<p>&#13;<br \/>\n                    &#13;\n                        <\/ul>\n<p>&#13;<br \/>\n                    &#13;\n            <\/li>\n<p>&#13;<br \/>\n\t    &#13;<\/p>\n<li>&#13;\n<p>                    <img decoding=\"async\" title=\"22\/11\/2023. Yolanda D\u00edaz. La vicepresidenta segunda y Ministra de Trabajo y Econom\u00eda Social, Yolanda D\u00edaz.\" class=\"eventImage\" src=\"https:\/\/www.europesays.com\/es\/wp-content\/uploads\/2025\/09\/ministra_yolanda_diaz.jpg\" alt=\"22\/11\/2023. Yolanda D\u00edaz. La vicepresidenta segunda y Ministra de Trabajo y Econom\u00eda Social, Yolanda D\u00edaz.\"\/><br \/>\n                &#13;<\/p>\n<p>                    Yolanda D\u00edaz                    <\/p>\n<p class=\"eventDescription cargo\">Vicepresidenta segunda y ministra de Trabajo y Econom\u00eda Social<\/p>\n<p>                &#13;<br \/>\n                &#13;<\/p>\n<ul class=\"eventList\">&#13;<br \/>\n                    &#13;<\/p>\n<li>&#13;\n<p>13:30 h.<\/p>\n<p>&#13;<\/p>\n<p class=\"eventPersonTitle\">Interviene en la recepci\u00f3n con motivo del 76\u00ba aniversario de la Fundaci\u00f3n de la Rep\u00fablica Popular China, en la residencia del embajador de la Rep\u00fablica Popular China en Espa\u00f1a, en Madrid.<\/p>\n<p>                            &#13;\n                        <\/li>\n<p>&#13;<br \/>\n                    &#13;\n                        <\/ul>\n<p>&#13;<br \/>\n                    &#13;\n            <\/li>\n<p>&#13;<br \/>\n\t    &#13;<\/p>\n<li>&#13;\n<p>                    <img decoding=\"async\" title=\"La vicepresidenta tercera y ministra para la Transici\u00f3n Ecol\u00f3gica y el Reto Demogr\u00e1fico, Sara Aagesen Mu\u00f1oz.\" class=\"eventImage\" src=\"https:\/\/www.europesays.com\/es\/wp-content\/uploads\/2025\/09\/ministra-sara-aagesen.png\" alt=\"La vicepresidenta tercera y ministra para la Transici\u00f3n Ecol\u00f3gica y el Reto Demogr\u00e1fico, Sara Aagesen Mu\u00f1oz.\"\/><br \/>\n                &#13;<\/p>\n<p>                    Sara Aagesen                    <\/p>\n<p class=\"eventDescription cargo\">Vicepresidenta tercera y ministra para la Transici\u00f3n Ecol\u00f3gica y el Reto Demogr\u00e1fico<\/p>\n<p>                &#13;<br \/>\n                &#13;<\/p>\n<ul class=\"eventList\">&#13;<br \/>\n                    &#13;<\/p>\n<li>&#13;\n<p>18:00 h.<\/p>\n<p>&#13;<\/p>\n<p class=\"eventPersonTitle\">Mantiene una reuni\u00f3n bilateral con la ministra de Medio Ambiente de la Rep\u00fablica de Chile, Marisa Rojas, en la sede de la Misi\u00f3n Permanente de Chile ante las Naciones Unidas, en Nueva York.<\/p>\n<p>                            &#13;\n                        <\/li>\n<p>&#13;<br \/>\n                    &#13;<\/p>\n<li>&#13;\n<p>19:00 h.<\/p>\n<p>&#13;<\/p>\n<p class=\"eventPersonTitle\">Participa en la reuni\u00f3n ministerial informal de Medio Ambiente, organizada por el Gobierno de la Rep\u00fablica Federal de Alemania, en Nueva York.<\/p>\n<p>                            &#13;\n                        <\/li>\n<p>&#13;<br \/>\n                    &#13;<\/p>\n<li>&#13;\n<p>20:30 h.<\/p>\n<p>&#13;<\/p>\n<p class=\"eventPersonTitle\">Participa en la foto de familia del Acuerdo sobre la Conservaci\u00f3n y Uso Sostenible de la Biodiversidad Marina m\u00e1s all\u00e1 de las Jurisdicciones Nacionales (BBNJ), en la sede de Naciones Unidas, en Nueva York.<\/p>\n<p>                            &#13;\n                        <\/li>\n<p>&#13;<br \/>\n                    &#13;<\/p>\n<li>&#13;\n<p>20:45 h.<\/p>\n<p>&#13;<\/p>\n<p class=\"eventPersonTitle\">Interviene en el di\u00e1logo &#8216;Soluciones de Alto Nivel para la integridad en la informaci\u00f3n&#8217;, en la Biblioteca Dag Hammarskj\u00f6ld de las Naciones Unidas, en Nueva York.<\/p>\n<p>                            &#13;\n                        <\/li>\n<p>&#13;<br \/>\n                    &#13;<\/p>\n<li>&#13;\n<p>21:45 h.<\/p>\n<p>&#13;<\/p>\n<p class=\"eventPersonTitle\">Atiende a los medios de comunicaci\u00f3n, en la sede de Naciones Unidas, en Nueva York.<\/p>\n<p>                            &#13;\n                        <\/li>\n<p>&#13;<br \/>\n                    &#13;<\/p>\n<li>&#13;<br \/>\n                            &#13;<\/p>\n<p class=\"eventPersonTitle\">Posteriormente (01:00 h.), participa en la reuni\u00f3n ministerial de la Coalici\u00f3n de Alta Ambici\u00f3n para la Naturaleza y las Personas (HAC for N&amp;P), en la sede de Naciones Unidas, en Nueva York.<\/p>\n<p>                            &#13;\n                        <\/li>\n<p>&#13;<br \/>\n                    &#13;\n                        <\/ul>\n<p>&#13;<br \/>\n                    &#13;\n            <\/li>\n<p>&#13;<br \/>\n\t    &#13;<\/p>\n<li>&#13;\n<p>                    <img decoding=\"async\" title=\"26\/08\/2025. Jos\u00e9 Manuel Albares Bueno. El ministro de Asuntos Exteriores, Uni\u00f3n Europea y Cooperaci\u00f3n, Jos\u00e9 Manuel Albares Bueno.\" class=\"eventImage\" src=\"https:\/\/www.europesays.com\/es\/wp-content\/uploads\/2025\/09\/ministro_jose_manuel_albares.jpg\" alt=\"26\/08\/2025. Jos\u00e9 Manuel Albares Bueno. El ministro de Asuntos Exteriores, Uni\u00f3n Europea y Cooperaci\u00f3n, Jos\u00e9 Manuel Albares Bueno.\"\/><br \/>\n                &#13;<\/p>\n<p>                    Jos\u00e9 Manuel Albares                    <\/p>\n<p class=\"eventDescription cargo\">Ministro de Asuntos Exteriores, Uni\u00f3n Europea y Cooperaci\u00f3n<\/p>\n<p>                &#13;<br \/>\n                &#13;<\/p>\n<ul class=\"eventList\">&#13;<br \/>\n                    &#13;<\/p>\n<li>&#13;\n<p>14:00 h.<\/p>\n<p>&#13;<\/p>\n<p class=\"eventPersonTitle\">Es entrevistado en el programa &#8216;Al Rojo Vivo&#8217;, de La Sexta.<\/p>\n<p>                            &#13;\n                        <\/li>\n<p>&#13;<br \/>\n                    &#13;<\/p>\n<li>&#13;\n<p>14:20 h.<\/p>\n<p>&#13;<\/p>\n<p class=\"eventPersonTitle\">Es entrevistado en la CNBC.<\/p>\n<p>                            &#13;\n                        <\/li>\n<p>&#13;<br \/>\n                    &#13;<\/p>\n<li>&#13;\n<p>21:45 h.<\/p>\n<p>&#13;<\/p>\n<p class=\"eventPersonTitle\">Interviene en el Acto del Atlantic Council, en Nueva York.<\/p>\n<p>                            &#13;\n                        <\/li>\n<p>&#13;<br \/>\n                    &#13;<\/p>\n<li>&#13;\n<p>22:30 h.<\/p>\n<p>&#13;<\/p>\n<p class=\"eventPersonTitle\">Es entrevistado en el programa &#8216;Hora 25&#8217;, de la Cadena SER.<\/p>\n<p>                            &#13;\n                        <\/li>\n<p>&#13;<br \/>\n                    &#13;\n                        <\/ul>\n<p>&#13;<br \/>\n                    &#13;\n            <\/li>\n<p>&#13;<br \/>\n\t    &#13;<\/p>\n<li>&#13;\n<p>                    <img decoding=\"async\" title=\"22\/11\/2023. F\u00e9lix Bola\u00f1os. El ministro de la Presidencia, Justicia y Relaciones con las Cortes, F\u00e9lix Bola\u00f1os.\" class=\"eventImage\" src=\"https:\/\/www.europesays.com\/es\/wp-content\/uploads\/2025\/09\/ministro_felix_bolanos.jpg\" alt=\"22\/11\/2023. F\u00e9lix Bola\u00f1os. El ministro de la Presidencia, Justicia y Relaciones con las Cortes, F\u00e9lix Bola\u00f1os.\"\/><br \/>\n                &#13;<\/p>\n<p>                    F\u00e9lix Bola\u00f1os                    <\/p>\n<p class=\"eventDescription cargo\">Ministro de la Presidencia, Justicia y Relaciones con las Cortes<\/p>\n<p>                &#13;<br \/>\n                &#13;<\/p>\n<ul class=\"eventList\">&#13;<br \/>\n                    &#13;<\/p>\n<li>&#13;\n<p>19:00 h.<\/p>\n<p>&#13;<\/p>\n<p class=\"eventPersonTitle\">Asiste al Pleno del Congreso.<\/p>\n<p>                            &#13;\n                        <\/li>\n<p>&#13;<br \/>\n                    &#13;\n                        <\/ul>\n<p>&#13;<br \/>\n                    &#13;\n            <\/li>\n<p>&#13;<br \/>\n\t    &#13;<\/p>\n<li>&#13;\n<p>                    <img decoding=\"async\" title=\"22\/11\/2023. Margarita Robles Fern\u00e1ndez. La ministra de Defensa, Margarita Robles Fern\u00e1ndez.\" class=\"eventImage\" src=\"https:\/\/www.europesays.com\/es\/wp-content\/uploads\/2025\/09\/ministra_margarita_robles.jpg\" alt=\"22\/11\/2023. Margarita Robles Fern\u00e1ndez. La ministra de Defensa, Margarita Robles Fern\u00e1ndez.\"\/><br \/>\n                &#13;<\/p>\n<p>                    Margarita Robles                     <\/p>\n<p class=\"eventDescription cargo\">Ministra de Defensa<\/p>\n<p>                &#13;<br \/>\n                &#13;<\/p>\n<ul class=\"eventList\">&#13;<br \/>\n                    &#13;<\/p>\n<li>&#13;\n<p>12:00 h.<\/p>\n<p>&#13;<\/p>\n<p class=\"eventPersonTitle\">Mantiene una reuni\u00f3n con el Jefe de Estado Mayor del Ej\u00e9rcito de Tierra, general del Ej\u00e9rcito Amador Ense\u00f1at, en la sede del Ministerio.<\/p>\n<p>                            &#13;\n                        <\/li>\n<p>&#13;<br \/>\n                    &#13;\n                        <\/ul>\n<p>&#13;<br \/>\n                    &#13;\n            <\/li>\n<p>&#13;<br \/>\n\t    &#13;<\/p>\n<li>&#13;\n<p>                    <img decoding=\"async\" title=\"22\/11\/2023. \u00d3scar Puente. El ministro de Transportes y Movilidad Sostenible, \u00d3scar Puente.\" class=\"eventImage\" src=\"https:\/\/www.europesays.com\/es\/wp-content\/uploads\/2025\/09\/ministro_oscar_puente.jpg\" alt=\"22\/11\/2023. \u00d3scar Puente. El ministro de Transportes y Movilidad Sostenible, \u00d3scar Puente.\"\/><br \/>\n                &#13;<\/p>\n<p>                    \u00d3scar Puente                     <\/p>\n<p class=\"eventDescription cargo\">Ministro de Transportes y Movilidad Sostenible <\/p>\n<p>                &#13;<br \/>\n                &#13;<\/p>\n<ul class=\"eventList\">&#13;<br \/>\n                    &#13;<\/p>\n<li>&#13;<br \/>\n                            &#13;<\/p>\n<p class=\"eventPersonTitle\">Contin\u00faa viaje en Canad\u00e1.<\/p>\n<p>                            &#13;\n                        <\/li>\n<p>&#13;<br \/>\n                    &#13;<\/p>\n<li>&#13;\n<p>18:00 h.<\/p>\n<p>&#13;<\/p>\n<p class=\"eventPersonTitle\">Asiste a la entrega del &#8216;Premio Edward Warner&#8217; a la Federaci\u00f3n de V\u00edctimas de Accidentes A\u00e9reos y sus Familias (FIVAAF), en Montreal.<\/p>\n<p>                            &#13;\n                        <\/li>\n<p>&#13;<br \/>\n                    &#13;<\/p>\n<li>&#13;\n<p>20:00 h.<\/p>\n<p>&#13;<\/p>\n<p class=\"eventPersonTitle\">Interviene en la sesi\u00f3n plenaria de la Organizaci\u00f3n de Aviaci\u00f3n Civil Internacional (OACI), en Montreal. <\/p>\n<p>                            &#13;\n                        <\/li>\n<p>&#13;<br \/>\n                    &#13;<\/p>\n<li>&#13;\n<p>21:30 h.<\/p>\n<p>&#13;<\/p>\n<p class=\"eventPersonTitle\">Mantiene una reuni\u00f3n bilateral con el ministro de Transportes de Canad\u00e1, Steven MacKinnon, en Montreal. <\/p>\n<p>                            &#13;\n                        <\/li>\n<p>&#13;<br \/>\n                    &#13;\n                        <\/ul>\n<p>&#13;<br \/>\n                    &#13;\n            <\/li>\n<p>&#13;<br \/>\n\t    &#13;<\/p>\n<li>&#13;\n<p>                    <img decoding=\"async\" title=\"22\/11\/2023. Jordi Hereu Boher. El ministro de Industria y Turismo, Jordi Hereu Boher.\" class=\"eventImage\" src=\"https:\/\/www.europesays.com\/es\/wp-content\/uploads\/2025\/09\/ministro_jordi_hereu.jpg\" alt=\"22\/11\/2023. Jordi Hereu Boher. El ministro de Industria y Turismo, Jordi Hereu Boher.\"\/><br \/>\n                &#13;<\/p>\n<p>                    Jordi Hereu                    <\/p>\n<p class=\"eventDescription cargo\">Ministro de Industria y Turismo<\/p>\n<p>                &#13;<br \/>\n                &#13;<\/p>\n<ul class=\"eventList\">&#13;<br \/>\n                    &#13;<\/p>\n<li>&#13;\n<p>14:00 h.<\/p>\n<p>&#13;<\/p>\n<p class=\"eventPersonTitle\">Mantiene un encuentro con la secretaria de Estado de Turismo de M\u00e9xico, Josefina Rodr\u00edguez Mor, en la sede del Ministerio.<\/p>\n<p>                            &#13;\n                        <\/li>\n<p>&#13;<br \/>\n                    &#13;<\/p>\n<li>&#13;\n<p>16:30 h.<\/p>\n<p>&#13;<\/p>\n<p class=\"eventPersonTitle\">Mantiene una reuni\u00f3n con el presidente y CEO de Siemens Espa\u00f1a, Fernando Silva, en la sede del Ministerio.<\/p>\n<p>                            &#13;\n                        <\/li>\n<p>&#13;<br \/>\n                    &#13;\n                        <\/ul>\n<p>&#13;<br \/>\n                    &#13;\n            <\/li>\n<p>&#13;<br \/>\n\t    &#13;<\/p>\n<li>&#13;\n<p>                    <img decoding=\"async\" title=\"22\/11\/2023. Luis Planas. El ministro de Agricultura, Pesca y Alimentaci\u00f3n, Luis Planas.\" class=\"eventImage\" src=\"https:\/\/www.europesays.com\/es\/wp-content\/uploads\/2025\/09\/ministro_luis_planas.jpg\" alt=\"22\/11\/2023. Luis Planas. El ministro de Agricultura, Pesca y Alimentaci\u00f3n, Luis Planas.\"\/><br \/>\n                &#13;<\/p>\n<p>                    Luis Planas                    <\/p>\n<p class=\"eventDescription cargo\">Ministro de Agricultura, Pesca y Alimentaci\u00f3n<\/p>\n<p>                &#13;<br \/>\n                &#13;<\/p>\n<ul class=\"eventList\">&#13;<br \/>\n                    &#13;<\/p>\n<li>&#13;\n<p>09:00 h.<\/p>\n<p>&#13;<\/p>\n<p class=\"eventPersonTitle\">Participa en el Consejo de Ministros de Agricultura y Pesca de la Uni\u00f3n Europea, en Bruselas.<\/p>\n<p>                            &#13;\n                        <\/li>\n<p>&#13;<br \/>\n                    &#13;<\/p>\n<li>&#13;\n<p>11:00 h.<\/p>\n<p>&#13;<\/p>\n<p class=\"eventPersonTitle\">Mantiene un encuentro bilateral con la ministra de Agricultura, Soberan\u00eda Alimentaria y Bosques de la Rep\u00fablica Francesa, Annie Genevard, en Bruselas.<\/p>\n<p>                            &#13;\n                        <\/li>\n<p>&#13;<br \/>\n                    &#13;\n                        <\/ul>\n<p>&#13;<br \/>\n                    &#13;\n            <\/li>\n<p>&#13;<br \/>\n\t    &#13;<\/p>\n<li>&#13;\n<p>                    <img decoding=\"async\" title=\"22\/11\/2023. \u00c1ngel V\u00edctor Torres P\u00e9rez. El ministro de Pol\u00edtica Territorial y Memoria Democr\u00e1tica, \u00c1ngel V\u00edctor Torres P\u00e9rez.\" class=\"eventImage\" src=\"https:\/\/www.europesays.com\/es\/wp-content\/uploads\/2025\/09\/ministro_angel_victor_torres.jpg\" alt=\"22\/11\/2023. \u00c1ngel V\u00edctor Torres P\u00e9rez. El ministro de Pol\u00edtica Territorial y Memoria Democr\u00e1tica, \u00c1ngel V\u00edctor Torres P\u00e9rez.\"\/><br \/>\n                &#13;<\/p>\n<p>                    \u00c1ngel V\u00edctor Torres                     <\/p>\n<p class=\"eventDescription cargo\">Ministro de Pol\u00edtica Territorial y Memoria Democr\u00e1tica<\/p>\n<p>                &#13;<br \/>\n                &#13;<\/p>\n<ul class=\"eventList\">&#13;<br \/>\n                    &#13;<\/p>\n<li>&#13;\n<p>11:30 h.<\/p>\n<p>&#13;<\/p>\n<p class=\"eventPersonTitle\">Acompa\u00f1a a S.M. la Reina en la visita al Centro de Investigaci\u00f3n del C\u00e1ncer (CIC) de Salamanca e interviene en el acto central del D\u00eda Mundial de la Investigaci\u00f3n en C\u00e1ncer, en la Universidad de Salamanca.<\/p>\n<p>                            &#13;\n                        <\/li>\n<p>&#13;<br \/>\n                    &#13;\n                        <\/ul>\n<p>&#13;<br \/>\n                    &#13;\n            <\/li>\n<p>&#13;<br \/>\n\t    &#13;<\/p>\n<li>&#13;\n<p>                    <img decoding=\"async\" title=\"22\/11\/2023. Ernest Urtasun Dom\u00e8nech. El ministro de Cultura, Ernest Urtasun Dom\u00e8nech.\" class=\"eventImage\" src=\"https:\/\/www.europesays.com\/es\/wp-content\/uploads\/2025\/09\/ministro_ernest_urtasun.jpg\" alt=\"22\/11\/2023. Ernest Urtasun Dom\u00e8nech. El ministro de Cultura, Ernest Urtasun Dom\u00e8nech.\"\/><br \/>\n                &#13;<\/p>\n<p>                    Ernest Urtasun                    <\/p>\n<p class=\"eventDescription cargo\">Ministro de Cultura<\/p>\n<p>                &#13;<br \/>\n                &#13;<\/p>\n<ul class=\"eventList\">&#13;<br \/>\n                    &#13;<\/p>\n<li>&#13;\n<p>12:00 h.<\/p>\n<p>&#13;<\/p>\n<p class=\"eventPersonTitle\">Participa, junto a la directora Ejecutiva de UNRWA Espa\u00f1a, Raquel Mart\u00ed,\u00a0y el director art\u00edstico del Museo Nacional Thyssen-Bornemisza, Guillermo Solana, en la rueda de prensa de presentaci\u00f3n de la exposici\u00f3n &#8216;Gaza a trav\u00e9s\u00a0de sus ojos&#8217;, que recoge el trabajo de fotoperiodistas palestinos de UNRWA, en el Museo Nacional Thyssen-Bornemisza, en Madrid. <\/p>\n<p>                            &#13;\n                        <\/li>\n<p>&#13;<br \/>\n                    &#13;<\/p>\n<li>&#13;\n<p>20:00 h.<\/p>\n<p>&#13;<\/p>\n<p class=\"eventPersonTitle\">Asiste a la inauguraci\u00f3n de la exposici\u00f3n &#8216;Gaza a trav\u00e9s de sus ojos&#8217;, que recoge el trabajo de fotoperiodistas palestinos de UNRWA, en el Museo Nacional Thyssen-Bornemisza, en Madrid.<\/p>\n<p>Asiste el ministro para la Transformaci\u00f3n Digital y de la Funci\u00f3n P\u00fablica y la ministra de Juventud e Infancia.<\/p>\n<p>                            &#13;\n                        <\/li>\n<p>&#13;<br \/>\n                    &#13;\n                        <\/ul>\n<p>&#13;<br \/>\n                    &#13;\n            <\/li>\n<p>&#13;<br \/>\n\t    &#13;<\/p>\n<li>&#13;\n<p>                    <img decoding=\"async\" title=\"22\/11\/2023. Diana Morant. La ministra de Ciencia, Innovaci\u00f3n y Universidades, Diana Morant.\" class=\"eventImage\" src=\"https:\/\/www.europesays.com\/es\/wp-content\/uploads\/2025\/09\/ministra_diana_morant.jpg\" alt=\"22\/11\/2023. Diana Morant. La ministra de Ciencia, Innovaci\u00f3n y Universidades, Diana Morant.\"\/><br \/>\n                &#13;<\/p>\n<p>                    Diana Morant                    <\/p>\n<p class=\"eventDescription cargo\">Ministra de Ciencia, Innovaci\u00f3n y Universidades<\/p>\n<p>                &#13;<br \/>\n                &#13;<\/p>\n<ul class=\"eventList\">&#13;<br \/>\n                    &#13;<\/p>\n<li>&#13;\n<p>16:00 h.<\/p>\n<p>&#13;<\/p>\n<p class=\"eventPersonTitle\">Mantiene una reuni\u00f3n con el director ejecutivo del TIO (TMT International Observatory), Robert P. Kirshner, en la sede del Ministerio.<\/p>\n<p>Cobertura oficial. <\/p>\n<p>Asiste el ministro de Pol\u00edtica Territorial y Memoria Democr\u00e1tica.<\/p>\n<p>                            &#13;\n                        <\/li>\n<p>&#13;<br \/>\n                    &#13;\n                        <\/ul>\n<p>&#13;<br \/>\n                    &#13;\n            <\/li>\n<p>&#13;<br \/>\n\t    &#13;<\/p>\n<li>&#13;\n<p>                    <img decoding=\"async\" title=\"22\/11\/2023. Elma Saiz. La ministra de Inclusi\u00f3n, Seguridad Social y Migraciones, Elma Saiz.\" class=\"eventImage\" src=\"https:\/\/www.europesays.com\/es\/wp-content\/uploads\/2025\/09\/ministra_elma_saiz.jpg\" alt=\"22\/11\/2023. Elma Saiz. La ministra de Inclusi\u00f3n, Seguridad Social y Migraciones, Elma Saiz.\"\/><br \/>\n                &#13;<\/p>\n<p>                    Elma Saiz                    <\/p>\n<p class=\"eventDescription cargo\">Ministra de Inclusi\u00f3n, Seguridad Social y Migraciones <\/p>\n<p>                &#13;<br \/>\n                &#13;<\/p>\n<ul class=\"eventList\">&#13;<br \/>\n                    &#13;<\/p>\n<li>&#13;\n<p>22:00 h.<\/p>\n<p>&#13;<\/p>\n<p class=\"eventPersonTitle\">Es entrevistada en el programa &#8216;Catalunya Nit&#8217;, de Catalunya R\u00e0dio.<\/p>\n<p>                            &#13;\n                        <\/li>\n<p>&#13;<br \/>\n                    &#13;\n                        <\/ul>\n<p>&#13;<br \/>\n                    &#13;\n            <\/li>\n<p>&#13;<br \/>\n\t    &#13;<\/p>\n<li>&#13;\n<p>                    <img decoding=\"async\" title=\"6\/09\/2024. \u00d3scar L\u00f3pez. El ministro para la Transformaci\u00f3n Digital y de la Funci\u00f3n P\u00fablica, \u00d3scar L\u00f3pez\" class=\"eventImage\" src=\"https:\/\/www.europesays.com\/es\/wp-content\/uploads\/2025\/09\/ministro-oscar-lopez.png\" alt=\"6\/09\/2024. \u00d3scar L\u00f3pez. El ministro para la Transformaci\u00f3n Digital y de la Funci\u00f3n P\u00fablica, \u00d3scar L\u00f3pez\"\/><br \/>\n                &#13;<\/p>\n<p>                    \u00d3scar L\u00f3pez                    <\/p>\n<p class=\"eventDescription cargo\">Ministro para la Transformaci\u00f3n Digital y de la Funci\u00f3n P\u00fablica<\/p>\n<p>                &#13;<br \/>\n                &#13;<\/p>\n<ul class=\"eventList\">&#13;<br \/>\n                    &#13;<\/p>\n<li>&#13;\n<p>19:00 h.<\/p>\n<p>&#13;<\/p>\n<p class=\"eventPersonTitle\">Es entrevistado en el programa &#8216;La Ventana de Madrid&#8217;, de Radio Madrid Cadena SER.<\/p>\n<p>                            &#13;\n                        <\/li>\n<p>&#13;<br \/>\n                    &#13;\n                        <\/ul>\n<p>&#13;<br \/>\n                    &#13;\n            <\/li>\n<p>&#13;<br \/>\n\t    &#13;\n            <\/ul>\n<p>\t\t\t\t\t\t\t\t\t &#13;<br \/>\n\t\t\t\t\t\t\t\t\t&#13;<\/p>\n<p id=\"ctl00_CookieInfo_pCookieText\">Este sitio web utiliza cookies propias y de terceros para mantener la sesi\u00f3n, ofrecerle una mejor experiencia de usuario y obtener datos estad\u00edsticos de navegaci\u00f3n de los usuarios. Para m\u00e1s informaci\u00f3n vea la <a title=\"Pol\u00edtica de cookies\" target=\"_self\" href=\"https:\/\/www.lamoncloa.gob.es\/Paginas\/politica-de-cookies.aspx\" rel=\"nofollow noopener\">Pol\u00edtica de cookies<\/a><\/p>\n<p>    Aceptar<br \/>\n    Rechazar<\/p>\n","protected":false},"excerpt":{"rendered":"&#13; &#13; &#13; &#13; &#13; &#13; Pedro S\u00e1nchez Presidente del Gobierno &#13; &#13; &#13; &#13; &#13; &#13; Contin\u00faa&hellip;\n","protected":false},"author":2,"featured_media":46302,"comment_status":"","ping_status":"","sticky":false,"template":"","format":"standard","meta":{"footnotes":""},"categories":[5],"tags":[17,18,25,24,13,14,11,19,20,9,10,15,16,23,12,21,22],"class_list":{"0":"post-134581","1":"post","2":"type-post","3":"status-publish","4":"format-standard","5":"has-post-thumbnail","7":"category-titulares","8":"tag-breaking-news","9":"tag-breakingnews","10":"tag-es","11":"tag-espana","12":"tag-featured-news","13":"tag-featurednews","14":"tag-headlines","15":"tag-latest-news","16":"tag-latestnews","17":"tag-news","18":"tag-noticias","19":"tag-noticias-destacadas","20":"tag-noticiasdestacadas","21":"tag-spain","22":"tag-titulares","23":"tag-ultimas-noticias","24":"tag-ultimasnoticias"},"share_on_mastodon":{"url":"","error":""},"_links":{"self":[{"href":"https:\/\/www.europesays.com\/es\/wp-json\/wp\/v2\/posts\/134581","targetHints":{"allow":["GET"]}}],"collection":[{"href":"https:\/\/www.europesays.com\/es\/wp-json\/wp\/v2\/posts"}],"about":[{"href":"https:\/\/www.europesays.com\/es\/wp-json\/wp\/v2\/types\/post"}],"author":[{"embeddable":true,"href":"https:\/\/www.europesays.com\/es\/wp-json\/wp\/v2\/users\/2"}],"replies":[{"embeddable":true,"href":"https:\/\/www.europesays.com\/es\/wp-json\/wp\/v2\/comments?post=134581"}],"version-history":[{"count":0,"href":"https:\/\/www.europesays.com\/es\/wp-json\/wp\/v2\/posts\/134581\/revisions"}],"wp:featuredmedia":[{"embeddable":true,"href":"https:\/\/www.europesays.com\/es\/wp-json\/wp\/v2\/media\/46302"}],"wp:attachment":[{"href":"https:\/\/www.europesays.com\/es\/wp-json\/wp\/v2\/media?parent=134581"}],"wp:term":[{"taxonomy":"category","embeddable":true,"href":"https:\/\/www.europesays.com\/es\/wp-json\/wp\/v2\/categories?post=134581"},{"taxonomy":"post_tag","embeddable":true,"href":"https:\/\/www.europesays.com\/es\/wp-json\/wp\/v2\/tags?post=134581"}],"curies":[{"name":"wp","href":"https:\/\/api.w.org\/{rel}","templated":true}]}}