{"id":134590,"date":"2025-09-23T20:02:05","date_gmt":"2025-09-23T20:02:05","guid":{"rendered":"https:\/\/www.europesays.com\/es\/134590\/"},"modified":"2025-09-23T20:02:05","modified_gmt":"2025-09-23T20:02:05","slug":"ricky-rubio-ya-piensa-en-su-vuelta-a-granada-es-un-sitio-especial-para-mi","status":"publish","type":"post","link":"https:\/\/www.europesays.com\/es\/134590\/","title":{"rendered":"Ricky Rubio ya piensa en su vuelta a Granada: \u00abEs un sitio especial para m\u00ed\u00bb"},"content":{"rendered":"<p>\u00abParece que la Liga ha puesto a prop\u00f3sito a Granada en la primera jornada&#8230; Hay que coger el reloj del tiempo y volver a  &#8230; entonces, aunque ahora voy con m\u00e1s experiencia. Es un sitio especial para m\u00ed por lo que supuso. Estoy feliz por ir a donde debut\u00e9\u00bb, asever\u00f3 Ricky Rubio, de la Penya Joventut, sobre su vuelta al Palacio de Deportes 30 a\u00f1os despu\u00e9s de su primer partido como profesional.<\/p>\n<p class=\"v-p\">Sobre sus sensaciones al reencontrarse con los aficionados del baloncesto, el base asegur\u00f3 haber recibido una buena bienvenida \u00aball\u00e1 donde he ido\u00bb a jugar con la Penya desde que volv\u00ed, \u00abpero todo puede pasar de aqu\u00ed en adelante. Sea lo que sea, lo aceptar\u00e9. He aprendido en fijarme en el presente, ya veremos c\u00f3mo evoluciona la temporada. S\u00ed que espero que la gente pueda disfrutar de este deporte m\u00e1s all\u00e1 de la rivalidad\u00bb, a\u00f1adi\u00f3.<\/p>\n<p class=\"v-p\">\u00abEl ni\u00f1o que fue a Granada tiene mucho que decirle al Ricky de ahora con 34 a\u00f1os, pero al de los 14 le dir\u00eda que el perfeccionismo no existe. Que disfrute del d\u00eda a d\u00eda y acepte lo que tiene y lo valore, pero sin conformarse. Es algo humano y nos hace m\u00e1s fuertes. Esa es la principal lecci\u00f3n de vida que aprend\u00ed en estos a\u00f1os\u00bb, cerr\u00f3.<\/p>\n","protected":false},"excerpt":{"rendered":"\u00abParece que la Liga ha puesto a prop\u00f3sito a Granada en la primera jornada&#8230; Hay que coger el&hellip;\n","protected":false},"author":2,"featured_media":134591,"comment_status":"","ping_status":"","sticky":false,"template":"","format":"standard","meta":{"footnotes":""},"categories":[269],"tags":[299,298,168,25,24,12608,494,12164,15723,14346,982,23,167,1357],"class_list":{"0":"post-134590","1":"post","2":"type-post","3":"status-publish","4":"format-standard","5":"has-post-thumbnail","7":"category-baloncesto","8":"tag-baloncesto","9":"tag-basketball","10":"tag-deportes","11":"tag-es","12":"tag-espana","13":"tag-especial","14":"tag-granada","15":"tag-piensa","16":"tag-ricky","17":"tag-rubio","18":"tag-sitio","19":"tag-spain","20":"tag-sports","21":"tag-vuelta"},"share_on_mastodon":{"url":"","error":""},"_links":{"self":[{"href":"https:\/\/www.europesays.com\/es\/wp-json\/wp\/v2\/posts\/134590","targetHints":{"allow":["GET"]}}],"collection":[{"href":"https:\/\/www.europesays.com\/es\/wp-json\/wp\/v2\/posts"}],"about":[{"href":"https:\/\/www.europesays.com\/es\/wp-json\/wp\/v2\/types\/post"}],"author":[{"embeddable":true,"href":"https:\/\/www.europesays.com\/es\/wp-json\/wp\/v2\/users\/2"}],"replies":[{"embeddable":true,"href":"https:\/\/www.europesays.com\/es\/wp-json\/wp\/v2\/comments?post=134590"}],"version-history":[{"count":0,"href":"https:\/\/www.europesays.com\/es\/wp-json\/wp\/v2\/posts\/134590\/revisions"}],"wp:featuredmedia":[{"embeddable":true,"href":"https:\/\/www.europesays.com\/es\/wp-json\/wp\/v2\/media\/134591"}],"wp:attachment":[{"href":"https:\/\/www.europesays.com\/es\/wp-json\/wp\/v2\/media?parent=134590"}],"wp:term":[{"taxonomy":"category","embeddable":true,"href":"https:\/\/www.europesays.com\/es\/wp-json\/wp\/v2\/categories?post=134590"},{"taxonomy":"post_tag","embeddable":true,"href":"https:\/\/www.europesays.com\/es\/wp-json\/wp\/v2\/tags?post=134590"}],"curies":[{"name":"wp","href":"https:\/\/api.w.org\/{rel}","templated":true}]}}