{"id":134598,"date":"2025-09-23T20:07:07","date_gmt":"2025-09-23T20:07:07","guid":{"rendered":"https:\/\/www.europesays.com\/es\/134598\/"},"modified":"2025-09-23T20:07:07","modified_gmt":"2025-09-23T20:07:07","slug":"avance-de-la-promesa-capitulo-682-de-este-miercoles-24-de-septiembre-angela-se-niega-a-casarse-con-lorenzo-el-mundo","status":"publish","type":"post","link":"https:\/\/www.europesays.com\/es\/134598\/","title":{"rendered":"Avance de &#039;La Promesa&#039;, cap\u00edtulo 682 de este mi\u00e9rcoles 24 de septiembre: \u00c1ngela se niega a casarse con Lorenzo &#8211; El Mundo"},"content":{"rendered":"<ol>\n<li><a href=\"https:\/\/news.google.com\/rss\/articles\/CBMiiAFBVV95cUxQSzJDdTV3NEo1dGdwV2hkNnBwdEZhYnhTTEpkQ2xsclFmVFN0RGlCRVlPeGJkblNseVU4a09mdjFRS005RlY2MVRsSXhaMDM3eU90M3JsZFY4b3doNG9MTnBFYV9XYTcxR19OWFZac3Bwenh0dldBXzFnYTl2ZUVla0VSajFMWktl0gGIAUFVX3lxTE5EYWpUbkZzY2RfdmlramFsWUZOSk5CZk0xLXo5c3ZjZUhkWm9yVkNLRml3REpfNXNvalJ6MDU2SG5zYUtucW1tZzFJYlZDSFdYTzRGN3BCOFF6TXdZLXItSmdKR3I0ZTlkSV9CM0JHc2NVQk1nNnR4TFV1ajJkU1NGcmxUQWt3YTg?oc=5\" target=\"_blank\" rel=\"nofollow noopener\">Avance de &#8216;La Promesa&#8217;, cap\u00edtulo 682 de este mi\u00e9rcoles 24 de septiembre: \u00c1ngela se niega a casarse con Lorenzo<\/a>&nbsp;&nbsp;El Mundo<\/li>\n<li><a href=\"https:\/\/news.google.com\/rss\/articles\/CBMiiAFBVV95cUxQbEdPazBGZlg0b0xGeWtMbVN3V21VQnA5ZWF0OVozN1BFZ0VpU1ZqOUVDdnh6UHN5VlpTQWctMWhfZU5ibExxUnVqcE55MUw4cERLN1FYdk00MDZ5eFZUODkwZ1Nlc2gydFFNeVpuNWYzT3ZYbHdjTXI5ZDBDTXNuOXFUdVFkalhV0gGIAUFVX3lxTE5mOUkyVzlLajdEbEd2V2xoaVJueGNYc2MxS2R4SXpVRmZmazVlOEdrVXlFbk80SDJqWUM5WnVtR2tWczgzMUYydENQSGJSTXQ5V2ZJbUpNeEZaSmFYWk9zXzV6RVJjbUpIMDVPYUh6Um5MY0JZa2NrbE5MM3VyWHRBb2trSkRLWEI?oc=5\" target=\"_blank\" rel=\"nofollow noopener\">&#8216;La Promesa&#8217;, avance del cap\u00edtulo 681 hoy martes 23 de septiembre: Adriano recibe una carta de Catalina tras su desaparici\u00f3n<\/a>&nbsp;&nbsp;El Mundo<\/li>\n<li><a href=\"https:\/\/news.google.com\/rss\/articles\/CBMisAFBVV95cUxNNjBqMEpJRDFxbnUtclhWbGtvUWRaN3d5MjZsR1h6NUY4c2NBaUZueG5mb3A1QUl3TGtNdy1xMTBqY1ZuM2tRTVJvQndBeTBaUGtZZnhZTFgycDdwbTZ6X09TTE1FaHdXS2g1ODl2U1NfTzY3c2pQaHFMRjhobE9OSWlIY1I3cF9ac3NKZVExUEpFanBQRThLVjhuakp6aWZVREJqUGZKSlkwakRCQllEMw?oc=5\" target=\"_blank\" rel=\"nofollow noopener\">&#8216;La Promesa&#8217; avanza una desaparici\u00f3n y planes de boicot para esta semana en RTVE<\/a>&nbsp;&nbsp;elDiario.es<\/li>\n<li><a href=\"https:\/\/news.google.com\/rss\/articles\/CBMibkFVX3lxTFBaRnBCdlFHa1BhRi1fNW9kclJSa1Z0QUlKRmNpTms3LXhUT25ZQUNnd3JiTXZiYkp4d3NQRWR3dUhaYl9mZm5fcXA3X2FnQXJGazh5aEQ3ZkFRSklRYU1vT2JwQzlSdWtrWU9meWh30gFzQVVfeXFMTXl5cF9JLUdQaHVLcGMwMy1RQTU2U3Q0SlRiVWRROEtmUk9JNzdFYllrUTUyekZ4TTRMM1JFM0c0SENwUnluUENneTRYMS1VZUF4UXAwOWZ3NTVmWDNnR1RiTjFwNVphdGwtU19idFQwbHJsdw?oc=5\" target=\"_blank\" rel=\"nofollow noopener\">&#8216;La Promesa&#8217;: una misteriosa desaparici\u00f3n pondr\u00e1 en jaque a los habitantes del palacio<\/a>&nbsp;&nbsp;SensaCine<\/li>\n<li><a href=\"https:\/\/news.google.com\/rss\/articles\/CBMiqwFBVV95cUxON3Z0a2o0c0JNb2VQY2dTRHJLaVB4OWRkVE5jTnNlLTRwNzBXYWo1cFJLMjFDZmNqdTJ5aURsNTdhdHdobnZwdlM3NFNqTG9uWEpLaXU1OXhMNnZXM3M3U1BscXk5cnFIUVRWQWNXNlF0TTBaWS1HMk5VQml2VWpyWDZPZGd0NGR2NE9LdnVwbHpQMlBaNy1Walp1bGlGLUpoMUdpS29xRUJxUGPSAbABQVVfeXFMTU9yR3RFVm1Scml1LTFnRzFCRU9LSWlhN0FyU2NrR1FQTXlJUk8tUGlzTEJqNm5iRG1LN0NyRGd5SkZyUVE5cDFBQks0UXVvT3J4N1ZjbGlRZHZaT3JrcGlKNDhwVzVRQ0FYamtqeEFrSm5fX0hDNDZkSW1lYWc4X3ZWR1JkZGhGR1dwVXFnUGdOWUwzRDRWdkVacGliRjdiY0J2dzhxRWExTXg4cWFIQXc?oc=5\" target=\"_blank\" rel=\"nofollow noopener\">Avance del cap\u00edtulo de &#8216;La Promesa&#8217; de este mi\u00e9rcoles, 24 de septiembre: Petra le conf\u00eda a Mar\u00eda Fern\u00e1ndez su secreto<\/a>&nbsp;&nbsp;El Confidencial<\/li>\n<\/ol>\n","protected":false},"excerpt":{"rendered":"Avance de &#8216;La Promesa&#8217;, cap\u00edtulo 682 de este mi\u00e9rcoles 24 de septiembre: \u00c1ngela se niega a casarse con&hellip;\n","protected":false},"author":2,"featured_media":134599,"comment_status":"","ping_status":"","sticky":false,"template":"","format":"standard","meta":{"footnotes":""},"categories":[171],"tags":[11030,146,147,25,24,11031,805,23,807,11029,6761,214],"class_list":{"0":"post-134598","1":"post","2":"type-post","3":"status-publish","4":"format-standard","5":"has-post-thumbnail","7":"category-tv","8":"tag-cineseries","9":"tag-entertainment","10":"tag-entretenimiento","11":"tag-es","12":"tag-espana","13":"tag-la-promesa","14":"tag-series","15":"tag-spain","16":"tag-television","17":"tag-television-series","18":"tag-tresb","19":"tag-tv"},"share_on_mastodon":{"url":"","error":""},"_links":{"self":[{"href":"https:\/\/www.europesays.com\/es\/wp-json\/wp\/v2\/posts\/134598","targetHints":{"allow":["GET"]}}],"collection":[{"href":"https:\/\/www.europesays.com\/es\/wp-json\/wp\/v2\/posts"}],"about":[{"href":"https:\/\/www.europesays.com\/es\/wp-json\/wp\/v2\/types\/post"}],"author":[{"embeddable":true,"href":"https:\/\/www.europesays.com\/es\/wp-json\/wp\/v2\/users\/2"}],"replies":[{"embeddable":true,"href":"https:\/\/www.europesays.com\/es\/wp-json\/wp\/v2\/comments?post=134598"}],"version-history":[{"count":0,"href":"https:\/\/www.europesays.com\/es\/wp-json\/wp\/v2\/posts\/134598\/revisions"}],"wp:featuredmedia":[{"embeddable":true,"href":"https:\/\/www.europesays.com\/es\/wp-json\/wp\/v2\/media\/134599"}],"wp:attachment":[{"href":"https:\/\/www.europesays.com\/es\/wp-json\/wp\/v2\/media?parent=134598"}],"wp:term":[{"taxonomy":"category","embeddable":true,"href":"https:\/\/www.europesays.com\/es\/wp-json\/wp\/v2\/categories?post=134598"},{"taxonomy":"post_tag","embeddable":true,"href":"https:\/\/www.europesays.com\/es\/wp-json\/wp\/v2\/tags?post=134598"}],"curies":[{"name":"wp","href":"https:\/\/api.w.org\/{rel}","templated":true}]}}