{"id":134606,"date":"2025-09-23T20:12:10","date_gmt":"2025-09-23T20:12:10","guid":{"rendered":"https:\/\/www.europesays.com\/es\/134606\/"},"modified":"2025-09-23T20:12:10","modified_gmt":"2025-09-23T20:12:10","slug":"el-humorista-jimmy-kimmel-vuelve-al-aire-en-eeuu-pero-enfrenta-un-boicot-parcial-2","status":"publish","type":"post","link":"https:\/\/www.europesays.com\/es\/134606\/","title":{"rendered":"El humorista Jimmy Kimmel vuelve al aire en EEUU pero enfrenta un boicot parcial"},"content":{"rendered":"<p>    <img src=\"https:\/\/www.europesays.com\/es\/wp-content\/uploads\/2025\/09\/2025-09-23T193A383A16Z-90055664.jpg\" width=\"1024\" height=\"650\" alt=\"\" loading=\"eager\" decoding=\"sync\" fetchpriority=\"high\"\/><\/p>\n<p>            afp_tickers        <\/p>\n<p>        Este contenido fue publicado en    <\/p>\n<p>        23 septiembre 2025 &#8211; 21:38\n<\/p>\n<p>El programa nocturno del humorista Jimmy Kimmel volver\u00e1 al aire en Estados Unidos este martes tras una pausa de una semana provocada por amenazas del gobierno a las televisoras, que seg\u00fan los cr\u00edticos supuso un freno a la libertad de expresi\u00f3n.\u00a0<\/p>\n<p>Sin embargo, el influyente programa de variedades no ser\u00e1 transmitido en todo el pa\u00eds debido a que dos compa\u00f1\u00edas propietarias de decenas de canales afiliados a ABC, la cadena sede de \u00abEn Vivo con Jimmy Kimmel\u00bb, anunciaron que continuar\u00e1n boicoteando el espacio.<\/p>\n<p>Toda la atenci\u00f3n estar\u00e1 centrada en el mon\u00f3logo de apertura del programa, en el que se espera que Kimmel se refiera a lo ocurrido.<\/p>\n<p>Disney, due\u00f1a de ABC, retir\u00f3 del aire el programa de Kimmel el 17 de septiembre, horas despu\u00e9s de que el gobierno de Donald Trump amenazara con cancelar las licencias de transmisi\u00f3n debido a comentarios del comediante sobre el asesinato del activista conservador Charlie Kirk.<\/p>\n<p>\u00abTomamos la decisi\u00f3n de suspender la producci\u00f3n del programa para evitar agravar a\u00fan m\u00e1s la situaci\u00f3n tensa en un momento emotivo para nuestro pa\u00eds\u00bb, dijo Disney en un comunicado el lunes, en el que consider\u00f3 que algunos de los comentarios de Kimmel fueron \u00abinoportunos\u00bb e \u00abinsensibles\u00bb.<\/p>\n<p>La compa\u00f1\u00eda afirm\u00f3 que, tras mantener \u00abconversaciones profundas con Jimmy\u00bb, resolvi\u00f3 reanudar el programa.<\/p>\n<p>Kimmel provoc\u00f3 la ira de muchos conservadores al afirmar que los partidarios de Trump trataban de explotar pol\u00edticamente el asesinato de Kirk, quien falleci\u00f3 tras ser baleado en un campus universitario el 10 de septiembre.\u00a0<\/p>\n<p>El presidente de la Comisi\u00f3n Federal de Comunicaciones (FCC, reguladora del sector), Brendan Carr, aprovech\u00f3 la pol\u00e9mica al insinuar que podr\u00eda revocar las licencias de los canales que transmitieron el programa.<\/p>\n<p>Nexstar y Sinclair, las dos compa\u00f1\u00edas que controlan m\u00e1s de 50 de estos canales en Estados Unidos, anunciaron entonces que retirar\u00edan el programa de su parrilla, tras lo cual ABC lo suspendi\u00f3 en todo el pa\u00eds.<\/p>\n<p>Sinclair, que la semana pasada exigi\u00f3 a Kimmel que se disculpara con la familia de Kirk y que hiciera una donaci\u00f3n monetaria al grupo de derecha Turning Point USA, anunci\u00f3 el lunes que no emitir\u00eda nuevamente el programa. Nexstar hizo lo propio este martes.<\/p>\n<p>La abrupta suspensi\u00f3n del programa de Kimmel provoc\u00f3 indignaci\u00f3n en Estados Unidos: la izquierda la interpret\u00f3 como un ataque por las frecuentes cr\u00edticas del comediante a Trump.<\/p>\n<p>Algunos en la derecha pol\u00edtica tambi\u00e9n expresaron sus reservas, incluso personas que habitualmente se consideran aliadas de Trump, como Ted Cruz, el senador conservador de Texas, y el presentador Tucker Carlson.<\/p>\n<p>Sin embargo, el presidente estadounidense la calific\u00f3 de inmediato como una \u00abgran noticia para Estados Unidos\u00bb y exigi\u00f3 que otras figuras de la industria del entretenimiento, como Jimmy Fallon y Seth Meyers, fueran retiradas del aire.<\/p>\n<p>Trump se ha quejado repetidamente de la cobertura medi\u00e1tica negativa que recibe, y la semana pasada declar\u00f3 que la consideraba \u00abilegal\u00bb.<\/p>\n<p>hg\/pr\/ad<\/p>\n","protected":false},"excerpt":{"rendered":"afp_tickers Este contenido fue publicado en 23 septiembre 2025 &#8211; 21:38 El programa nocturno del humorista Jimmy Kimmel&hellip;\n","protected":false},"author":2,"featured_media":134607,"comment_status":"","ping_status":"","sticky":false,"template":"","format":"standard","meta":{"footnotes":""},"categories":[91],"tags":[10109,5797,146,147,25,24,10110,5798,4444,88,23,807,90],"class_list":{"0":"post-134606","1":"post","2":"type-post","3":"status-publish","4":"format-standard","5":"has-post-thumbnail","7":"category-entretenimiento","8":"tag-celebrity","9":"tag-culture","10":"tag-entertainment","11":"tag-entretenimiento","12":"tag-es","13":"tag-espana","14":"tag-human-interest","15":"tag-mass-media","16":"tag-people","17":"tag-politics","18":"tag-spain","19":"tag-television","20":"tag-ticker"},"share_on_mastodon":{"url":"","error":""},"_links":{"self":[{"href":"https:\/\/www.europesays.com\/es\/wp-json\/wp\/v2\/posts\/134606","targetHints":{"allow":["GET"]}}],"collection":[{"href":"https:\/\/www.europesays.com\/es\/wp-json\/wp\/v2\/posts"}],"about":[{"href":"https:\/\/www.europesays.com\/es\/wp-json\/wp\/v2\/types\/post"}],"author":[{"embeddable":true,"href":"https:\/\/www.europesays.com\/es\/wp-json\/wp\/v2\/users\/2"}],"replies":[{"embeddable":true,"href":"https:\/\/www.europesays.com\/es\/wp-json\/wp\/v2\/comments?post=134606"}],"version-history":[{"count":0,"href":"https:\/\/www.europesays.com\/es\/wp-json\/wp\/v2\/posts\/134606\/revisions"}],"wp:featuredmedia":[{"embeddable":true,"href":"https:\/\/www.europesays.com\/es\/wp-json\/wp\/v2\/media\/134607"}],"wp:attachment":[{"href":"https:\/\/www.europesays.com\/es\/wp-json\/wp\/v2\/media?parent=134606"}],"wp:term":[{"taxonomy":"category","embeddable":true,"href":"https:\/\/www.europesays.com\/es\/wp-json\/wp\/v2\/categories?post=134606"},{"taxonomy":"post_tag","embeddable":true,"href":"https:\/\/www.europesays.com\/es\/wp-json\/wp\/v2\/tags?post=134606"}],"curies":[{"name":"wp","href":"https:\/\/api.w.org\/{rel}","templated":true}]}}