{"id":134619,"date":"2025-09-23T20:19:08","date_gmt":"2025-09-23T20:19:08","guid":{"rendered":"https:\/\/www.europesays.com\/es\/134619\/"},"modified":"2025-09-23T20:19:08","modified_gmt":"2025-09-23T20:19:08","slug":"david-de-miranda-sustituye-a-manzanares-este-viernes-en-sevilla","status":"publish","type":"post","link":"https:\/\/www.europesays.com\/es\/134619\/","title":{"rendered":"David de Miranda sustituye a Manzanares este viernes en Sevilla"},"content":{"rendered":"<p>La Empresa Pag\u00e9s ha decidido que sea\u00a0David de Miranda\u00a0quien sustituya al lesionado\u00a0Jos\u00e9 Mar\u00eda Manzanares\u00a0en la corrida de este viernes, 26 de septiembre, en la Real Maestranza de Sevilla.<\/p>\n<p>David de Miranda har\u00e1 el pase\u00edllo junto a Juan Ortega y Pablo Aguado en la lidia de Victoriano del R\u00edo y Toros de Cort\u00e9s. El festejo comenzar\u00e1 a las\u00a018.30 h.<\/p>\n","protected":false},"excerpt":{"rendered":"La Empresa Pag\u00e9s ha decidido que sea\u00a0David de Miranda\u00a0quien sustituya al lesionado\u00a0Jos\u00e9 Mar\u00eda Manzanares\u00a0en la corrida de este&hellip;\n","protected":false},"author":2,"featured_media":134620,"comment_status":"","ping_status":"","sticky":false,"template":"","format":"standard","meta":{"footnotes":""},"categories":[277],"tags":[45,373,12896,168,25,24,5090,1226,23,167,33722,374],"class_list":{"0":"post-134619","1":"post","2":"type-post","3":"status-publish","4":"format-standard","5":"has-post-thumbnail","7":"category-toreo","8":"tag-45","9":"tag-bullfighting","10":"tag-david-de-miranda","11":"tag-deportes","12":"tag-es","13":"tag-espana","14":"tag-manzanares","15":"tag-noticias-de-toros","16":"tag-spain","17":"tag-sports","18":"tag-sustitucion","19":"tag-toreo"},"share_on_mastodon":{"url":"","error":""},"_links":{"self":[{"href":"https:\/\/www.europesays.com\/es\/wp-json\/wp\/v2\/posts\/134619","targetHints":{"allow":["GET"]}}],"collection":[{"href":"https:\/\/www.europesays.com\/es\/wp-json\/wp\/v2\/posts"}],"about":[{"href":"https:\/\/www.europesays.com\/es\/wp-json\/wp\/v2\/types\/post"}],"author":[{"embeddable":true,"href":"https:\/\/www.europesays.com\/es\/wp-json\/wp\/v2\/users\/2"}],"replies":[{"embeddable":true,"href":"https:\/\/www.europesays.com\/es\/wp-json\/wp\/v2\/comments?post=134619"}],"version-history":[{"count":0,"href":"https:\/\/www.europesays.com\/es\/wp-json\/wp\/v2\/posts\/134619\/revisions"}],"wp:featuredmedia":[{"embeddable":true,"href":"https:\/\/www.europesays.com\/es\/wp-json\/wp\/v2\/media\/134620"}],"wp:attachment":[{"href":"https:\/\/www.europesays.com\/es\/wp-json\/wp\/v2\/media?parent=134619"}],"wp:term":[{"taxonomy":"category","embeddable":true,"href":"https:\/\/www.europesays.com\/es\/wp-json\/wp\/v2\/categories?post=134619"},{"taxonomy":"post_tag","embeddable":true,"href":"https:\/\/www.europesays.com\/es\/wp-json\/wp\/v2\/tags?post=134619"}],"curies":[{"name":"wp","href":"https:\/\/api.w.org\/{rel}","templated":true}]}}