{"id":134625,"date":"2025-09-23T20:25:08","date_gmt":"2025-09-23T20:25:08","guid":{"rendered":"https:\/\/www.europesays.com\/es\/134625\/"},"modified":"2025-09-23T20:25:08","modified_gmt":"2025-09-23T20:25:08","slug":"pasamos-un-verano-agobiante-con-lo-del-betis-pero-queremos-mas-que-la-permanencia","status":"publish","type":"post","link":"https:\/\/www.europesays.com\/es\/134625\/","title":{"rendered":"\u00abPasamos un verano agobiante con lo del Betis, pero queremos m\u00e1s que la permanencia\u00bb"},"content":{"rendered":"<p>Iv\u00e1n Aurrecoechea (Torrej\u00f3n de Ardoz, 1995) sonri\u00f3 al cruzar las puertas de la sede de Endesa en Madrid. Mucho m\u00e1s tras ver el escudo del  &#8230; Covir\u00e1n Granada junto al resto de los que componen la considerada como mejor liga de Europa por cuarto curso consecutivo tras un verano lleno de incertidumbre, aunque con final feliz.<\/p>\n<p class=\"v-p\">\u00abPasamos unos meses muy agobiantes con todo lo que pas\u00f3 del Betis. Hab\u00eda muchos rumores. Escuchabas una cosa aqu\u00ed, o\u00edas otra all\u00e1&#8230;, pero el club siempre se mostr\u00f3 muy positivo con este tema. Estaban convencidos de poder sacar la plaza en Liga Endesa y as\u00ed fue. Estoy muy contento con lo que nos va a traer esta temporada a Granada\u00bb, explic\u00f3 ante IDEAL.<\/p>\n<p class=\"v-p\">El p\u00edvot ten\u00eda contrato en vigor pese al descenso que se evit\u00f3 m\u00e1s adelante, aunque reconoci\u00f3 que \u00abel reto de ascender era muy bonito\u00bb desde Primera FEB \u2013antigua LEB Oro\u2013. Pese a ello, la mentalidad del madrile\u00f1o y del resto del vestuario se centra en dar el m\u00e1ximo en la m\u00e1xima categor\u00eda con un equipo lleno de nuevas ideas.<\/p>\n<p class=\"v-p\">\u00abSe respira un ambiente completamente distinto en el vestuario, con aires m\u00e1s frescos. Ram\u00f3n D\u00edaz \u2013el nuevo entrenador\u2013 nos est\u00e1 transmitiendo unas expectativas altas. Su frase es la de &#8216;why not?&#8217; \u2013&#8217;\u00bfpor qu\u00e9 no?&#8217; en castellano\u2013- \u00bfPor qu\u00e9 vamos a contentarnos con permanecer y no luchar por m\u00e1s? La motivaci\u00f3n es m\u00e1xima\u00bb, revel\u00f3.<\/p>\n<p>Nuevo estilo<\/p>\n<p class=\"v-p\">El rol de Aurrecoechea ser\u00e1 el de un &#8216;5&#8217;, con capacidad para jugar de &#8216;4&#8217; si la competici\u00f3n lo exige dentro de un plan t\u00e1ctico m\u00e1s f\u00edsico y &#8216;americanizado&#8217; que nunca en el Covir\u00e1n. \u00abEs muy r\u00e1pido, volamos en pista y a la gente le va a gustar. Tendremos que compenetrarnos muy bien y comunicarnos todo el rato. La idea principal gira en torno a lanzar a canasta en los primeros seis segundos de la posesi\u00f3n. En defensa, apretaremos en toda la cancha\u00bb, explic\u00f3.<\/p>\n<p class=\"v-p\">El jugador cumplir\u00e1 su segundo a\u00f1o en la divisi\u00f3n, algo que afronta con m\u00e1s experiencia. \u00abLa pasada campa\u00f1a pagu\u00e9 la novatada, me sobrepas\u00f3 un poco la liga. Ahora el m\u00edster cuenta conmigo y me pide que conf\u00ede en mis posibilidades. Creo que puedo hacerme un hueco de verdad en la plantilla\u00bb, asumi\u00f3.<\/p>\n<p class=\"v-p\">Sobre la meta del grupo, \u00abpongo la mano en el fuego por que este a\u00f1o ser\u00e1 distinto y no sufriremos tanto. Tenemos claro el objetivo y solo queremos que la afici\u00f3n siga al pie del ca\u00f1\u00f3n\u00bb, concluy\u00f3.<\/p>\n","protected":false},"excerpt":{"rendered":"Iv\u00e1n Aurrecoechea (Torrej\u00f3n de Ardoz, 1995) sonri\u00f3 al cruzar las puertas de la sede de Endesa en Madrid.&hellip;\n","protected":false},"author":2,"featured_media":134626,"comment_status":"","ping_status":"","sticky":false,"template":"","format":"standard","meta":{"footnotes":""},"categories":[269],"tags":[42811,299,298,291,168,25,24,42810,7208,6213,23,167,1793],"class_list":{"0":"post-134625","1":"post","2":"type-post","3":"status-publish","4":"format-standard","5":"has-post-thumbnail","7":"category-baloncesto","8":"tag-agobiante","9":"tag-baloncesto","10":"tag-basketball","11":"tag-betis","12":"tag-deportes","13":"tag-es","14":"tag-espana","15":"tag-pasamos","16":"tag-permanencia","17":"tag-queremos","18":"tag-spain","19":"tag-sports","20":"tag-verano"},"share_on_mastodon":{"url":"","error":""},"_links":{"self":[{"href":"https:\/\/www.europesays.com\/es\/wp-json\/wp\/v2\/posts\/134625","targetHints":{"allow":["GET"]}}],"collection":[{"href":"https:\/\/www.europesays.com\/es\/wp-json\/wp\/v2\/posts"}],"about":[{"href":"https:\/\/www.europesays.com\/es\/wp-json\/wp\/v2\/types\/post"}],"author":[{"embeddable":true,"href":"https:\/\/www.europesays.com\/es\/wp-json\/wp\/v2\/users\/2"}],"replies":[{"embeddable":true,"href":"https:\/\/www.europesays.com\/es\/wp-json\/wp\/v2\/comments?post=134625"}],"version-history":[{"count":0,"href":"https:\/\/www.europesays.com\/es\/wp-json\/wp\/v2\/posts\/134625\/revisions"}],"wp:featuredmedia":[{"embeddable":true,"href":"https:\/\/www.europesays.com\/es\/wp-json\/wp\/v2\/media\/134626"}],"wp:attachment":[{"href":"https:\/\/www.europesays.com\/es\/wp-json\/wp\/v2\/media?parent=134625"}],"wp:term":[{"taxonomy":"category","embeddable":true,"href":"https:\/\/www.europesays.com\/es\/wp-json\/wp\/v2\/categories?post=134625"},{"taxonomy":"post_tag","embeddable":true,"href":"https:\/\/www.europesays.com\/es\/wp-json\/wp\/v2\/tags?post=134625"}],"curies":[{"name":"wp","href":"https:\/\/api.w.org\/{rel}","templated":true}]}}