{"id":134627,"date":"2025-09-23T20:26:11","date_gmt":"2025-09-23T20:26:11","guid":{"rendered":"https:\/\/www.europesays.com\/es\/134627\/"},"modified":"2025-09-23T20:26:11","modified_gmt":"2025-09-23T20:26:11","slug":"mazazo-para-gavi","status":"publish","type":"post","link":"https:\/\/www.europesays.com\/es\/134627\/","title":{"rendered":"Mazazo para Gavi"},"content":{"rendered":"<p data-mrf-recirculation=\"Links P\u00e1rrafos\" class=\"ue-c-article__paragraph paragraph\"><strong>Gavi<\/strong> ha sido intervenido este martes de su lesi\u00f3n radial en el menisco interno de su rodilla derecha. El tratamiento conservador al que estuvo sometido en las \u00faltimas semanas no funcion\u00f3 como se esperaba por lo que <strong>al jugador se le ha realizado una artroscopia<\/strong> a cargo del doctor Joan Carles Monllau y bajo la supervisi\u00f3n de los servicios m\u00e9dicos del club.<\/p>\n<p data-mrf-recirculation=\"Links P\u00e1rrafos\" class=\"ue-c-article__paragraph paragraph\">El periodo de baja estimado en un principio se situaba entre c<strong>inco y seis semanas a las que hab\u00eda que a\u00f1adir las m\u00e1s de tres<\/strong> desde que tuvo que parar, algo que sucedi\u00f3 el 30 de agosto justo antes del partido frente al Rayo Vallecano. Todos los pron\u00f3sticos se han roto porque despu\u00e9s de la intervenci\u00f3n el periodo de baja ser\u00e1 de cuatro o cinco meses<\/p>\n<p><img decoding=\"async\" width=\"3000\" height=\"2000\" class=\"ue-c-article__image lazyload\" alt=\"Gavi, en un partido de pretemporada.\" loading=\"lazy\" src=\"https:\/\/www.europesays.com\/es\/wp-content\/uploads\/2025\/09\/68d296aeaca69.jpeg\"\/><\/p>\n<p>Gavi, en un partido de pretemporada.EFE<\/p>\n<p data-mrf-recirculation=\"Links P\u00e1rrafos\" class=\"ue-c-article__paragraph paragraph\">Este es el tiempo estimado por el club para que Gavi vuelva a reaparecer con el equipo seg\u00fan <strong>el parte m\u00e9dico emitido <\/strong>cerca de las nueve de la noche: \u00abEl jugador Pablo P\u00e1ez Gavira (Gavi) se ha sometido a una artroscopia para solucionar su lesi\u00f3n del menisco interno<strong>. Se ha procedido a suturarlo con el fin de preservar el menisco.<\/strong> El tiempo de recuperaci\u00f3n se estima en 4-5 meses\u00bb.<\/p>\n<p>Retraso<\/p>\n<p data-mrf-recirculation=\"Links P\u00e1rrafos\" class=\"ue-c-article__paragraph paragraph\">Ya se pod\u00eda intuir que algo no iba bien. <strong>La artroscopia tuvo lugar a las doce del mediod\u00eda<\/strong> y la publicaci\u00f3n del parte m\u00e9dico se iba retrasando. Incluso se lleg\u00f3 a decir que se dar\u00eda este mi\u00e9rcoles, pero finalmente a las 20.50 de este martes el club comunic\u00f3 el alcance de la lesi\u00f3n de Gavi.<\/p>\n<p>Recuperaci\u00f3n truncada<\/p>\n<p data-mrf-recirculation=\"Links P\u00e1rrafos\" class=\"ue-c-article__paragraph paragraph\">Para el jugador es un mazazo enorme. <strong>Gavi confiaba en que en esta temporada recuperar\u00eda el nivel que ten\u00eda antes de la lesi\u00f3n<\/strong> que sufri\u00f3 con la selecci\u00f3n espa\u00f1ola en noviembre de 2023. Sin embargo, no ha sido as\u00ed y ahora habr\u00e1 que ver qu\u00e9 consecuencias tiene este nuevo par\u00f3n.<\/p>\n<p><img decoding=\"async\" width=\"2442\" height=\"1628\" class=\"ue-c-article__image lazyload\" alt=\"Ferm\u00edn, en el partido frente al Getafe.\" loading=\"lazy\" src=\"https:\/\/www.europesays.com\/es\/wp-content\/uploads\/2025\/09\/68d2efa753215.jpeg\"\/><\/p>\n<p>Ferm\u00edn, en el partido frente al Getafe.LAPRESSE<\/p>\n<p>Ferm\u00edn<\/p>\n<p data-mrf-recirculation=\"Links P\u00e1rrafos\" class=\"ue-c-article__paragraph paragraph\">La ausencia de Gavi es tambi\u00e9n\u00a0<strong>un fuerte contratiempo para Flick.<\/strong> La importancia del jugador es muy grande. Todos esperaban que pudiera recuperar su nivel m\u00e1s alto y su progresi\u00f3n se ha visto truncada con esta nueva lesi\u00f3n. Adem\u00e1s<strong>, hay que a\u00f1adir que Ferm\u00edn estar\u00e1 de baja tres semanas <\/strong>por lo que el centro del campo se ver\u00e1 afectado sobre todo en estos primeros partidos.<\/p>\n<p data-mrf-recirculation=\"Links P\u00e1rrafos\" class=\"ue-c-article__paragraph paragraph\">Durante este periodo de baja, el jugador <strong>se perder\u00e1 toda la liguilla de la Champions<\/strong> y podr\u00e1 volver para la segunda vuelta de LaLiga siempre que la evoluci\u00f3n sea satisfactoria.<\/p>\n","protected":false},"excerpt":{"rendered":"Gavi ha sido intervenido este martes de su lesi\u00f3n radial en el menisco interno de su rodilla derecha.&hellip;\n","protected":false},"author":2,"featured_media":134628,"comment_status":"","ping_status":"","sticky":false,"template":"","format":"standard","meta":{"footnotes":""},"categories":[268],"tags":[168,25,24,280,282,281,23,167],"class_list":{"0":"post-134627","1":"post","2":"type-post","3":"status-publish","4":"format-standard","5":"has-post-thumbnail","7":"category-futbol","8":"tag-deportes","9":"tag-es","10":"tag-espana","11":"tag-football","12":"tag-futbol","13":"tag-soccer","14":"tag-spain","15":"tag-sports"},"share_on_mastodon":{"url":"","error":""},"_links":{"self":[{"href":"https:\/\/www.europesays.com\/es\/wp-json\/wp\/v2\/posts\/134627","targetHints":{"allow":["GET"]}}],"collection":[{"href":"https:\/\/www.europesays.com\/es\/wp-json\/wp\/v2\/posts"}],"about":[{"href":"https:\/\/www.europesays.com\/es\/wp-json\/wp\/v2\/types\/post"}],"author":[{"embeddable":true,"href":"https:\/\/www.europesays.com\/es\/wp-json\/wp\/v2\/users\/2"}],"replies":[{"embeddable":true,"href":"https:\/\/www.europesays.com\/es\/wp-json\/wp\/v2\/comments?post=134627"}],"version-history":[{"count":0,"href":"https:\/\/www.europesays.com\/es\/wp-json\/wp\/v2\/posts\/134627\/revisions"}],"wp:featuredmedia":[{"embeddable":true,"href":"https:\/\/www.europesays.com\/es\/wp-json\/wp\/v2\/media\/134628"}],"wp:attachment":[{"href":"https:\/\/www.europesays.com\/es\/wp-json\/wp\/v2\/media?parent=134627"}],"wp:term":[{"taxonomy":"category","embeddable":true,"href":"https:\/\/www.europesays.com\/es\/wp-json\/wp\/v2\/categories?post=134627"},{"taxonomy":"post_tag","embeddable":true,"href":"https:\/\/www.europesays.com\/es\/wp-json\/wp\/v2\/tags?post=134627"}],"curies":[{"name":"wp","href":"https:\/\/api.w.org\/{rel}","templated":true}]}}