{"id":134687,"date":"2025-09-23T21:03:08","date_gmt":"2025-09-23T21:03:08","guid":{"rendered":"https:\/\/www.europesays.com\/es\/134687\/"},"modified":"2025-09-23T21:03:08","modified_gmt":"2025-09-23T21:03:08","slug":"detenido-en-torremolinos-un-sacerdote-de-toledo-por-posesion-de-cocaina-rosa-sociedad","status":"publish","type":"post","link":"https:\/\/www.europesays.com\/es\/134687\/","title":{"rendered":"Detenido en Torremolinos un sacerdote de Toledo por posesi\u00f3n de \u2018coca\u00edna rosa\u2019 | Sociedad"},"content":{"rendered":"<p class=\"\">La <a href=\"https:\/\/elpais.com\/noticias\/policia-nacional\/\" target=\"_self\" rel=\"nofollow noopener\" title=\"https:\/\/elpais.com\/noticias\/policia-nacional\/\">Polic\u00eda Nacional<\/a> ha detenido en Torremolinos a un sacerdote de la Archidi\u00f3cesis de Toledo por un delito contra la salud p\u00fablica. El cura se encontraba de vacaciones en la <a href=\"https:\/\/elpais.com\/noticias\/costa-del-sol\/\" target=\"_self\" rel=\"nofollow noopener\" title=\"https:\/\/elpais.com\/noticias\/costa-del-sol\/\">Costa del Sol<\/a> cuando fue sorprendido este lunes en plena calle con una decena de papelinas de diversas sustancias estupefacientes, entre ellas coca\u00edna rosa. En <a href=\"https:\/\/www.architoledo.org\/noticias\/comunicado-del-arzobispado-de-toledo-en-relacion-a-la-detencion-de-un-sacerdote\/\" target=\"_self\" rel=\"nofollow noopener\" title=\"https:\/\/www.architoledo.org\/noticias\/comunicado-del-arzobispado-de-toledo-en-relacion-a-la-detencion-de-un-sacerdote\/\">un comunicado<\/a>, el Arzobispado de Toledo ha lamentado los hechos y ha manifestado su disposici\u00f3n a colaborar con la justicia. Tambi\u00e9n ha informado de que ha abierto una investigaci\u00f3n para aclarar los hechos y ha apartado del ejercicio del ministerio al religioso, que ya ha sido puesto a disposici\u00f3n judicial.<\/p>\n<p class=\"\">Los hechos ocurrieron durante la madrugada del pasado 22 de septiembre en Torremolinos. Seg\u00fan ha informado la Polic\u00eda Nacional, el hombre, de 45 a\u00f1os, pas\u00f3 por un control policial rutinario. Entonces se le encontraron diez papelinas con \u201cdiversas sustancias estupefacientes\u201d. Entre ellas, y seg\u00fan revela M\u00e1laga hoy, hab\u00eda coca\u00edna rosa, droga sint\u00e9tica tambi\u00e9n conocida como tusi. El detenido, seg\u00fan fuentes policiales, es Carlos Loriente. Hasta el 15 de septiembre, era el Vicario Episcopal para el Clero de la Archidi\u00f3cesis de Toledo, pero la semana fue destituido y se nombr\u00f3 en su lugar a Miguel Garrig\u00f3s Dom\u00ednguez de forma sorpresiva.<\/p>\n<p class=\"\">La droga que portaba al ser identificado exced\u00eda \u201cuna cantidad que pudiera entenderse como destinada a consumo propio\u201d, seg\u00fan el comunicado policial, lo que llev\u00f3 a los agentes a su arresto y al posterior registro del piso vacacional donde se encontraba alojado durante su estancia en este municipio de la Costa del Sol. En el piso se encontr\u00f3 una nueva bolsita con monodosis de droga y una balanza de precisi\u00f3n. M\u00e1s tarde, el arrestado fue puesto a disposici\u00f3n del Juzgado de Instrucci\u00f3n 5 de Torremolinos como presunto autor de un delito contra la salud p\u00fablica.<\/p>\n<p class=\"\">El Arzobispado de Toledo ha emitido este martes un comunicado en el que confirma la detenci\u00f3n de un sacerdote de la Archidi\u00f3cesis \u2014sin identificarlo\u2014 y destaca que ha abierto una investigaci\u00f3n para conocer lo ocurrido y ha \u201capartado cautelarmente del ejercicio del ministerio y de su oficio\u201d al arrestado. El Arzobispado ha insistido en que \u201clamenta profundamente los hechos que han causado la detenci\u00f3n y reprueba cualquier conducta delictiva que presuntamente hubiera podido cometer el sacerdote\u201d y ha expresado \u201csu plena confianza en la justicia\u201d.<\/p>\n<p class=\"\">Adem\u00e1s, aunque considera que la responsabilidad de los hechos corresponde al \u00e1mbito personal del detenido, ha manifestado su disposici\u00f3n a colaborar con las autoridades. \u201cEste Arzobispado pide perd\u00f3n al pueblo de Dios por los da\u00f1os morales que puedan ocasionar los presuntos delitos de un sacerdote de la archidi\u00f3cesis\u201d, concluye el comunicado.<\/p>\n<p>Incidente en la di\u00f3cesis durante un juicio por pederastia <\/p>\n<p class=\"\">Loriente protagoniz\u00f3 en 2023 un incidente en un conocido casos de abuso de menores de la di\u00f3cesis de Toledo, <a href=\"https:\/\/elpais.com\/sociedad\/2021-04-08\/el-exarzobispo-de-toledo-desoyo-durante-anos-un-caso-de-abusos-de-menores-en-un-seminario.html\" target=\"_self\" rel=\"nofollow noopener\" title=\"https:\/\/elpais.com\/sociedad\/2021-04-08\/el-exarzobispo-de-toledo-desoyo-durante-anos-un-caso-de-abusos-de-menores-en-un-seminario.html\">destapado por EL PA\u00cdS<\/a> en 2021, mientras se celebraba el juicio en la Audiencia de Le\u00f3n. Se trata del proceso al sacerdote Pedro Rodr\u00edguez Ramos, <a href=\"https:\/\/elpais.com\/sociedad\/2023-10-19\/condenado-un-cura-a-siete-anos-de-carcel-y-una-indemnizacion-de-40000-euros-por-abusar-de-un-menor-en-el-seminario-de-toledo.html#:~:text=la%20Iglesia%20Cat%C3%B3lica-,Condenado%20un%20cura%20a%20siete%20a%C3%B1os%20de%20c%C3%A1rcel%20y%20una,en%20el%20seminario%20de%20Toledo\" rel=\"nofollow noopener\" target=\"_blank\">condenado a siete a\u00f1os de c\u00e1rcel<\/a> en 2023, <a href=\"https:\/\/elpais.com\/sociedad\/2024-02-07\/un-cura-de-toledo-condenado-a-siete-anos-por-abusar-de-un-menor-resulta-absuelto-por-errores-judiciales.html\" rel=\"nofollow noopener\" target=\"_blank\">absuelto en 2024 <\/a>por defectos en la instrucci\u00f3n inicial y ahora pendiente de la decisi\u00f3n del Supremo. El sacerdote ahora detenido en Torremolinos difundi\u00f3 entonces entre los curas de su di\u00f3cesis un mensaje de WhatsApp en el que sal\u00eda en defensa del acusado, con quien ten\u00eda amistad, criticaba al exseminarista que denunci\u00f3 los abusos y atacaba a la prensa. Por todo ello, la v\u00edctima present\u00f3 una denuncia en el Vaticano en noviembre de 2023, acus\u00e1ndole de difamaci\u00f3n y calumnias. <\/p>\n<p class=\"\">En su mensaje, Loriente hablaba de la \u201cfalta de verosimilitud\u201d de la denuncia y defend\u00eda que su \u201cconvicci\u00f3n subjetiva es la inocencia de Pedro\u201d. Se\u00f1alaba su \u201cbondad de coraz\u00f3n\u201d y que ten\u00eda \u201cun perfil nada compatible con el de un abusador\u201d. Adem\u00e1s consideraba que no se pod\u00edan \u201cjuzgar con la sensibilidad actual cuestiones de hace casi dos d\u00e9cadas\u201d. \u201cLa presi\u00f3n medi\u00e1tica infame que se ha estado ejerciendo sobre el instructor y el tribunal enjuiciador es il\u00edcita e incluso podr\u00eda revestir tintes delictivos\u201d, advert\u00eda.<\/p>\n<p class=\"\">El denunciante de los abusos envi\u00f3 entonces un escrito, al que ha tenido acceso este diario, al prefecto del dicasterio para el Clero de la Santa Sede, y denunci\u00f3 a Loriente \u201cpor calumnias, emisi\u00f3n y distribuci\u00f3n de falsedad, abusando as\u00ed de su poder y autoridad\u201d. Vali\u00e9ndose de su cargo, acusa el documento, \u201cdifundi\u00f3 una carta de manera masiva al clero, a trav\u00e9s de WhatsApp que termin\u00f3 en manos de la prensa y mi entorno, constituyendo actos delictivos\u201d, seg\u00fan las normas vaticanas. Citaba el art\u00edculo 1.1b del documento papal Vos Estis Lux Mundi: \u201cLas conductas de los sujetos del art\u00edculo 6, consistentes en acciones u omisiones dirigidas a interferir o eludir las investigaciones civiles o can\u00f3nicas, administrativas o penales\u201d. El exseminarista tambi\u00e9n inform\u00f3 en persona al cardenal Sean O\u2019Malley, presidente de la Pontificia Comisi\u00f3n para la Protecci\u00f3n de Menores y, por carta, al papa Francisco en mayo de 2023.<\/p>\n<p class=\"\">Sin embargo, transcurridos casi dos a\u00f1os, el afectado a\u00fan no ha tenido respuesta a su denuncia y el Vaticano nunca tom\u00f3 medidas contra el sacerdote. En realidad, es otro episodio en la largu\u00edsima batalla de este joven contra el silencio de la Iglesia y el encubrimiento del caso que ha denunciado en las altas esferas de la archidi\u00f3cesis de Toledo. <a href=\"https:\/\/elpais.com\/sociedad\/2025-01-17\/asi-se-empantanan-las-acusaciones-de-pederastia-en-el-vaticano-el-papa-tiene-que-intervenir-para-obligar-a-procesar-a-un-cura-de-toledo.html\" target=\"_self\" rel=\"nofollow noopener\" title=\"https:\/\/elpais.com\/sociedad\/2025-01-17\/asi-se-empantanan-las-acusaciones-de-pederastia-en-el-vaticano-el-papa-tiene-que-intervenir-para-obligar-a-procesar-a-un-cura-de-toledo.html\">El a\u00f1o pasado incluso intervino en persona el papa Francisco<\/a>, tras reunirse con la v\u00edctima: dio orden al arzobispado de Toledo de procesar can\u00f3nicamente al sacerdote acusado de abusos, pues hab\u00edan pasado 15 a\u00f1os desde que el denunciante les hab\u00eda informado del caso; cuatro desde que la Santa Sede tuvo oficialmente conocimiento de \u00e9l y dos desde que el propio afectado lo denunci\u00f3 directamente en el Dicasterio de Doctrina de la Fe, \u00f3rgano disciplinario vaticano. A\u00fan no ha obtenido ni respuestas a sus denuncias ni una sentencia de la Iglesia cat\u00f3lica sobre el caso. <\/p>\n","protected":false},"excerpt":{"rendered":"La Polic\u00eda Nacional ha detenido en Torremolinos a un sacerdote de la Archidi\u00f3cesis de Toledo por un delito&hellip;\n","protected":false},"author":2,"featured_media":134688,"comment_status":"","ping_status":"","sticky":false,"template":"","format":"standard","meta":{"footnotes":""},"categories":[8],"tags":[259,17,18,2357,794,25,24,13,14,11,401,13957,19,20,9,10,15,16,492,23,12,1952,21,22],"class_list":{"0":"post-134687","1":"post","2":"type-post","3":"status-publish","4":"format-standard","5":"has-post-thumbnail","7":"category-espana","8":"tag-andalucia","9":"tag-breaking-news","10":"tag-breakingnews","11":"tag-cocaina","12":"tag-drogas","13":"tag-es","14":"tag-espana","15":"tag-featured-news","16":"tag-featurednews","17":"tag-headlines","18":"tag-iglesia-catolica","19":"tag-iglesia-catolica-espanola","20":"tag-latest-news","21":"tag-latestnews","22":"tag-news","23":"tag-noticias","24":"tag-noticias-destacadas","25":"tag-noticiasdestacadas","26":"tag-sociedad","27":"tag-spain","28":"tag-titulares","29":"tag-toledo","30":"tag-ultimas-noticias","31":"tag-ultimasnoticias"},"share_on_mastodon":{"url":"","error":""},"_links":{"self":[{"href":"https:\/\/www.europesays.com\/es\/wp-json\/wp\/v2\/posts\/134687","targetHints":{"allow":["GET"]}}],"collection":[{"href":"https:\/\/www.europesays.com\/es\/wp-json\/wp\/v2\/posts"}],"about":[{"href":"https:\/\/www.europesays.com\/es\/wp-json\/wp\/v2\/types\/post"}],"author":[{"embeddable":true,"href":"https:\/\/www.europesays.com\/es\/wp-json\/wp\/v2\/users\/2"}],"replies":[{"embeddable":true,"href":"https:\/\/www.europesays.com\/es\/wp-json\/wp\/v2\/comments?post=134687"}],"version-history":[{"count":0,"href":"https:\/\/www.europesays.com\/es\/wp-json\/wp\/v2\/posts\/134687\/revisions"}],"wp:featuredmedia":[{"embeddable":true,"href":"https:\/\/www.europesays.com\/es\/wp-json\/wp\/v2\/media\/134688"}],"wp:attachment":[{"href":"https:\/\/www.europesays.com\/es\/wp-json\/wp\/v2\/media?parent=134687"}],"wp:term":[{"taxonomy":"category","embeddable":true,"href":"https:\/\/www.europesays.com\/es\/wp-json\/wp\/v2\/categories?post=134687"},{"taxonomy":"post_tag","embeddable":true,"href":"https:\/\/www.europesays.com\/es\/wp-json\/wp\/v2\/tags?post=134687"}],"curies":[{"name":"wp","href":"https:\/\/api.w.org\/{rel}","templated":true}]}}