{"id":134713,"date":"2025-09-23T21:25:09","date_gmt":"2025-09-23T21:25:09","guid":{"rendered":"https:\/\/www.europesays.com\/es\/134713\/"},"modified":"2025-09-23T21:25:09","modified_gmt":"2025-09-23T21:25:09","slug":"estamos-contentos-a-medio-plazo-era-garantizar-a-los-trabajadores-y-nuestra-inversion-en-cordoba","status":"publish","type":"post","link":"https:\/\/www.europesays.com\/es\/134713\/","title":{"rendered":"\u00abEstamos contentos, a medio plazo era garantizar a los trabajadores y nuestra inversi\u00f3n en C\u00f3rdoba\u00bb"},"content":{"rendered":"<p><img decoding=\"async\" class=\"voc-author__img\" src=\"https:\/\/www.europesays.com\/es\/wp-content\/uploads\/2025\/08\/autor-2023-foto-3.jpeg\" alt=\"Francisco Poyato\"\/><\/p>\n<p class=\"voc-p\" style=\"\">\u00abEstamos content\u00edsimos y a la espera de que la <strong>Comisi\u00f3n Nacional del Mercado y la Competencia<\/strong> lo autorice. Venimos de dos a\u00f1os de resultados hist\u00f3ricos en la empresa y a medio plazo necesit\u00e1bamos fortalecer tanto las <strong>garant\u00edas para los trabajadores de Piedra<\/strong> como la inversi\u00f3n en C\u00f3rdoba, que es nuestro sello. Ambas cosas han sido pactadas con <a href=\"https:\/\/www.supermercadoseljamon.com\/\" target=\"_blank\" data-voc-vtm-id=\"in-text-traffic\" title=\"El Jam\u00f3n\" data-mrf-link=\"www.supermercadoseljamon.com\" rel=\"nofollow noopener\">El Jam\u00f3n<\/a>, una empresa familiar que conocemos de toda la vida\u00bb.<\/p>\n<p class=\"voc-p\" style=\"\">Estas son las primeras valoraciones a ABC de<strong> Javier Piedra<\/strong>, director general  de la cadena familiar cordobesa de supermercados, tras hacerse p\u00fablico el acuerdo con el grupo onubense, que ha adquirido el grueso de la superficie de venta (67 supermercados) de Piedra y sus m\u00e1s de 800 trabajadores (adem\u00e1s de las otras marcas de distribuci\u00f3n que ha venido estableciendo). Un <strong>movimiento estrat\u00e9gico en Andaluc\u00eda<\/strong> de dos compa\u00f1\u00edas familiares y de casi la misma edad: en 1966 naci\u00f3 El Jam\u00f3n y en 1968 Piedra.<\/p>\n<p class=\"voc-p\" style=\"\">La operaci\u00f3n est\u00e1 a expensas de la autorizaci\u00f3n de la Comisi\u00f3n Nacional del Mercado y la Competencia (CNMC) que podr\u00eda pronunciarse en un periodo de <strong>dos a cuatro meses (finales de a\u00f1o)<\/strong>. El acuerdo entre ambas cadenas se firm\u00f3 en la tarde de este lunes tras unas<strong> negociaciones largas<\/strong> pero muy cordiales entre dos firmas que se conocen muy bien desde hace d\u00e9cadas y entre las que siempre ha habido buena relaci\u00f3n.<\/p>\n<p class=\"voc-p\" style=\"\">\u00abNo ha sido f\u00e1cil, s\u00ed ha sido muy meditado por nuestra familia y es la mejor salida para trabajadores, negocio y nuevas aperturas en C\u00f3rdoba\u00bb, ha recalcado Piedra. <strong>\u00abTodos salimos ganando\u00bb<\/strong>, apostilla. Una vez que se autorice la operaci\u00f3n, todo apunta a que la marca Piedra y las otras del cat\u00e1logo de la empresa cordobesa ir\u00e1n despareciendo para dar paso a El Jam\u00f3n, como ha ocurrido recientemente con la<a href=\"https:\/\/www.abc.es\/sevilla\/economia\/jamon-compra-totalidad-supermercados-codi-alcanza-292-20240906165557-nts.html\" target=\"_self\" data-voc-vtm-id=\"in-text-traffic\" title=\" cadena sevillana CODI\" data-mrf-link=\"www.abc.es\" rel=\"nofollow noopener\"> cadena sevillana CODI<\/a>.<\/p>\n<p class=\"voc-p\" style=\"\">Piedra llega a la tercera generaci\u00f3n. Todo <strong>empez\u00f3 con una peque\u00f1a tienda de apenas 30 metros cuadrados<\/strong> en la Vi\u00f1uela. Ah\u00ed, repartiendo bebidas por los bares de C\u00f3rdoba en un 600 en el a\u00f1o 1968, arranc\u00f3 su negocio<strong> Juan Jos\u00e9 Piedra S\u00e1nchez<\/strong>, un funcionario de la Polic\u00eda Nacional destinado en C\u00f3rdoba procedente de Los Llanos de Don Juan (Rute). Junto a \u00e9l, su mujer <strong>Rosario Trujillo<\/strong>, pieza fundamental.<\/p>\n<p>\nPenetraci\u00f3n en el mercado local\n<\/p>\n<p class=\"voc-p\" style=\"\">\u00abNo ten\u00edan experiencia alguna cuando comenzaron en 1968. Pero ten\u00edan ilusi\u00f3n por sacar adelante su familia, con los tres hijos que tuvieron. S\u00f3lo hay un secreto: que la familia debe estar por encima de todo\u00bb, rememoraba su hijo Javier, responsable de la cadena de supermercados en un homenaje en 2018 al <a href=\"https:\/\/www.abc.es\/espana\/andalucia\/cordoba\/sevi-celebracion-aniversario-supermercados-piedra-301047891733-20180625085912_galeria.html\" target=\"_self\" data-voc-vtm-id=\"in-text-traffic\" title=\"cumplir 50 a\u00f1os.\" data-mrf-link=\"www.abc.es\" rel=\"nofollow noopener\">cumplir 50 a\u00f1os.<\/a><\/p>\n<p class=\"voc-p\" style=\"\">Hoy la cadena de supermercados Piedra es la de mayor penetraci\u00f3n en la capital cordobesa con <strong>Mercadona,<\/strong> y es f\u00e1cil encontrar una de sus tiendas en cualquier barrio, incluso en la periferia. Est\u00e1 a punto de cumplir 58 a\u00f1os de vida cuando ha llegado para ella un cambio determinante con la adquisici\u00f3n de todas sus marcas y supermercados (67 en total) por la <strong>cadena familiar onubense (Lepe) El Jam\u00f3n.<\/strong><\/p>\n<p class=\"voc-p\" style=\"\">El salto en este m\u00e1s de medio siglo de vida ha sido espectacular. De aquella peque\u00f1a tienda del desav\u00edo, Piedra ha pasado a tener cerca de 70 locales a disposici\u00f3n de los cordobeses. Los dos \u00faltimos ejercicios han sido de un <strong>importante crecimiento<\/strong> en el volumen de negocio, con aperturas -tambi\u00e9n previstas para 2026- . A la alimentaci\u00f3n, la familia Piedra suma negocios en la construcci\u00f3n y la <a href=\"https:\/\/www.abc.es\/espana\/andalucia\/cordoba\/injupisa-estudia-rehabilitar-casas-casco-historico-cordoba-20250505064749-nts.html\" target=\"_self\" data-voc-vtm-id=\"in-text-traffic\" title=\"gesti\u00f3n inmobiliaria\" data-mrf-link=\"www.abc.es\" rel=\"nofollow noopener\">gesti\u00f3n inmobiliaria<\/a> m\u00e1s la <strong>a<\/strong><strong>gricultura (aceite de oliva)<\/strong>. Puede que se abran las puertas de nuevos sectores en un futuro inmediato (<strong>turismo<\/strong>, por ejemplo) as\u00ed como una fundaci\u00f3n.<\/p>\n<p>Reportar un error<\/p>\n","protected":false},"excerpt":{"rendered":"\u00abEstamos content\u00edsimos y a la espera de que la Comisi\u00f3n Nacional del Mercado y la Competencia lo autorice.&hellip;\n","protected":false},"author":2,"featured_media":134714,"comment_status":"","ping_status":"","sticky":false,"template":"","format":"standard","meta":{"footnotes":""},"categories":[80],"tags":[82,6364,32737,2760,95,94,981,25,24,2454,921,23857,5264,697,13655,10016,23,4479],"class_list":{"0":"post-134713","1":"post","2":"type-post","3":"status-publish","4":"format-standard","5":"has-post-thumbnail","7":"category-economia","8":"tag-business","9":"tag-compra","10":"tag-contentos","11":"tag-cordoba","12":"tag-economia","13":"tag-economy","14":"tag-era","15":"tag-es","16":"tag-espana","17":"tag-garantizar","18":"tag-inversion","19":"tag-jamon","20":"tag-javier","21":"tag-medio","22":"tag-piedra","23":"tag-plazo","24":"tag-spain","25":"tag-trabajadores"},"share_on_mastodon":{"url":"","error":""},"_links":{"self":[{"href":"https:\/\/www.europesays.com\/es\/wp-json\/wp\/v2\/posts\/134713","targetHints":{"allow":["GET"]}}],"collection":[{"href":"https:\/\/www.europesays.com\/es\/wp-json\/wp\/v2\/posts"}],"about":[{"href":"https:\/\/www.europesays.com\/es\/wp-json\/wp\/v2\/types\/post"}],"author":[{"embeddable":true,"href":"https:\/\/www.europesays.com\/es\/wp-json\/wp\/v2\/users\/2"}],"replies":[{"embeddable":true,"href":"https:\/\/www.europesays.com\/es\/wp-json\/wp\/v2\/comments?post=134713"}],"version-history":[{"count":0,"href":"https:\/\/www.europesays.com\/es\/wp-json\/wp\/v2\/posts\/134713\/revisions"}],"wp:featuredmedia":[{"embeddable":true,"href":"https:\/\/www.europesays.com\/es\/wp-json\/wp\/v2\/media\/134714"}],"wp:attachment":[{"href":"https:\/\/www.europesays.com\/es\/wp-json\/wp\/v2\/media?parent=134713"}],"wp:term":[{"taxonomy":"category","embeddable":true,"href":"https:\/\/www.europesays.com\/es\/wp-json\/wp\/v2\/categories?post=134713"},{"taxonomy":"post_tag","embeddable":true,"href":"https:\/\/www.europesays.com\/es\/wp-json\/wp\/v2\/tags?post=134713"}],"curies":[{"name":"wp","href":"https:\/\/api.w.org\/{rel}","templated":true}]}}