{"id":134717,"date":"2025-09-23T21:27:08","date_gmt":"2025-09-23T21:27:08","guid":{"rendered":"https:\/\/www.europesays.com\/es\/134717\/"},"modified":"2025-09-23T21:27:08","modified_gmt":"2025-09-23T21:27:08","slug":"el-supremo-divide-el-caso-koldo-con-el-objetivo-de-poder-enviar-a-juicio-al-ex-ministro-abalos-este-mismo-otono","status":"publish","type":"post","link":"https:\/\/www.europesays.com\/es\/134717\/","title":{"rendered":"El Supremo divide el &#8216;caso Koldo&#8217; con el objetivo de poder enviar a juicio al ex ministro \u00c1balos \u00abeste mismo oto\u00f1o\u00bb"},"content":{"rendered":"<p class=\"ue-c-article__paragraph\">El magistrado del Tribunal Supremo <strong>Leopoldo Puente<\/strong> ha dictado este martes un auto en el que desglosa en dos la investigaci\u00f3n que sigue contra el exministro de Transportes <strong>Jos\u00e9 Luis \u00c1balos<\/strong> y el ex secretario de Organizaci\u00f3n del PSOE, <strong>Santos Cerd\u00e1n<\/strong>, entre otras personas. As\u00ed, en la causa inicial, cuya instrucci\u00f3n destaca que est\u00e1 muy adelantada, se mantendr\u00e1 lo relativo a las irregularidades en los contratos de adquisici\u00f3n de mascarillas entre otros asuntos, mientras que en la pieza separada que ahora se abre se incluye todo lo relativo a las adjudicaciones presuntamente il\u00edcitas de obras p\u00fablicas, que se encuentra en fase incipiente.<\/p>\n<p class=\"ue-c-article__paragraph\">EL MUNDO<a href=\"https:\/\/www.elmundo.es\/espana\/2025\/09\/14\/68c6d181e4d4d819028b45ae.html\" rel=\"nofollow noopener\" target=\"_blank\"> inform\u00f3 <\/a>la semana pasada que el instructor del caso Koldo iba a dividir esta causa de corrupci\u00f3n con la intenci\u00f3n de enviar al banquillo de los acusados al ex ministro <strong> \u00c1balos<\/strong> \u00abeste mismo oto\u00f1o\u00bb. El objetivo del Supremo es poder enviar en un plazo corto de tiempo a un primer juicio al ex titular de Transportes, quien en la actualidad mantiene la condici\u00f3n de aforado ante el Alto Tribunal.<\/p>\n<p class=\"ue-c-article__paragraph\">No obstante, fuentes jur\u00eddicas consultadas indican que, pese al claro prop\u00f3sito de ir cerrando esta parte de la instrucci\u00f3n de la trama Koldo antes de final de a\u00f1o, todav\u00eda est\u00e1 pendiente que la <a href=\"https:\/\/www.elmundo.es\/e\/uc\/uco.html\" rel=\"nofollow noopener\" target=\"_blank\">Unidad Central Operativa<\/a> (UCO) de la <a href=\"https:\/\/www.elmundo.es\/e\/gu\/guardia-civil.html\" rel=\"nofollow noopener\" target=\"_blank\">Guardia Civil<\/a> entregue al instructor el informe patrimonial sobre \u00c1balos y se desconoce, por lo tanto, si una vez analizado el atestado policial habr\u00e1 que practicar alguna otra diligencia que alargue algo m\u00e1s de tiempo la instrucci\u00f3n, ya que el objeto del proceso penal es de delimitaci\u00f3n progresiva.<\/p>\n<p class=\"ue-c-article__paragraph\">En el auto, notificado hoy, el juez explica que en la nueva pieza separada, relativa a los ama\u00f1os de obra civil, ostentar\u00e1n la condici\u00f3n de investigados <strong>Jos\u00e9 Luis \u00c1balos, <\/strong>a su ex asesor <strong>Koldo Garc\u00eda<\/strong>, el ex n\u00famero 2 del PSOE, <strong>Santos Cerd\u00e1n,<\/strong> el presunto conseguidor<strong> V\u00edctor de Aldama <\/strong>y a los empresarios de la construcci\u00f3n <strong>Jos\u00e9 Ruz, Antonio <\/strong>y <strong>Daniel Fern\u00e1ndez Men\u00e9ndez, Fernando Merino<\/strong> y <strong>Joseba Antxon Alonso.<\/strong><\/p>\n<p class=\"ue-c-article__paragraph\">En este grupo de conductas aparentemente delictivas quedar\u00e1n incluidas todas las que se vinculan con la indebida adjudicaci\u00f3n de obra p\u00fablica a cambio de precio, se\u00f1ala el auto.<\/p>\n<p class=\"ue-c-article__paragraph\">El magistrado Puente indica que \u00abes necesario diferenciar entre aquellas que se promovieron, en beneficio de la mercantil Acciona Construcci\u00f3n, en UTE con otras de menor envergadura, bajo la indiciaria direcci\u00f3n y supervisi\u00f3n del Sr. Cerd\u00e1n Le\u00f3n (y en las que nada habr\u00eda tenido que ver, hasta donde en este momento permite conocer la investigaci\u00f3n, el Sr. de Aldama Delgado &#8230;); de aquellas otras, de menor entidad econ\u00f3mica, que se promov\u00edan paralelamente bajo el control o impulso de los Sres. de Aldama Delgado, \u00c1balos Meco y Garc\u00eda Izaguirre (y en las que nada habr\u00eda tenido que ver, hasta donde en este momento permite conocer la investigaci\u00f3n, el Sr. Cerd\u00e1n Le\u00f3n, &#8230;).<\/p>\n<p class=\"ue-c-article__paragraph\">El instructor desglosa esa parte del resto de la causa, cuya instrucci\u00f3n est\u00e1 muy adelantada, en la que se investigan todos los hechos ajenos a la adjudicaci\u00f3n de obra p\u00fablica, como son los consistentes indicios que permiten considerar que \u00c1balos, actuando en connivencia con su asesor Koldo y Almada, habr\u00eda favorecido la adjudicaci\u00f3n a la empresa <strong>Soluciones de Gesti\u00f3n<\/strong>, sendos contratos para la adquisici\u00f3n de mascarillas en la pandemia del Covid-19, obteniendo los dos primeros las correspondientes e indebidas prestaciones econ\u00f3micas y benefici\u00e1ndose el \u00faltimo de la comisi\u00f3n correspondiente.<\/p>\n<p>Posibles cohechos<\/p>\n<p class=\"ue-c-article__paragraph\">Dentro de esa misma parte de la investigaci\u00f3n, se incluir\u00eda lo referido a que Koldo Garc\u00eda, con el conocimiento y la aquiescencia del entonces ministro, habr\u00eda desplegado su influencia para lograr que Aldama o las empresas cuyos intereses \u00e9ste favorec\u00eda, pudieran entrevistarse con diferentes altos funcionarios o empleados p\u00fablicos o se beneficiaran de concretas actuaciones promovidas e impulsadas desde el propio Ministerio.<\/p>\n<p class=\"ue-c-article__paragraph\">\u00abAs\u00ed -a\u00f1ade el auto\u2014la publicaci\u00f3n de la nota de prensa, avalando la pr\u00f3xima financiaci\u00f3n p\u00fablica de <strong>Air Europa<\/strong>; las gestiones realizadas en favor de Villafuel para que sus representantes lograran reunirse con personas que pudieran facilitar la licencia de operador de hidrocarburos que persegu\u00edan; o las que determinaron la reuni\u00f3n que Aldama sostuvo con don <strong>Carlos Moreno Medina<\/strong>, quien era en ese momento jefe de gabinete de la Ministra de Hacienda y Funci\u00f3n P\u00fablica, reuni\u00f3n que ten\u00eda por objeto procurar el aplazamiento de una deuda tributaria de una de las empresas del Sr. de Aldama\u00bb.<\/p>\n<p class=\"ue-c-article__paragraph\">Puente indica tambi\u00e9n que en este primer grupo de hechos aparentemente delictivos se incluir\u00edan tambi\u00e9n \u00abla arbitraria colocaci\u00f3n en sendas empresas p\u00fablicas de, al menos, do\u00f1a <strong>Jessica Rodr\u00edguez Garc\u00eda<\/strong> y do\u00f1a <strong>Claudia Montes Mart\u00ednez,<\/strong> siendo, adem\u00e1s, que, por lo que respecta a la primera de ellas, vino percibiendo los correspondientes salarios sin desempe\u00f1ar ocupaci\u00f3n efectiva alguna\u00bb.<\/p>\n<p class=\"ue-c-article__paragraph\">La resoluci\u00f3n indica que en esta parte de la causa ostentan \u00fanicamente la condici\u00f3n de investigados Jos\u00e9 Luis \u00c1balos, Koldo Garc\u00eda y V\u00edctor de Aldama.<\/p>\n<p class=\"ue-c-article__paragraph\">El juez resume que \u00abel objeto de la presente causa especial ha llegado a un estado en el que (&#8230;) es posible identificar hasta dos grandes grupos de conductas eventualmente constitutivas de sendos il\u00edcitos penales. Y estos grupos se definen por su relaci\u00f3n o desconexi\u00f3n con el \u00e1mbito de las indebidas adjudicaciones de obra p\u00fablica en el marco del Ministerio de Transportes durante el per\u00edodo de tiempo en el cual don Jos\u00e9 Luis \u00c1balos Meco ejerci\u00f3 como titular del mismo\u00bb.<\/p>\n","protected":false},"excerpt":{"rendered":"El magistrado del Tribunal Supremo Leopoldo Puente ha dictado este martes un auto en el que desglosa en&hellip;\n","protected":false},"author":2,"featured_media":134718,"comment_status":"","ping_status":"","sticky":false,"template":"","format":"standard","meta":{"footnotes":""},"categories":[8],"tags":[17,18,25,24,13,14,11,5610,5611,19,20,9,10,15,16,8411,23,12,4874,21,22,2964],"class_list":{"0":"post-134717","1":"post","2":"type-post","3":"status-publish","4":"format-standard","5":"has-post-thumbnail","7":"category-espana","8":"tag-breaking-news","9":"tag-breakingnews","10":"tag-es","11":"tag-espana","12":"tag-featured-news","13":"tag-featurednews","14":"tag-headlines","15":"tag-jose-luis-abalos","16":"tag-koldo-garcia","17":"tag-latest-news","18":"tag-latestnews","19":"tag-news","20":"tag-noticias","21":"tag-noticias-destacadas","22":"tag-noticiasdestacadas","23":"tag-santos-cerdan","24":"tag-spain","25":"tag-titulares","26":"tag-tribunal-supremo","27":"tag-ultimas-noticias","28":"tag-ultimasnoticias","29":"tag-victor-de-aldama"},"share_on_mastodon":{"url":"","error":""},"_links":{"self":[{"href":"https:\/\/www.europesays.com\/es\/wp-json\/wp\/v2\/posts\/134717","targetHints":{"allow":["GET"]}}],"collection":[{"href":"https:\/\/www.europesays.com\/es\/wp-json\/wp\/v2\/posts"}],"about":[{"href":"https:\/\/www.europesays.com\/es\/wp-json\/wp\/v2\/types\/post"}],"author":[{"embeddable":true,"href":"https:\/\/www.europesays.com\/es\/wp-json\/wp\/v2\/users\/2"}],"replies":[{"embeddable":true,"href":"https:\/\/www.europesays.com\/es\/wp-json\/wp\/v2\/comments?post=134717"}],"version-history":[{"count":0,"href":"https:\/\/www.europesays.com\/es\/wp-json\/wp\/v2\/posts\/134717\/revisions"}],"wp:featuredmedia":[{"embeddable":true,"href":"https:\/\/www.europesays.com\/es\/wp-json\/wp\/v2\/media\/134718"}],"wp:attachment":[{"href":"https:\/\/www.europesays.com\/es\/wp-json\/wp\/v2\/media?parent=134717"}],"wp:term":[{"taxonomy":"category","embeddable":true,"href":"https:\/\/www.europesays.com\/es\/wp-json\/wp\/v2\/categories?post=134717"},{"taxonomy":"post_tag","embeddable":true,"href":"https:\/\/www.europesays.com\/es\/wp-json\/wp\/v2\/tags?post=134717"}],"curies":[{"name":"wp","href":"https:\/\/api.w.org\/{rel}","templated":true}]}}