{"id":134721,"date":"2025-09-23T21:30:15","date_gmt":"2025-09-23T21:30:15","guid":{"rendered":"https:\/\/www.europesays.com\/es\/134721\/"},"modified":"2025-09-23T21:30:15","modified_gmt":"2025-09-23T21:30:15","slug":"el-torero-podria-pasar-a-planta","status":"publish","type":"post","link":"https:\/\/www.europesays.com\/es\/134721\/","title":{"rendered":"el torero podr\u00eda pasar a planta"},"content":{"rendered":"<p>El legendario torero <strong>Curro Romero<\/strong>, una de las figuras m\u00e1s emblem\u00e1ticas de la historia del toreo espa\u00f1ol, <a href=\"https:\/\/okdiario.com\/look\/actualidad\/preocupacion-estado-salud-curro-romero-ingresado-hospital-neumonia-2385603\" rel=\"nofollow noopener\" target=\"_blank\">permanece ingresado en el Hospital Virgen Macarena de Sevilla desde el pasado lunes<\/a> a causa de una neumon\u00eda provocada por el virus de la Covid-19. A sus 91 a\u00f1os, el \u2018Fara\u00f3n de Camas\u2019 evoluciona de forma favorable y podr\u00eda pasar a planta en las pr\u00f3ximas horas, seg\u00fan han informado fuentes cercanas a la familia.<\/p>\n<p>La preocupaci\u00f3n por su estado de salud se dispar\u00f3 a comienzos de semana, cuando se supo que el torero hab\u00eda reca\u00eddo tras <a href=\"https:\/\/okdiario.com\/look\/actualidad\/otros-problemas-salud-carlos-iii-dedos-salchicha-covid-1935844\" rel=\"nofollow noopener\" target=\"_blank\">un reciente contagio de Covid.<\/a> Tal y como ha detallado su esposa, la sevillana Carmen Tello, en declaraciones a Gtres, <strong>Curro comenz\u00f3 con fiebre leve el martes de la semana pasada, pero los s\u00edntomas empeoraron progresivamente<\/strong> hasta derivar en un episodio severo de tos y fiebre alta el domingo por la noche. La situaci\u00f3n oblig\u00f3 a su ingreso inmediato en el centro hospitalario, donde permanece bajo estricta observaci\u00f3n en una unidad especial y con las visitas restringidas. \u00abEst\u00e1 en observaci\u00f3n, en aislamiento. Solo podemos verlo dos veces al d\u00eda\u00bb, ha explicado una visiblemente afectada Carmen Tello, quien no ha dejado de acompa\u00f1ar al diestro durante esta complicada etapa.<\/p>\n<p>\n<img decoding=\"async\" loading=\"lazy\" class=\"size-full wp-image-2386515\" alt=\"Curro Romero en u \u00faltimo ingreso hospitalario. (Foto: Gtres)\" width=\"1705\" height=\"2560\"  src=\"https:\/\/www.europesays.com\/es\/wp-content\/uploads\/2025\/09\/1758214691_923_placeholder.jpg\"  bad-src=\"https:\/\/www.europesays.com\/es\/wp-content\/uploads\/2025\/09\/1758214691_923_placeholder.jpg\"\/><\/p>\n<p><img decoding=\"async\" loading=\"lazy\" class=\"size-full wp-image-2386515\" src=\"https:\/\/www.europesays.com\/es\/wp-content\/uploads\/2025\/09\/u581738_004-1-scaled.jpg\" alt=\"Curro Romero en u \u00faltimo ingreso hospitalario. (Foto: Gtres)\" width=\"1705\" height=\"2560\"  \/><\/p>\n<p> Curro Romero en u \u00faltimo ingreso hospitalario. (Foto: Gtres)\n<\/p>\n<p>A pesar de las restricciones, la familia ha asegurado que el torero ha pasado la noche con tranquilidad y que muestra signos de mejor\u00eda. \u00abYo creo que hoy o ma\u00f1ana puede subirle a planta. Depende de la evoluci\u00f3n\u00bb, ha dicho Tello con esperanza. Adem\u00e1s, fuentes m\u00e9dicas han confirmado que la evoluci\u00f3n del paciente est\u00e1 siendo \u00abm\u00e1s r\u00e1pida y positiva\u00bb que en crisis anteriores.<\/p>\n<p>Cabe recordar que esta <strong>no es la primera vez que el torero afronta complicaciones de salud en los \u00faltimos tiempos.<\/strong> En mayo de este mismo a\u00f1o, Curro Romero fue ingresado en dos ocasiones, la primera por una infecci\u00f3n urinaria acompa\u00f1ada de una severa bajada de tensi\u00f3n y la segunda por una crisis respiratoria. Un a\u00f1o antes, en 2024, <a href=\"https:\/\/okdiario.com\/look\/actualidad\/plan-solidario-infanta-elena-sevilla-tarde-toros-sobrino-curro-romero-2228126\" rel=\"nofollow noopener\" target=\"_blank\">fue operado de urgencia tras fracturarse la cabeza del f\u00e9mur en una ca\u00edda dom\u00e9stica<\/a>, y en 2020 super\u00f3 un c\u00e1ncer de laringe que marc\u00f3 un punto de inflexi\u00f3n en su estado f\u00edsico.<br \/>A pesar de los antecedentes, el entorno familiar insiste en que el \u00e1nimo del maestro es \u00ab\u00f3ptimo\u00bb y que su fortaleza le est\u00e1 permitiendo afrontar esta nueva adversidad con entereza. <strong>\u00ab\u00c9l est\u00e1 estable, pero ya sabemos lo que nos encontramos al venir a los hospitales\u2026<\/strong> Prefiere estar en su casa, o por lo menos en planta, pero est\u00e1 muy bien atendido\u00bb, ha se\u00f1alado Tello, agradeciendo tambi\u00e9n el aluvi\u00f3n de llamadas y mensajes de cari\u00f1o recibidos en las \u00faltimas horas.<\/p>\n<p>\n<img decoding=\"async\" loading=\"lazy\" class=\"size-full wp-image-2386513\" alt=\"Carmen Tello en Sevilla. (Foto: Gtres)\" width=\"1684\" height=\"2560\"  src=\"https:\/\/www.europesays.com\/es\/wp-content\/uploads\/2025\/09\/1758214691_923_placeholder.jpg\"  bad-src=\"https:\/\/www.europesays.com\/es\/wp-content\/uploads\/2025\/09\/1758214691_923_placeholder.jpg\"\/><\/p>\n<p><img decoding=\"async\" loading=\"lazy\" class=\"size-full wp-image-2386513\" src=\"https:\/\/www.europesays.com\/es\/wp-content\/uploads\/2025\/09\/u591778_004-1-scaled.jpg\" alt=\"Carmen Tello en Sevilla. (Foto: Gtres)\" width=\"1684\" height=\"2560\"  \/><\/p>\n<p> Carmen Tello en Sevilla. (Foto: Gtres)\n<\/p>\n<p>Sin embargo, la esposa del matador tambi\u00e9n ha querido lanzar un mensaje ante ciertos comentarios que aluden a la avanzada edad de su marido: \u00abMe dicen \u2018bueno, es que es muy mayor\u2019. \u00bfY a m\u00ed qu\u00e9 me importa que sea muy mayor? Me da igual. Se quiere igual con 90 que con 40\u00bb.<\/p>\n<p>La figura de Curro Romero sigue despertando enorme admiraci\u00f3n entre los aficionados y el p\u00fablico general. El matador de Camas, <a href=\"https:\/\/okdiario.com\/look\/actualidad\/curro-romero-alta-hospitalaria-sevilla-infeccion-2286309\" rel=\"nofollow noopener\" target=\"_blank\">retirado de los ruedos desde el a\u00f1o 2000<\/a>, contin\u00faa siendo un referente del arte taurino por su estilo \u00fanico, su personalidad irrepetible y su carisma dentro y fuera de la plaza.<br \/>De momento, los m\u00e9dicos del Virgen Macarena seguir\u00e1n monitorizando su evoluci\u00f3n en las pr\u00f3ximas horas, con la esperanza de que pronto pueda abandonar la unidad de observaci\u00f3n y ser trasladado a planta. Su entorno m\u00e1s cercano se mantiene optimista, aunque con la prudencia que exige el delicado estado de salud de un nonagenario.<\/p>\n","protected":false},"excerpt":{"rendered":"El legendario torero Curro Romero, una de las figuras m\u00e1s emblem\u00e1ticas de la historia del toreo espa\u00f1ol, permanece&hellip;\n","protected":false},"author":2,"featured_media":134722,"comment_status":"","ping_status":"","sticky":false,"template":"","format":"standard","meta":{"footnotes":""},"categories":[277],"tags":[373,778,168,25,24,23,167,374],"class_list":{"0":"post-134721","1":"post","2":"type-post","3":"status-publish","4":"format-standard","5":"has-post-thumbnail","7":"category-toreo","8":"tag-bullfighting","9":"tag-curro","10":"tag-deportes","11":"tag-es","12":"tag-espana","13":"tag-spain","14":"tag-sports","15":"tag-toreo"},"share_on_mastodon":{"url":"","error":""},"_links":{"self":[{"href":"https:\/\/www.europesays.com\/es\/wp-json\/wp\/v2\/posts\/134721","targetHints":{"allow":["GET"]}}],"collection":[{"href":"https:\/\/www.europesays.com\/es\/wp-json\/wp\/v2\/posts"}],"about":[{"href":"https:\/\/www.europesays.com\/es\/wp-json\/wp\/v2\/types\/post"}],"author":[{"embeddable":true,"href":"https:\/\/www.europesays.com\/es\/wp-json\/wp\/v2\/users\/2"}],"replies":[{"embeddable":true,"href":"https:\/\/www.europesays.com\/es\/wp-json\/wp\/v2\/comments?post=134721"}],"version-history":[{"count":0,"href":"https:\/\/www.europesays.com\/es\/wp-json\/wp\/v2\/posts\/134721\/revisions"}],"wp:featuredmedia":[{"embeddable":true,"href":"https:\/\/www.europesays.com\/es\/wp-json\/wp\/v2\/media\/134722"}],"wp:attachment":[{"href":"https:\/\/www.europesays.com\/es\/wp-json\/wp\/v2\/media?parent=134721"}],"wp:term":[{"taxonomy":"category","embeddable":true,"href":"https:\/\/www.europesays.com\/es\/wp-json\/wp\/v2\/categories?post=134721"},{"taxonomy":"post_tag","embeddable":true,"href":"https:\/\/www.europesays.com\/es\/wp-json\/wp\/v2\/tags?post=134721"}],"curies":[{"name":"wp","href":"https:\/\/api.w.org\/{rel}","templated":true}]}}