{"id":134733,"date":"2025-09-23T21:40:23","date_gmt":"2025-09-23T21:40:23","guid":{"rendered":"https:\/\/www.europesays.com\/es\/134733\/"},"modified":"2025-09-23T21:40:23","modified_gmt":"2025-09-23T21:40:23","slug":"rosa-alvarado-encargada-de-biblioteca-un-libro-es-conocimiento-cultura-y-memoria-viva-de-la-humanidad","status":"publish","type":"post","link":"https:\/\/www.europesays.com\/es\/134733\/","title":{"rendered":"ROSA ALVARADO, ENCARGADA DE BIBLIOTECA: \u00abUN LIBRO ES CONOCIMIENTO, CULTURA Y MEMORIA VIVA DE LA HUMANIDAD\u00bb"},"content":{"rendered":"<p>            <img loading=\"lazy\" decoding=\"async\" width=\"600\" height=\"305\" src=\"https:\/\/www.europesays.com\/es\/wp-content\/uploads\/2025\/09\/Rosa-Alvarado-Thimeos.png\" class=\"aligncenter featured_image wp-post-image\" alt=\"\"  \/>            <\/p>\n<p style=\"font-weight: 400;\">Con 14 a\u00f1os en la instituci\u00f3n,\u00a0<strong>Rosa Alvarado Thimeos<\/strong>, Encargada de Biblioteca del Instituto Nacional, ha sido testigo de primera l\u00ednea de los cambios que ha vivido la lectura, especialmente desde la irrupci\u00f3n de la tecnolog\u00eda.<\/p>\n<p style=\"font-weight: 400;\">Aun as\u00ed, su labor se ha mantenido firme, enfocada en dar valor al\u00a0<strong>patrimonio bibliogr\u00e1fico y documental<\/strong>\u00a0del Instituto. Bajo su liderazgo, la Biblioteca ha fortalecido sus colecciones y las ha organizado en tres grandes \u00e1reas: la\u00a0<strong>Biblioteca Escolar CRA<\/strong>, la\u00a0<strong>Biblioteca Hist\u00f3rica<\/strong>\u00a0y el\u00a0<strong>Archivo Hist\u00f3rico<\/strong>, este \u00faltimo en colaboraci\u00f3n con el\u00a0<strong>Programa de Archivos Escolares (PAE) de la Universidad Cat\u00f3lica<\/strong>.<\/p>\n<p style=\"font-weight: 400;\">\u201cEstamos a cargo de un lugar con historia y tradici\u00f3n, cuyo material considero valioso e incalculable\u201d, comenta. \u201cEse acervo nos permite contar con un sistema integrado de informaci\u00f3n, base para el desarrollo de proyectos generados por la comunidad. Todo ello con un objetivo claro: que nuestros estudiantes desarrollen habilidades de investigaci\u00f3n y de informaci\u00f3n\u201d.<\/p>\n<blockquote>\n<p style=\"font-weight: 400;\">A lo largo de su vida personal y profesional, muchos libros han marcado su camino. Entre ellos, Rosa destaca\u00a0El Principito, de Antoine de Saint-Exup\u00e9ry;\u00a0Don Quijote de la Mancha, de Miguel de Cervantes; y m\u00e1s recientemente\u00a0El infinito en un junco, de Irene Vallejo, \u201cla m\u00e1s completa historia del libro y su protagonismo en la civilizaci\u00f3n humana como herramienta de comunicaci\u00f3n que sigue vigente hasta hoy\u201d.<\/p>\n<\/blockquote>\n<p style=\"font-weight: 400;\"><strong>Del Quijote a Hamlet<\/strong><\/p>\n<p style=\"font-weight: 400;\">Para Alvarado, la lectura no es s\u00f3lo un h\u00e1bito, sino una forma esencial de entender la vida. Y si pudiera invitar a un personaje literario a recorrer la Biblioteca del Instituto, no duda en su elecci\u00f3n:\u00a0<strong>Don Quijote<\/strong>, por su idealismo, altruismo y abnegaci\u00f3n; y\u00a0<strong>Hamlet<\/strong>, porque encarna la complejidad humana y el eterno conflicto entre la raz\u00f3n y la pasi\u00f3n.<\/p>\n<p style=\"font-weight: 400;\"><strong>Un mensaje a las nuevas generaciones<\/strong><\/p>\n<blockquote>\n<p style=\"font-weight: 400;\">Consciente del impacto que tienen hoy la tecnolog\u00eda y las redes sociales, Rosa insiste en la importancia de no perder el v\u00ednculo con los libros: \u201cFrente a ese v\u00e9rtigo, un libro y su lectura representan el conocimiento, la cultura, el pensamiento humano y un motor para transmitir ideas y experiencias. Son vitales para dar continuidad a las civilizaciones\u201d.<\/p>\n<\/blockquote>\n","protected":false},"excerpt":{"rendered":"Con 14 a\u00f1os en la instituci\u00f3n,\u00a0Rosa Alvarado Thimeos, Encargada de Biblioteca del Instituto Nacional, ha sido testigo de&hellip;\n","protected":false},"author":2,"featured_media":134734,"comment_status":"","ping_status":"","sticky":false,"template":"","format":"standard","meta":{"footnotes":""},"categories":[172],"tags":[224,146,147,25,24,225,23],"class_list":{"0":"post-134733","1":"post","2":"type-post","3":"status-publish","4":"format-standard","5":"has-post-thumbnail","7":"category-libros","8":"tag-books","9":"tag-entertainment","10":"tag-entretenimiento","11":"tag-es","12":"tag-espana","13":"tag-libros","14":"tag-spain"},"share_on_mastodon":{"url":"","error":""},"_links":{"self":[{"href":"https:\/\/www.europesays.com\/es\/wp-json\/wp\/v2\/posts\/134733","targetHints":{"allow":["GET"]}}],"collection":[{"href":"https:\/\/www.europesays.com\/es\/wp-json\/wp\/v2\/posts"}],"about":[{"href":"https:\/\/www.europesays.com\/es\/wp-json\/wp\/v2\/types\/post"}],"author":[{"embeddable":true,"href":"https:\/\/www.europesays.com\/es\/wp-json\/wp\/v2\/users\/2"}],"replies":[{"embeddable":true,"href":"https:\/\/www.europesays.com\/es\/wp-json\/wp\/v2\/comments?post=134733"}],"version-history":[{"count":0,"href":"https:\/\/www.europesays.com\/es\/wp-json\/wp\/v2\/posts\/134733\/revisions"}],"wp:featuredmedia":[{"embeddable":true,"href":"https:\/\/www.europesays.com\/es\/wp-json\/wp\/v2\/media\/134734"}],"wp:attachment":[{"href":"https:\/\/www.europesays.com\/es\/wp-json\/wp\/v2\/media?parent=134733"}],"wp:term":[{"taxonomy":"category","embeddable":true,"href":"https:\/\/www.europesays.com\/es\/wp-json\/wp\/v2\/categories?post=134733"},{"taxonomy":"post_tag","embeddable":true,"href":"https:\/\/www.europesays.com\/es\/wp-json\/wp\/v2\/tags?post=134733"}],"curies":[{"name":"wp","href":"https:\/\/api.w.org\/{rel}","templated":true}]}}