{"id":134743,"date":"2025-09-23T21:46:07","date_gmt":"2025-09-23T21:46:07","guid":{"rendered":"https:\/\/www.europesays.com\/es\/134743\/"},"modified":"2025-09-23T21:46:07","modified_gmt":"2025-09-23T21:46:07","slug":"muere-claudia-cardinale-icono-del-gran-cine-italiano-cultura","status":"publish","type":"post","link":"https:\/\/www.europesays.com\/es\/134743\/","title":{"rendered":"Muere Claudia Cardinale, icono del gran cine italiano | Cultura"},"content":{"rendered":"<p class=\"\">El vals de El gatopardo, su aparici\u00f3n flotando en la luz veraniega en Ocho y medio, o la princesa cautivadora de La pantera rosa son algunas de las im\u00e1genes que Claudia Cardinale, fallecida este martes a los 87 a\u00f1os, deja en la historia del cine. Estas tres grandes pel\u00edculas son todas del mismo a\u00f1o, 1963, y que estuviera en las tres a la vez en los cines de todo el mundo dan una idea del impacto que supuso la irrupci\u00f3n de la belleza y el talento natural de Claudia Cardinale en las pantallas. Bastar\u00eda tan solo con haber rodado uno de esos filmes para ser ya una estrella, pero adem\u00e1s hizo 120 pel\u00edculas que la convirtieron en un mito del cine mundial, en la \u00e9poca dorada del cine italiano. Trabaj\u00f3 con los m\u00e1s grandes: Visconti, Fellini, Germi, Monicelli, Leone, Edwards&#8230; Con ella se va una de las \u00faltimas grandes actrices de esos a\u00f1os, solo queda Sophia Loren.<\/p>\n<p class=\"\">Cardinale ha fallecido en su casa de Nemours, cerca de Par\u00eds, seg\u00fan ha anunciado su agente a la agencia AFP en la noche del martes, Laurent Savry. Se hab\u00eda instalado all\u00ed hace a\u00f1os, y Francia era uno de los tres pa\u00edses de su vida. Adem\u00e1s de Italia, el otro, el primero, era T\u00fanez, donde naci\u00f3 en 1938, cuando era un protectorado franc\u00e9s, en una familia de inmigrantes sicilianos. All\u00ed la descubri\u00f3 para el cine un director franc\u00e9s, Ren\u00e9 Vautier, que la vio delante de su colegio y qued\u00f3 fascinado. \u201cSe me acerc\u00f3 y me dijo si pod\u00eda hablar con mi padre\u201d, cont\u00f3 en una entrevista. La fich\u00f3 para un cortometraje, Les Anneux d\u2019or, que triunf\u00f3 en Berl\u00edn y despu\u00e9s gan\u00f3, sin saberlo, un concurso de belleza en la que fue proclamada la m\u00e1s guapa de T\u00fanez. <\/p>\n<p class=\"\">Su entrada en el cine es con 20 a\u00f1os, cuando apareci\u00f3 por primera vez en un largometraje, y era ya una obra maestra: Rufuf\u00fa (1958), la comedia de Monicelli sobre unos ladrones patosos y muertos de hambre. Aunque apenas sal\u00eda unos minutos, era una presencia arrebatadora y enseguida comenz\u00f3 a abrirse camino en el cine. El productor de ese filme, Franco Cristaldi, se convirti\u00f3 a\u00f1os despu\u00e9s en su primer marido, aunque tras separarse de \u00e9l su pareja durante muchos a\u00f1os fue Pasquale Squitieri, otro realizador italiano, con tuvo un hijo. Pero ya en aquel mismo a\u00f1o de su primera pel\u00edcula, 1958, hab\u00eda dado a luz a su primer hijo, una dolorosa historia oculta que se supo a\u00f1os m\u00e1s tarde: era fruto de una violaci\u00f3n. <\/p>\n<p class=\"\">Hasta su a\u00f1o de gloria de 1963 firm\u00f3 pel\u00edculas impecables, pues grandes directores la reclamaron enseguida y confiaron ella. En esos t\u00edtulos, que ahora son de culto, fue dejando una huella cada vez m\u00e1s notable, con registros dram\u00e1ticos y un fondo de melancol\u00eda, como Un maledetto imbroglio (1959), de Germi; El bell\u2019Antonio, de Bolognini, con Mastroianni, Rocco y sus hermanos (1960), su primer trabajo con Visconti, y La chica con la maleta (1961), de Zurlini.<\/p>\n<p class=\"\">En 1963 es su papel en La pantera rosa, de Blake Edwards, primer t\u00edtulo de la descacharrante saga del inspector Clouseau, el que la da a conocer en Hollywood. En los grandes estudios hizo de todo, pero nunca se dej\u00f3 seducir completamente por el cine estadounidense, siempre regresaba a a Europa. En esos a\u00f1os trabaj\u00f3 con los actores m\u00e1s famosos del momento y dej\u00f3 buenas pel\u00edculas, como Los profesionales (1966), de Brooks, <\/p>\n<p class=\"\">(Noticia de \u00faltima hora. Habr\u00e1 ampliaci\u00f3n)<\/p>\n","protected":false},"excerpt":{"rendered":"El vals de El gatopardo, su aparici\u00f3n flotando en la luz veraniega en Ocho y medio, o la&hellip;\n","protected":false},"author":2,"featured_media":134744,"comment_status":"","ping_status":"","sticky":false,"template":"","format":"standard","meta":{"footnotes":""},"categories":[91],"tags":[177,42838,209,146,147,25,24,628,42839,4809,42840,23],"class_list":{"0":"post-134743","1":"post","2":"type-post","3":"status-publish","4":"format-standard","5":"has-post-thumbnail","7":"category-entretenimiento","8":"tag-cine","9":"tag-claudia-cardinale","10":"tag-cultura","11":"tag-entertainment","12":"tag-entretenimiento","13":"tag-es","14":"tag-espana","15":"tag-italia","16":"tag-luchino-visconti","17":"tag-muertes","18":"tag-sergio-leone","19":"tag-spain"},"share_on_mastodon":{"url":"","error":""},"_links":{"self":[{"href":"https:\/\/www.europesays.com\/es\/wp-json\/wp\/v2\/posts\/134743","targetHints":{"allow":["GET"]}}],"collection":[{"href":"https:\/\/www.europesays.com\/es\/wp-json\/wp\/v2\/posts"}],"about":[{"href":"https:\/\/www.europesays.com\/es\/wp-json\/wp\/v2\/types\/post"}],"author":[{"embeddable":true,"href":"https:\/\/www.europesays.com\/es\/wp-json\/wp\/v2\/users\/2"}],"replies":[{"embeddable":true,"href":"https:\/\/www.europesays.com\/es\/wp-json\/wp\/v2\/comments?post=134743"}],"version-history":[{"count":0,"href":"https:\/\/www.europesays.com\/es\/wp-json\/wp\/v2\/posts\/134743\/revisions"}],"wp:featuredmedia":[{"embeddable":true,"href":"https:\/\/www.europesays.com\/es\/wp-json\/wp\/v2\/media\/134744"}],"wp:attachment":[{"href":"https:\/\/www.europesays.com\/es\/wp-json\/wp\/v2\/media?parent=134743"}],"wp:term":[{"taxonomy":"category","embeddable":true,"href":"https:\/\/www.europesays.com\/es\/wp-json\/wp\/v2\/categories?post=134743"},{"taxonomy":"post_tag","embeddable":true,"href":"https:\/\/www.europesays.com\/es\/wp-json\/wp\/v2\/tags?post=134743"}],"curies":[{"name":"wp","href":"https:\/\/api.w.org\/{rel}","templated":true}]}}