{"id":134750,"date":"2025-09-23T21:51:12","date_gmt":"2025-09-23T21:51:12","guid":{"rendered":"https:\/\/www.europesays.com\/es\/134750\/"},"modified":"2025-09-23T21:51:12","modified_gmt":"2025-09-23T21:51:12","slug":"el-thyssen-se-une-a-naciones-unidas-en-una-exposicion-para-no-mirar-hacia-otro-lado-ante-la-guerra-en-gaza-cultura","status":"publish","type":"post","link":"https:\/\/www.europesays.com\/es\/134750\/","title":{"rendered":"El Thyssen se une a Naciones Unidas en una exposici\u00f3n para \u201cno mirar hacia otro lado\u201d ante la guerra en Gaza | Cultura"},"content":{"rendered":"<p class=\"\">En el vest\u00edbulo de entrada del Museo Thyssen de Madrid, en ese espacio donde se invierte el tiempo en comprar las entradas, decidir qu\u00e9 salas ver o aventurarse en la tienda, desde este martes resulta complicado abstraerse en estos preparativos. En una de las paredes <a href=\"https:\/\/www.museothyssen.org\/exposiciones\/gaza-traves-sus-ojos\" target=\"_blank\" rel=\"noreferrer nofollow noopener\" title=\"https:\/\/www.museothyssen.org\/exposiciones\/gaza-traves-sus-ojos\">cuelgan 27 im\u00e1genes de fotoperiodistas palestinos<\/a> que llevan los dos a\u00f1os de la ofensiva israel\u00ed retratando la vida y la muerte en Gaza.<\/p>\n<p class=\"\">Atravesar esta zona es ahora \u201cun llamamiento a no mirar hacia otro lado\u201d, explican Guillermo Solana, director del museo; Raquel Mart\u00ed, responsable en Espa\u00f1a de la Agencia de las Naciones Unidas para los Refugiados de Palestina en Oriente Pr\u00f3ximo (UNWRA); y Ernest Urtasun, ministro de Cultura, los responsables de Gaza a trav\u00e9s de sus ojos, una peque\u00f1a, pero poderosa exposici\u00f3n que muestra una parte de la matanza que <a href=\"https:\/\/elpais.com\/noticias\/conflicto-arabe-israeli\/\" target=\"_blank\" rel=\"noreferrer nofollow noopener\" title=\"https:\/\/elpais.com\/noticias\/conflicto-arabe-israeli\/\">Israel est\u00e1 cometiendo en la Franja<\/a>.<\/p>\n<p>M\u00e1s informaci\u00f3n<\/p>\n<p class=\"\">Ninguna de las fotos est\u00e1 firmada. Quienes las tomaron son objetivos militares del ej\u00e9rcito israel\u00ed, como el resto de la poblaci\u00f3n que desde octubre de 2023 sufre los bombardeos, el desplazamiento forzado y la hambruna. \u201cEs triste no poder dar sus nombres, que esto sea un trabajo an\u00f3nimo, pero tenemos que protegerlos\u201d, ha explicado Mart\u00ed. \u201cIsrael est\u00e1 intentando silenciar el trabajo de los periodistas en Gaza. Afortunadamente, contamos con el valor de los que a\u00fan siguen vivos dentro\u201d, ha a\u00f1adido. Muchos de estos fotoperiodistas han perdido sus casas, a sus familiares, duermen en tiendas de campa\u00f1a y aun as\u00ed se levantan cada ma\u00f1ana para intentar transmitir y que queden pruebas del genocidio de Israel. Al menos, <a href=\"https:\/\/elpais.com\/planeta-futuro\/2025-09-01\/gaza-el-lugar-mas-letal-del-mundo-para-periodistas-no-hay-margen-para-hablar-de-error.html\" target=\"_self\" rel=\"nofollow noopener\" title=\"https:\/\/elpais.com\/planeta-futuro\/2025-09-01\/gaza-el-lugar-mas-letal-del-mundo-para-periodistas-no-hay-margen-para-hablar-de-error.html\">246 fotoperiodistas han sido asesinados<\/a> por Israel desde que comenz\u00f3 la guerra.<\/p>\n<p><img decoding=\"auto\" class=\"_re lazyload a_m-h\" height=\"276\"  width=\"414\"  src=\"https:\/\/www.europesays.com\/es\/wp-content\/uploads\/2025\/09\/SV7E6SOQLZEFHNKHG4IR7STKPM.jpg\" loading=\"lazy\"\/>Colas del hambre en Gaza, febrero de 2024. La hambruna ha sido confirmada en la ciudad de Gaza, una crisis provocada deliberadamente por decisiones del Gobierno israel\u00ed. UNRWA<\/p>\n<p class=\"\">\u201cYa no hay lugares humanitarios en Gaza, dejad de usar ese eufemismo, no existen. No hay nada que garantice la supervivencia de la poblaci\u00f3n\u201d. Tampoco de quienes tratan de contar el d\u00eda a d\u00eda para que quede un registro de la barbarie. \u201cTal vez sirvan en un proceso de cr\u00edmenes de guerra\u201d, ha deseado Solana, que ha definido la muestra como \u201cun tributo a los fotoperiodistas y al trabajo de la UNRWA\u201d. Mart\u00ed ha recordado que <a href=\"https:\/\/elpais.com\/internacional\/2018\/08\/31\/actualidad\/1535742849_455649.html\" target=\"_blank\" rel=\"noreferrer nofollow noopener\" title=\"https:\/\/elpais.com\/internacional\/2018\/08\/31\/actualidad\/1535742849_455649.html\">despu\u00e9s de que Estados Unidos dejara de financiar su organizaci\u00f3n<\/a>, m\u00e1s de 400 millones de euros, que supon\u00edan un tercio de su presupuesto, la Uni\u00f3n Europea se ha convertido en su principal donante. Pero estos fondos no son suficientes. \u201cCalculamos que en un par de meses se nos acaba el dinero para poder pagar los sueldos a los 33.000 trabajadores que tenemos en la regi\u00f3n\u201d, ha recordado. <\/p>\n<p><img decoding=\"auto\" class=\"_re lazyload a_m-h\" height=\"276\"  width=\"414\"  src=\"https:\/\/www.europesays.com\/es\/wp-content\/uploads\/2025\/09\/AI6K5NYIYZGSTEPJGCIGSOILWM.jpg\" loading=\"lazy\"\/>Muchas de las personas que volvieron al norte durante el alto el fuego encontraron sus hogares reducidos a escombros. UNRWA<\/p>\n<p class=\"\">Mientras que Urtasun ha recalcado \u201cel poder inmenso de la cultura para abrir los ojos cuando preferimos no mirar\u201d. El ministro ha asistido a la presentaci\u00f3n de la exposici\u00f3n al mismo tiempo que se aprobaba en el Consejo de Ministros el embargo \u201ctotal\u201d de armas a Israel, <a href=\"https:\/\/elpais.com\/espana\/2025-09-08\/estas-son-las-nueve-medidas-por-gaza-anunciadas-por-el-gobierno.html\" rel=\"nofollow noopener\" title=\"https:\/\/elpais.com\/espana\/2025-09-08\/estas-son-las-nueve-medidas-por-gaza-anunciadas-por-el-gobierno.html\" target=\"_blank\">anunciado por el presidente del Gobierno, Pedro S\u00e1nchez<\/a>, junto a otras medidas para a\u00f1adir presi\u00f3n al Ejecutivo de Benjam\u00edn Netanyahu por la masacre de la poblaci\u00f3n palestina. \u201cDesde un museo tambi\u00e9n se puede levantar la bandera de la paz, que no solo se construye desde la diplomacia, tambi\u00e9n en el terreno de la cultura\u201d, ha a\u00f1adido. Este es el objetivo de la exposici\u00f3n, seg\u00fan sus organizadores.<\/p>\n<p class=\"\">\u201cEs la mirada de los gazat\u00edes\u201d, a\u00f1aden los organizadores, que con esta muestra han preferido que sean los palestinos quienes se cuenten a s\u00ed mismos. La \u00fanica opci\u00f3n, adem\u00e1s, ante la prohibici\u00f3n de Israel de que entre prensa internacional a la Franja. \u201cEn estas im\u00e1genes est\u00e1 el respeto y la empat\u00eda de quienes sufren en primera persona\u201d, ha apuntado Solana. Como la de la huida de una madre con sus dos hijos peque\u00f1os, cargando con las pocas cosas que han podido coger bajo la lluvia. La imagen del caos y el choque de cacerolas en busca de algo que llevarse a la boca en las vergonzantes colas del hambre. La de una ni\u00f1a a la que a\u00fan le quedan ganas de re\u00edr cuando sus amigos le empujan en un columpio improvisado en un centro de desplazados de la UNRWA. <\/p>\n<p><img decoding=\"auto\" class=\"_re lazyload a_m-h\" height=\"277\"  width=\"414\"  src=\"https:\/\/www.europesays.com\/es\/wp-content\/uploads\/2025\/09\/TWDH3AKZORG7TM5VHB46FJPRG4.jpg\" loading=\"lazy\"\/>Una de las im\u00e1genes de la exposici\u00f3n. UNRWA gestiona la recogida de residuos para frenar la propagaci\u00f3n de enfermedades en medio del hacinamiento, el calor y la escasez de suministros m\u00e9dicos en la Franja de Gaza.UNRWA<\/p>\n<p class=\"\">Y la de esas otras ni\u00f1as que resisten, pese a formar parte de los colectivos m\u00e1s vulnerables en esta guerra, como ha recordado Mart\u00ed. \u201cIsrael ataca las \u00e1reas de salud maternoinfantil de los hospitales para que las mujeres no den a luz en condiciones. Las embarazadas est\u00e1n desnutridas y sufren partos prematuros de beb\u00e9s que nacen con bajo peso. Israel ha reducido de 400 centros gestionados por la ONU a tres, coordinados por mercenarios de EE UU, lugares a los que pueden acudir los gazat\u00edes a por comida. Y all\u00ed van varones de todas las edades. Hay que ser r\u00e1pidos, esquivar las balas, cargar con cajas que pesan unos 15 kilos y volver a sus casas a kil\u00f3metros de distancia, donde les esperan las mujeres y las ni\u00f1as. Son ellas las cuidadoras, por eso se contagian m\u00e1s con enfermedades infecciosas, las ni\u00f1as no tienen garant\u00edas sanitarias durante la menstruaci\u00f3n y son estigmatizadas. Y las mujeres a las que han asesinado a sus maridos, no pueden ir a por comida\u201d. <\/p>\n<p><img decoding=\"auto\" class=\"_re lazyload a_m-h\" height=\"277\"  width=\"414\"  src=\"https:\/\/www.europesays.com\/es\/wp-content\/uploads\/2025\/09\/TIZQ6V7BYNGFLOT4ZJ3ZFSABGI.jpg\" loading=\"lazy\"\/>En octubre de 2023, la franja de Gaza y su poblaci\u00f3n comenzaron una cruel lucha por la supervivencia.UNRWA<\/p>\n<p class=\"\">Estas im\u00e1genes se expondr\u00e1n despu\u00e9s en la fachada del Museo Nacional de Antropolog\u00eda, en Madrid. Al mismo tiempo, la fundaci\u00f3n TBA21 Thyssen-Bornemisza Art Contemporary, liderada por Francesca Thyssen, hija del bar\u00f3n, ha publicado <a href=\"https:\/\/tba21.org\/palestineiseverywhereES\" rel=\"nofollow noopener\" target=\"_blank\"><b>Palestine is everywhere<\/b><\/a>, una antolog\u00eda de relatos desde Gaza con ensayos, poemas, cartas y obras art\u00edsticas de una treintena de escritores, pensadores y poetas. Este proyecto editorial, iniciado en 2023, se complementa con una plataforma digital que re\u00fane obras visuales, sonoras y multimedia y que en 2026 se ampliar\u00e1 con nuevos trabajos de los creadores participantes.<\/p>\n","protected":false},"excerpt":{"rendered":"En el vest\u00edbulo de entrada del Museo Thyssen de Madrid, en ese espacio donde se invierte el tiempo&hellip;\n","protected":false},"author":2,"featured_media":134751,"comment_status":"","ping_status":"","sticky":false,"template":"","format":"standard","meta":{"footnotes":""},"categories":[8],"tags":[17,18,68,209,5963,25,24,1469,13,14,244,10328,6643,73,69,42841,11,74,19,20,28335,9,10,15,16,76,23,12,21,22],"class_list":{"0":"post-134750","1":"post","2":"type-post","3":"status-publish","4":"format-standard","5":"has-post-thumbnail","7":"category-espana","8":"tag-breaking-news","9":"tag-breakingnews","10":"tag-conflicto-arabe-israeli","11":"tag-cultura","12":"tag-ernest-urtasun","13":"tag-es","14":"tag-espana","15":"tag-exposiciones-temporales","16":"tag-featured-news","17":"tag-featurednews","18":"tag-fotografia","19":"tag-fotografos","20":"tag-fotoperiodismo","21":"tag-franja-gaza","22":"tag-guerra","23":"tag-guillermo-solana","24":"tag-headlines","25":"tag-israel","26":"tag-latest-news","27":"tag-latestnews","28":"tag-museo-thyssen-bornemisza","29":"tag-news","30":"tag-noticias","31":"tag-noticias-destacadas","32":"tag-noticiasdestacadas","33":"tag-palestina","34":"tag-spain","35":"tag-titulares","36":"tag-ultimas-noticias","37":"tag-ultimasnoticias"},"share_on_mastodon":{"url":"","error":""},"_links":{"self":[{"href":"https:\/\/www.europesays.com\/es\/wp-json\/wp\/v2\/posts\/134750","targetHints":{"allow":["GET"]}}],"collection":[{"href":"https:\/\/www.europesays.com\/es\/wp-json\/wp\/v2\/posts"}],"about":[{"href":"https:\/\/www.europesays.com\/es\/wp-json\/wp\/v2\/types\/post"}],"author":[{"embeddable":true,"href":"https:\/\/www.europesays.com\/es\/wp-json\/wp\/v2\/users\/2"}],"replies":[{"embeddable":true,"href":"https:\/\/www.europesays.com\/es\/wp-json\/wp\/v2\/comments?post=134750"}],"version-history":[{"count":0,"href":"https:\/\/www.europesays.com\/es\/wp-json\/wp\/v2\/posts\/134750\/revisions"}],"wp:featuredmedia":[{"embeddable":true,"href":"https:\/\/www.europesays.com\/es\/wp-json\/wp\/v2\/media\/134751"}],"wp:attachment":[{"href":"https:\/\/www.europesays.com\/es\/wp-json\/wp\/v2\/media?parent=134750"}],"wp:term":[{"taxonomy":"category","embeddable":true,"href":"https:\/\/www.europesays.com\/es\/wp-json\/wp\/v2\/categories?post=134750"},{"taxonomy":"post_tag","embeddable":true,"href":"https:\/\/www.europesays.com\/es\/wp-json\/wp\/v2\/tags?post=134750"}],"curies":[{"name":"wp","href":"https:\/\/api.w.org\/{rel}","templated":true}]}}