{"id":134758,"date":"2025-09-23T21:59:10","date_gmt":"2025-09-23T21:59:10","guid":{"rendered":"https:\/\/www.europesays.com\/es\/134758\/"},"modified":"2025-09-23T21:59:10","modified_gmt":"2025-09-23T21:59:10","slug":"el-embajador-de-aston-martin-f1-alucina-con-el-trabajo-de-adrian-newey-en-el-amr26-siempre-en-la-oficina","status":"publish","type":"post","link":"https:\/\/www.europesays.com\/es\/134758\/","title":{"rendered":"El embajador de Aston Martin F1 alucina con el trabajo de Adrian Newey en el AMR26: \u00abSiempre en la oficina&#8230;\u00bb"},"content":{"rendered":"<p data-journey-content=\"true\" data-node-id=\"3\" class=\"css-6wxqfj emevuu60\">Cuando comenz\u00f3 la normativa de 2022, el equipo Aston Martin logr\u00f3 llegar a su apogeo durante el 2023, donde Fernando Alonso consigui\u00f3 ocho podios e incluso lleg\u00f3 a pelear por la victoria en alguna ocasi\u00f3n, como fue el caso del GP de M\u00f3naco. Sin embargo, desde entonces los brit\u00e1nicos se han visto superados por equipos como Ferrari, Mercedes o McLaren, algo que se ha extendido hasta el final de la reglamentaci\u00f3n. A pesar de ello, 2026 est\u00e1 a la vuelta de la esquina, donde est\u00e1n puestas las esperanzas en Silverstone. <\/p>\n<p>Aston Martin F1 alucina con Adrian Newey<\/p>\n<p data-journey-content=\"true\" data-node-id=\"7\" class=\"css-6wxqfj emevuu60\">En los \u00faltimos meses, <strong data-node-id=\"7.1\">Aston Martin ha logrado implementar nuevas herramientas que seg\u00fan el propio Andy Cowell, ser\u00e1n claves para el futuro de la escuder\u00eda.<\/strong> Una de las m\u00e1s sonadas <a href=\"https:\/\/www.caranddriver.com\/es\/formula-1\/a66216141\/andy-cowell-mensaje-aston-martin-f1-fernando-alonso-en-2026-sonriendo\/\" target=\"_blank\" data-vars-ga-outbound-link=\"https:\/\/www.caranddriver.com\/es\/formula-1\/a66216141\/andy-cowell-mensaje-aston-martin-f1-fernando-alonso-en-2026-sonriendo\/\" data-vars-ga-ux-element=\"Hyperlink\" data-vars-ga-call-to-action=\"ha sido el nuevo t\u00fanel de viento\" data-node-id=\"7.3\" class=\"body-link css-168zq96 emevuu60\" rel=\"nofollow noopener\">ha sido el nuevo t\u00fanel de viento<\/a>, que seg\u00fan el brit\u00e1nico, ha logrado acelerar en gran medida los procesos del equipo para traer nuevas piezas a los circuitos. Otra de esas implementaciones ha sido la del simulador, que Dani Juncadella ya conoce de primera mano. <\/p>\n<p data-journey-content=\"true\" data-node-id=\"9\" class=\"css-6wxqfj emevuu60\">A todo ello hay que sumarle<strong data-node-id=\"9.1\"> el factor humano de Enrico Cardile, <a href=\"https:\/\/www.caranddriver.com\/es\/formula-1\/a66077905\/estrella-aston-martin-f1-boquiabierto-trabajo-adrian-newey-detalle\/\" target=\"_blank\" data-vars-ga-outbound-link=\"https:\/\/www.caranddriver.com\/es\/formula-1\/a66077905\/estrella-aston-martin-f1-boquiabierto-trabajo-adrian-newey-detalle\/\" data-vars-ga-ux-element=\"Hyperlink\" data-vars-ga-call-to-action=\"que se ha incorporado al equipo hace pocas semanas,\" data-node-id=\"9.1.1\" class=\"body-link css-168zq96 emevuu60\" rel=\"nofollow noopener\">que se ha incorporado al equipo hace pocas semanas,<\/a> y especialmente el de Adrian Newey<\/strong>. El exingeniero de Red Bull del que todos hablan en la f\u00e1brica de Silverstone y que, seg\u00fan el propio Fernando Alonso, ha tra\u00eddo el esp\u00edritu competitivo al equipo. Pues bien, a estos elogios se ha querido sumar el embajador de Aston Martin, Pedro de la Rosa, que ha detallado c\u00f3mo est\u00e1 siendo el trabajo del brit\u00e1nico en el AMR26.<\/p>\n<p><img draggable=\"true\" alt=\"fernando alonso y adrian newey aston martin f1\" title=\"Fernando Alonso y Adrian Newey Aston Martin F1\" loading=\"lazy\" width=\"4000\" height=\"2730\" decoding=\"async\" data-nimg=\"1\" style=\"color:transparent;width:100%;height:auto;\"   src=\"https:\/\/www.europesays.com\/es\/wp-content\/uploads\/2025\/09\/fernando-alonso-adrian-newey-68d2ce04d7df9.jpg\" class=\"css-0 e1g79fud0\"\/><a target=\"_blank\" rel=\"noopener nofollow\" data-theme-key=\"base-link\" href=\"https:\/\/pinterest.com\/pin\/create\/button\/?url=https:\/\/www.caranddriver.com\/es\/formula-1\/a68018616\/embajador-aston-martin-f1-alucina-trabajo-adrian-newey-amr26\/&amp;description=&amp;media=https:\/\/hips.hearstapps.com\/hmg-prod\/images\/fernando-alonso-adrian-newey-68d2ce04d7df9.jpg?resize=1600:*\" class=\"pinterest css-on9hn5 e1c1bym14\"><img decoding=\"async\" data-dynamic-svg=\"true\" src=\"https:\/\/www.caranddriver.com\/_assets\/design-tokens\/fre\/static\/icons\/social\/pinterest.e8cf655.svg?primary=%2523ffffff\" loading=\"lazy\" data-testid=\"dynamic-svg-base\" height=\"auto\" width=\"auto\" alt=\"pinterest\" class=\"css-4lml0h e1mlxuuw1\"\/><\/a><\/p>\n<p>Bradley Collyer &#8211; PA Images<\/p>\n<p data-journey-content=\"true\" data-node-id=\"14\" class=\"css-6wxqfj emevuu60\">\u201cNewey ha venido al equipo porque ve el potencial. Por la inversi\u00f3n, que tarda muchos a\u00f1os en materializarse en t\u00fanel de viento, CFD\u2026 el potencial est\u00e1. <strong data-node-id=\"14.1\">Pero vamos a demostrarlo en 2026 todo esto, son bonitas palabras, <\/strong>pero el movimiento se demuestra andando\u201d, dec\u00eda el embajador de Aston Martin en declaraciones para \u2018Duralavita\u2019. <\/p>\n<p data-journey-content=\"true\" data-node-id=\"16\" class=\"css-6wxqfj emevuu60\">\u201cPero lo importante es que Adrian Newey no ha venido a Aston Martin a retirarse. Es porque \u00e9l ve el potencial del equipo.<strong data-node-id=\"16.1\"> Newey est\u00e1 trabajando\u2026 24 horas al d\u00eda no, porque duerme. Pero duerme muy poco, te lo puedo garantizar<\/strong>\u201d, prosigui\u00f3.<\/p>\n<p data-journey-content=\"true\" data-node-id=\"18\" class=\"css-6wxqfj emevuu60\">\u201cY es alucinante. Cualquier d\u00eda que vas a la f\u00e1brica a cualquier hora, miras y est\u00e1 en su oficina. A cualquier hora, te puedo decir tambi\u00e9n a las 2 de la ma\u00f1ana. Alguna vez he ido a esa hora para recoger las cosas e irme. El efecto Adrian Newey no es un efecto publicitario. <strong data-node-id=\"18.1\">Es un efecto de trabajo, de inspiraci\u00f3n, y est\u00e1 estirando e inspirando a las nuevas generaciones<\/strong>\u201d, concluy\u00f3 Pedro de la Rosa.<\/p>\n<p data-journey-content=\"true\" data-node-id=\"20\" class=\"css-6wxqfj emevuu60\">Es as\u00ed como el <a href=\"https:\/\/www.caranddriver.com\/es\/formula-1\/equipos\/a35214665\/aston-martin\/\" target=\"_blank\" data-vars-ga-outbound-link=\"https:\/\/www.caranddriver.com\/es\/formula-1\/equipos\/a35214665\/aston-martin\/\" data-vars-ga-ux-element=\"Hyperlink\" data-vars-ga-call-to-action=\"embajador de Aston Martin\" data-node-id=\"20.1\" class=\"body-link css-168zq96 emevuu60\" rel=\"nofollow noopener\">embajador de Aston Martin<\/a> ha querido elogiar el trabajo de Adrian Newey en la f\u00e1brica de Silverstone.<\/p>\n<p>Contenidos relacionados<\/p>\n","protected":false},"excerpt":{"rendered":"Cuando comenz\u00f3 la normativa de 2022, el equipo Aston Martin logr\u00f3 llegar a su apogeo durante el 2023,&hellip;\n","protected":false},"author":2,"featured_media":134759,"comment_status":"","ping_status":"","sticky":false,"template":"","format":"standard","meta":{"footnotes":""},"categories":[270],"tags":[168,253,25,24,306,271,272,23,167],"class_list":{"0":"post-134758","1":"post","2":"type-post","3":"status-publish","4":"format-standard","5":"has-post-thumbnail","7":"category-formula-1","8":"tag-deportes","9":"tag-discover","10":"tag-es","11":"tag-espana","12":"tag-f1","13":"tag-formula-1","14":"tag-formula1","15":"tag-spain","16":"tag-sports"},"share_on_mastodon":{"url":"","error":""},"_links":{"self":[{"href":"https:\/\/www.europesays.com\/es\/wp-json\/wp\/v2\/posts\/134758","targetHints":{"allow":["GET"]}}],"collection":[{"href":"https:\/\/www.europesays.com\/es\/wp-json\/wp\/v2\/posts"}],"about":[{"href":"https:\/\/www.europesays.com\/es\/wp-json\/wp\/v2\/types\/post"}],"author":[{"embeddable":true,"href":"https:\/\/www.europesays.com\/es\/wp-json\/wp\/v2\/users\/2"}],"replies":[{"embeddable":true,"href":"https:\/\/www.europesays.com\/es\/wp-json\/wp\/v2\/comments?post=134758"}],"version-history":[{"count":0,"href":"https:\/\/www.europesays.com\/es\/wp-json\/wp\/v2\/posts\/134758\/revisions"}],"wp:featuredmedia":[{"embeddable":true,"href":"https:\/\/www.europesays.com\/es\/wp-json\/wp\/v2\/media\/134759"}],"wp:attachment":[{"href":"https:\/\/www.europesays.com\/es\/wp-json\/wp\/v2\/media?parent=134758"}],"wp:term":[{"taxonomy":"category","embeddable":true,"href":"https:\/\/www.europesays.com\/es\/wp-json\/wp\/v2\/categories?post=134758"},{"taxonomy":"post_tag","embeddable":true,"href":"https:\/\/www.europesays.com\/es\/wp-json\/wp\/v2\/tags?post=134758"}],"curies":[{"name":"wp","href":"https:\/\/api.w.org\/{rel}","templated":true}]}}